{"id":69136,"date":"2025-12-24T14:32:13","date_gmt":"2025-12-24T14:32:13","guid":{"rendered":"https:\/\/www.europesays.com\/lt\/69136\/"},"modified":"2025-12-24T14:32:13","modified_gmt":"2025-12-24T14:32:13","slug":"kremlius-rusija-suformuluos-pozicija-del-taikos-pasiulymu","status":"publish","type":"post","link":"https:\/\/www.europesays.com\/lt\/69136\/","title":{"rendered":"Kremlius: Rusija suformuluos pozicij\u0105 d\u0117l taikos pasi\u016blym\u0173"},"content":{"rendered":"<p>D. Peskovas atsisak\u0117 komentuoti pasi\u016blymus. Kremlius tokiais klausimais nebendraus per \u017einiasklaid\u0105, pabr\u0117\u017e\u0117 jis.<\/p>\n<p>Prie\u0161 tai Ukrainos prezidentas <a rel=\"noopener nofollow\" target=\"_blank\" href=\"https:\/\/www.delfi.lt\/temos\/volodymyras-zelenskis\" tag-id=\"80248945\">Volodymyras Zelenskis<\/a> pirm\u0105 kart\u0105 vie\u0161ai pristat\u0117 20 JAV inicijuoto taikos plano punkt\u0173.<\/p>\n<p>Plano projekte, be kita ko, numatytos saugumo garantijos Ukrainai NATO sutarties 5 straipsnio pavyzd\u017eiu bei 800 t\u016bkst. kari\u0173 ginkluotosios paj\u0117gos taikos metu.<\/p>\n<p>Pasak V. Zelenskio, naujausias planas numato karini\u0173 veiksm\u0173 \u012f\u0161aldym\u0105 ties dabartine fronto linija.<\/p>\n<p>\u201ePaj\u0117g\u0173 i\u0161sid\u0117stymo linija \u0161io susitarimo sudarymo metu de facto pripa\u017e\u012fstama kaip kontaktin\u0117 linija\u201c, \u2013 ai\u0161kino V. Zelenskis.<\/p>\n<p>Be to, planas atveria keli\u0105 demilitarizuot\u0173 zon\u0173 suk\u016brimui.<\/p>\n<p>\u201eSusitiks darbo grup\u0117, kad numatyt\u0173 konflikto u\u017ebaigimui reikaling\u0105 ginkluot\u0173j\u0173 paj\u0117g\u0173 perskirstym\u0105 ir nustatyt\u0173 galim\u0173 b\u016bsim\u0173 speciali\u0173j\u0173 ekonomini\u0173 zon\u0173 parametrus\u201c, \u2013 kalb\u0117jo V. Zelenskis.<\/p>\n<p>Jis teig\u0117 nor\u012fs dar kart\u0105 susitikti su JAV prezidentu Donaldu Trumpu ir aptarti labiausiai gin\u010dytinus punktus, pavyzd\u017eiui, teritorinius klausimus.<\/p>\n<p>Savaitgal\u012f JAV, Ukrainos ir Rusijos atstovai JAV Floridos valstijoje atskirai kalb\u0117josi apie <a rel=\"noopener nofollow\" target=\"_blank\" href=\"https:\/\/www.delfi.lt\/temos\/karas-ukrainoje\" tag-id=\"73240966\">Rusijos karo<\/a> pabaig\u0105.<\/p>\n<p>JAV prie\u0161 daugiau kaip tris savaites pateik\u0117 <a rel=\"noopener nofollow\" target=\"_blank\" href=\"https:\/\/www.delfi.lt\/temos\/taikos-planas\" tag-id=\"83391197\">plan\u0105<\/a> d\u0117l Rusijos karo Ukrainoje u\u017ebaigimo, ta\u010diau pradin\u0117 jo versija buvo labai palanki Maskvai. Spaud\u017eiant Ukrainai ir jos Europos s\u0105junginink\u0117ms, centriniai plano punktai buvo pakeisti.<\/p>\n","protected":false},"excerpt":{"rendered":"D. Peskovas atsisak\u0117 komentuoti pasi\u016blymus. Kremlius tokiais klausimais nebendraus per \u017einiasklaid\u0105, pabr\u0117\u017e\u0117 jis. Prie\u0161 tai Ukrainos prezidentas Volodymyras&hellip;\n","protected":false},"author":2,"featured_media":69137,"comment_status":"","ping_status":"","sticky":false,"template":"","format":"standard","meta":{"footnotes":""},"categories":[6],"tags":[25,30,31,1331,34,35,24,121,32,33,37,39,36,38,40,23,22,28,29,4761,26,27,120,971],"class_list":{"0":"post-69136","1":"post","2":"type-post","3":"status-publish","4":"format-standard","5":"has-post-thumbnail","7":"category-antrastes","8":"tag-antrastes","9":"tag-breaking-news","10":"tag-breakingnews","11":"tag-dmitrijus-peskovas","12":"tag-featured-news","13":"tag-featurednews","14":"tag-headlines","15":"tag-karas-ukrainoje","16":"tag-latest-news","17":"tag-latestnews","18":"tag-lietuva","19":"tag-lietuviu","20":"tag-lithuania","21":"tag-lithuanian","22":"tag-lt","23":"tag-naujienos","24":"tag-news","25":"tag-populiariausios-naujienos","26":"tag-populiariausiosnaujienos","27":"tag-taikos-planas","28":"tag-top-stories","29":"tag-topstories","30":"tag-vladimiras-putinas","31":"tag-volodymyras-zelenskis"},"share_on_mastodon":{"url":"https:\/\/pubeurope.com\/@lt\/115775035404063040","error":""},"_links":{"self":[{"href":"https:\/\/www.europesays.com\/lt\/wp-json\/wp\/v2\/posts\/69136","targetHints":{"allow":["GET"]}}],"collection":[{"href":"https:\/\/www.europesays.com\/lt\/wp-json\/wp\/v2\/posts"}],"about":[{"href":"https:\/\/www.europesays.com\/lt\/wp-json\/wp\/v2\/types\/post"}],"author":[{"embeddable":true,"href":"https:\/\/www.europesays.com\/lt\/wp-json\/wp\/v2\/users\/2"}],"replies":[{"embeddable":true,"href":"https:\/\/www.europesays.com\/lt\/wp-json\/wp\/v2\/comments?post=69136"}],"version-history":[{"count":0,"href":"https:\/\/www.europesays.com\/lt\/wp-json\/wp\/v2\/posts\/69136\/revisions"}],"wp:featuredmedia":[{"embeddable":true,"href":"https:\/\/www.europesays.com\/lt\/wp-json\/wp\/v2\/media\/69137"}],"wp:attachment":[{"href":"https:\/\/www.europesays.com\/lt\/wp-json\/wp\/v2\/media?parent=69136"}],"wp:term":[{"taxonomy":"category","embeddable":true,"href":"https:\/\/www.europesays.com\/lt\/wp-json\/wp\/v2\/categories?post=69136"},{"taxonomy":"post_tag","embeddable":true,"href":"https:\/\/www.europesays.com\/lt\/wp-json\/wp\/v2\/tags?post=69136"}],"curies":[{"name":"wp","href":"https:\/\/api.w.org\/{rel}","templated":true}]}}