{"id":69196,"date":"2025-12-24T16:42:37","date_gmt":"2025-12-24T16:42:37","guid":{"rendered":"https:\/\/www.europesays.com\/lt\/69196\/"},"modified":"2025-12-24T16:42:37","modified_gmt":"2025-12-24T16:42:37","slug":"paskelbtas-nuosprendis-paminklo-ramanauskui-vanagui-niekintojams","status":"publish","type":"post","link":"https:\/\/www.europesays.com\/lt\/69196\/","title":{"rendered":"Paskelbtas nuosprendis paminklo Ramanauskui-Vanagui niekintojams"},"content":{"rendered":"<p>Da\u017eais paminkl\u0105 apliej\u0119s Nikolajus Silinas kal\u0117s trejus metus, Antonui Patrakovui skirta\u00a0subendrinta\u00a04 met\u0173 laisv\u0117s at\u0117mimo bausm\u0117, o Konstantinas Venkovas kal\u0117s pustre\u010di\u0173 met\u0173.\u00a0Vyrai pripa\u017einti kaltais vykd\u0119 Rusijos speciali\u0173j\u0173 tarnyb\u0173 u\u017eduotis ir pad\u0117j\u0119 kitai valstybei veikti prie\u0161 Lietuv\u0105, taip pat nuteisti u\u017e turto sunaikinim\u0105 ar sugadinim\u0105, kapo ar kitos vie\u0161osios pagarbos vietos i\u0161niekinim\u0105.<\/p>\n<p>U\u017e pad\u0117jim\u0105 kitai valstybei veikti prie\u0161 Lietuvos Respublik\u0105 Baud\u017eiamasis kodeksas numato laisv\u0117s at\u0117mimo bausm\u0119 nuo 2 iki 7 met\u0173. U\u017e turto sunaikinim\u0105 ar sugadinim\u0105 yra numatyti vie\u0161ieji darbai, bauda, laisv\u0117s apribojimas arba laisv\u0117s at\u0117mimas iki 2 met\u0173, o u\u017e kapo ar kitos vie\u0161osios pagarbos vietos i\u0161niekinim\u0105 \u2013 vie\u0161ieji darbai, bauda, laisv\u0117s apribojimas, are\u0161tas arba laisv\u0117s at\u0117mimas iki 3 met\u0173.<\/p>\n<p>1982 metais gim\u0119s N. Silinas teisme savo kalt\u0119 pripa\u017eino ir apgailestavo d\u0117l savo poelgio.<\/p>\n<p>Eltos \u017einiomis, duodamas parodymus, vyras kalt\u0119 pripa\u017eino, ta\u010diau tikino ne\u017einoj\u0119s, kieno paminkl\u0105 niokoja, nusikalstamam poelgiui sako ry\u017e\u0119sis stokodamas pinig\u0173.<\/p>\n<p>Rugpj\u016b\u010dio prad\u017eioje surengtame pos\u0117dyje jauniausiasis i\u0161 kaltinam\u0173j\u0173 K. Venkovas \u017eurnalistams sak\u0117, kad Lietuvoje lank\u0119sis turistiniais tikslais, fiksuodamas lankytinas vietas.<\/p>\n<p>Kaip anks\u010diau skelb\u0117 prokurat\u016bra, ikiteisminio tyrimo metu nustatyta, kad min\u0117ti asmenys, veikdami organizuotoje bendrinink\u0173 grup\u0117je, vykd\u0117 Rusijos speciali\u0173j\u0173 tarnyb\u0173 u\u017eduotis, konkre\u010diai \u2013 Rusijos ginkluot\u0173j\u0173 paj\u0117g\u0173 Generalinio \u0161tabo Vyriausiosios valdybos (GRU), siekiant destabilizuoti pad\u0117t\u012f valstyb\u0117je, tai yra paveikti konstitucin\u0119 santvark\u0105, teritorin\u012f vientisum\u0105, suverenitet\u0105, gynybos ir ekonomikos galias.\u00a0<\/p>\n<p>Kaip nustatyta tyrimo metu, pradin\u0117je veiklos stadijoje buvo atliktos tam tikros \u012f\u017evalgos, veikla buvo nukreipta \u012f atmintin\u0173 viet\u0173, atmintin\u0173 paminkl\u0173 naikinim\u0105, i\u0161niekinim\u0105.<\/p>\n<p>Anot teis\u0117saugos, kaltinamiesiems u\u017e u\u017eduotis buvo si\u016blomas nuo keli\u0173 \u0161imt\u0173 iki keli\u0173 t\u016bkstan\u010di\u0173 eur\u0173 siek\u0119s atlygis, kuris atskirais atvejais buvo i\u0161mok\u0117tas.\u00a0<\/p>\n<p>Prokurat\u016bros duomenimis, \u0161ioje byloje kaltinim\u0173 sulauk\u0119 asmenys yra \u012fvykd\u0119 pana\u0161aus pob\u016bd\u017eio nusikalstamas veikas visose trijose Baltijos valstyb\u0117se.\u00a0<\/p>\n<p>Paminklas i\u0161kilo per mirties metines<\/p>\n<p>Paminklas Merkin\u0117je did\u017eiam Lietuvos partizan\u0173 vadui atidengtas minint jo \u017e\u016bties 65-\u0105sias metines 2022-\u0173j\u0173 lapkrit\u012f. \u0160is paminklas buvo sukurtas ir nulietas Merkin\u0117s kra\u0161to muziejaus iniciatyva.<\/p>\n<p>Paminklas buvo i\u0161niekintas jau du kartus. Pirm\u0105 kart\u0105 tai buvo padaryta 2023 m. gegu\u017e\u0117s 8-osios nakt\u012f. Tada jis buvo apipiltas baltais da\u017eais. T\u0105 pa\u010di\u0105 dien\u0105 i\u0161niekintas ir medinis paminklas Lazdij\u0173 rajone, Biel\u0117n\u0173 kaime \u2013 paminklas ne tik apipiltas baltais da\u017eais, ta\u010diau rastas ir \u012f skulpt\u016br\u0105 \u012fkirstas kirvis.<\/p>\n<p>2024 met\u0173 sausio 29-osios nakt\u012f, apie 4 val. 50 min., prie paminklo pri\u0117j\u0119s vyras, apliejo j\u012f raudonais da\u017eais, apa\u010dioje juodais da\u017eais i\u0161pai\u0161\u0117 svastik\u0105. Merkin\u0117s kra\u0161to muziejaus vaizdo kameros u\u017efiksavo vyr\u0105, kuris sl\u0117p\u0117 veid\u0105 po striuk\u0117s gobtuvu.<\/p>\n<p>Seimas 2018 m. priimta deklaracija pripa\u017eino partizan\u0173 vad\u0105 A. Ramanausk\u0105-Vanag\u0105 su okupacija kovojusios Lietuvos valstyb\u0117s vadovu. A. Ramanauskas-Vanagas nuo Jono \u017demai\u010dio-Vytauto \u017e\u016bties okupanto nelaisv\u0117je 1954 m. lapkri\u010dio 26 d. iki 1957 m. lapkri\u010dio 29 d. (jo paties nu\u017eudymo KGB kal\u0117jime Vilniuje) buvo auk\u0161\u010diausiasis tuo metu lik\u0119s gyvas Lietuvos valstyb\u0117s pareig\u016bnas.<\/p>\n<p>Po ilgai trukusi\u0173 mokslini\u0173 tyrim\u0173 ir paie\u0161k\u0173 A. Ramanausko-Vanago palaikai buvo rasti 2018 m. bir\u017eel\u012f\u00a0Na\u0161lai\u010di\u0173 kapin\u0117se, Vilniuje,\u00a0Antakalnio rajone.\u00a0<\/p>\n<p>Su soviet\u0173 okupacija kovojusio partizan\u0173 vado A. Ramanausko-Vanago (1918-1957) valstybini\u0173 laidotuvi\u0173 ceremonija, vyko 2018 m. spalio 5-6 d. Vilniuje.<\/p>\n","protected":false},"excerpt":{"rendered":"Da\u017eais paminkl\u0105 apliej\u0119s Nikolajus Silinas kal\u0117s trejus metus, Antonui Patrakovui skirta\u00a0subendrinta\u00a04 met\u0173 laisv\u0117s at\u0117mimo bausm\u0117, o Konstantinas Venkovas&hellip;\n","protected":false},"author":2,"featured_media":69197,"comment_status":"","ping_status":"","sticky":false,"template":"","format":"standard","meta":{"footnotes":""},"categories":[13],"tags":[15589,25,30,31,34,35,24,32,33,37,39,36,38,40,23,22,28,29,26,27],"class_list":{"0":"post-69196","1":"post","2":"type-post","3":"status-publish","4":"format-standard","5":"has-post-thumbnail","7":"category-lietuva","8":"tag-adolfas-ramanauskas-vanagas","9":"tag-antrastes","10":"tag-breaking-news","11":"tag-breakingnews","12":"tag-featured-news","13":"tag-featurednews","14":"tag-headlines","15":"tag-latest-news","16":"tag-latestnews","17":"tag-lietuva","18":"tag-lietuviu","19":"tag-lithuania","20":"tag-lithuanian","21":"tag-lt","22":"tag-naujienos","23":"tag-news","24":"tag-populiariausios-naujienos","25":"tag-populiariausiosnaujienos","26":"tag-top-stories","27":"tag-topstories"},"share_on_mastodon":{"url":"https:\/\/pubeurope.com\/@lt\/115775546530996700","error":""},"_links":{"self":[{"href":"https:\/\/www.europesays.com\/lt\/wp-json\/wp\/v2\/posts\/69196","targetHints":{"allow":["GET"]}}],"collection":[{"href":"https:\/\/www.europesays.com\/lt\/wp-json\/wp\/v2\/posts"}],"about":[{"href":"https:\/\/www.europesays.com\/lt\/wp-json\/wp\/v2\/types\/post"}],"author":[{"embeddable":true,"href":"https:\/\/www.europesays.com\/lt\/wp-json\/wp\/v2\/users\/2"}],"replies":[{"embeddable":true,"href":"https:\/\/www.europesays.com\/lt\/wp-json\/wp\/v2\/comments?post=69196"}],"version-history":[{"count":0,"href":"https:\/\/www.europesays.com\/lt\/wp-json\/wp\/v2\/posts\/69196\/revisions"}],"wp:featuredmedia":[{"embeddable":true,"href":"https:\/\/www.europesays.com\/lt\/wp-json\/wp\/v2\/media\/69197"}],"wp:attachment":[{"href":"https:\/\/www.europesays.com\/lt\/wp-json\/wp\/v2\/media?parent=69196"}],"wp:term":[{"taxonomy":"category","embeddable":true,"href":"https:\/\/www.europesays.com\/lt\/wp-json\/wp\/v2\/categories?post=69196"},{"taxonomy":"post_tag","embeddable":true,"href":"https:\/\/www.europesays.com\/lt\/wp-json\/wp\/v2\/tags?post=69196"}],"curies":[{"name":"wp","href":"https:\/\/api.w.org\/{rel}","templated":true}]}}