{"id":69594,"date":"2025-12-25T13:16:48","date_gmt":"2025-12-25T13:16:48","guid":{"rendered":"https:\/\/www.europesays.com\/lt\/69594\/"},"modified":"2025-12-25T13:16:48","modified_gmt":"2025-12-25T13:16:48","slug":"europos-it-milzine-darbuotojus-persodins-i-elektromobilius-populiariausio-gamintojo-modeliai-tapo-nepageidaujami","status":"publish","type":"post","link":"https:\/\/www.europesays.com\/lt\/69594\/","title":{"rendered":"Europos IT mil\u017ein\u0117 darbuotojus persodins \u012f elektromobilius: populiariausio gamintojo modeliai tapo nepageidaujami"},"content":{"rendered":"\n<p>\u012emon\u0117, kurios rinkos vert\u0117 yra did\u017eiausia visame \u017eemyne, o darbuotoj\u0173 skai\u010dius vir\u0161ija 112 t\u016bkstan\u010di\u0173, nuo kit\u0173 met\u0173 i\u0161 savo gara\u017e\u0173 visi\u0161kai i\u0161guis vidaus degimo variklius.<\/p>\n<p>Daugiau naujien\u0173 i\u0161 automobili\u0173 pasaulio <a href=\"https:\/\/www.tv3.lt\/rubrika\/naujienos\/automanas\/automobiliu-naujienos?page=1\" target=\"_blank\" rel=\"nofollow noopener\">galite perskaityti \u201eAutomobili\u0173 naujienos\u201c rubrikoje.<\/a><\/p>\n<p>   \u201ee-Gazas-Dugnas\u201c i\u0161bandytas \u201e<a href=\"https:\/\/www.autobilis.lt\/skelbimai\/naudoti-automobiliai\/tesla\" target=\"_blank\" class=\"phrase\" rel=\"nofollow noopener\">Tesla<\/a> Cybertruck\u201c(12 nuotr.) <a style=\"height: 63vw;\" itemprop=\"contentUrl\" data-size=\"0x0\" href=\"#gid=115427&amp;pid=1\" data-href=\"https:\/\/static4.inspektorius.lt\/usi\/800x600\/2\/ed\/41\/97\/ed4197993a248fa03d0a56bc3b4e9e75.jpg?v=4.2.7.308&amp;t=cr&amp;s=800x600&amp;m=2&amp;f=\/Uploads\/UGallery\/photos\/db\/3e\/b7\/e4\/db3eb7e4500ba035ee9829c79c86fb01.jpg\" rel=\"nofollow\" target=\"_blank\"><img decoding=\"async\" style=\"height: 63vw; object-fit: cover;\" itemprop=\"thumbnail\" class=\"newsPhoto300 landscape\" id=\"imgid-115427-2577156\" alt=\"1\" src=\"https:\/\/www.europesays.com\/lt\/wp-content\/uploads\/2025\/12\/db3eb7e4500ba035ee9829c79c86fb01.jpg\" title=\"\u201ee-Gazas-Dugnas\u201c i\u0161bandytas \u201eTesla Cybertruck\u201c (nuotr. stop kadras)\" loading=\"lazy\" \/> <\/a> <\/p>\n<p>\u201ee-Gazas-Dugnas\u201c i\u0161bandytas \u201eTesla Cybertruck\u201c (nuotr. stop kadras)<\/p>\n<p>  <a itemprop=\"contentUrl\" data-size=\"0x0\" href=\"#gid=115427&amp;pid=2\" data-href=\"https:\/\/static4.inspektorius.lt\/usi\/800x600\/2\/b2\/ed\/41\/b2ed418e3afcc442301e394689405439.jpg?v=4.2.7.308&amp;t=cr&amp;s=800x600&amp;m=2&amp;f=\/Uploads\/UGallery\/photos\/79\/53\/da\/c1\/7953dac184071e2cb3934ae7c674ce6a.jpg\" rel=\"nofollow\" target=\"_blank\"><img decoding=\"async\" itemprop=\"thumbnail\" class=\"newsPhoto300 portrait\" id=\"imgid-115427-2577155\" alt=\"2\" src=\"https:\/\/www.europesays.com\/lt\/wp-content\/uploads\/2025\/12\/7953dac184071e2cb3934ae7c674ce6a.jpg\" title=\"\u201ee-Gazas-Dugnas\u201c i\u0161bandytas \u201eTesla Cybertruck\u201c (nuotr. stop kadras)\" loading=\"lazy\" \/> <\/a> <\/p>\n<p>\u201ee-Gazas-Dugnas\u201c i\u0161bandytas \u201eTesla Cybertruck\u201c (nuotr. stop kadras)<\/p>\n<p>  <a itemprop=\"contentUrl\" data-size=\"0x0\" href=\"#gid=115427&amp;pid=3\" data-href=\"https:\/\/static4.inspektorius.lt\/usi\/800x600\/2\/22\/a8\/a9\/22a8a999fcaac4e0c1d69d5647b5c2d0.jpg?v=4.2.7.308&amp;t=cr&amp;s=800x600&amp;m=2&amp;f=\/Uploads\/UGallery\/photos\/97\/59\/3d\/12\/97593d1215400670b106ec36a97aa04d.jpg\" rel=\"nofollow\" target=\"_blank\"><img decoding=\"async\" itemprop=\"thumbnail\" class=\"newsPhoto300 portrait\" id=\"imgid-115427-2577154\" alt=\"3\" src=\"https:\/\/www.europesays.com\/lt\/wp-content\/uploads\/2025\/12\/97593d1215400670b106ec36a97aa04d.jpg\" title=\"\u201ee-Gazas-Dugnas\u201c i\u0161bandytas \u201eTesla Cybertruck\u201c (nuotr. stop kadras)\" loading=\"lazy\" \/> <\/a> <\/p>\n<p>\u201ee-Gazas-Dugnas\u201c i\u0161bandytas \u201eTesla Cybertruck\u201c (nuotr. stop kadras)<\/p>\n<p>  <a itemprop=\"contentUrl\" data-size=\"0x0\" href=\"#gid=115427&amp;pid=4\" data-href=\"https:\/\/static4.inspektorius.lt\/usi\/800x600\/2\/94\/30\/41\/94304110db406e9d61f43cada1d70d1a.jpg?v=4.2.7.308&amp;t=cr&amp;s=800x600&amp;m=2&amp;f=\/Uploads\/UGallery\/photos\/c0\/e2\/cb\/34\/c0e2cb34cbe8f8eebd71b4ca0083117e.jpg\" rel=\"nofollow\" target=\"_blank\"><img decoding=\"async\" itemprop=\"thumbnail\" class=\"newsPhoto300 portrait\" id=\"imgid-115427-2577153\" alt=\"4\" src=\"https:\/\/www.europesays.com\/lt\/wp-content\/uploads\/2025\/12\/c0e2cb34cbe8f8eebd71b4ca0083117e.jpg\" title=\"\u201ee-Gazas-Dugnas\u201c i\u0161bandytas \u201eTesla Cybertruck\u201c (nuotr. stop kadras)\" loading=\"lazy\" \/> <\/a> <\/p>\n<p>\u201ee-Gazas-Dugnas\u201c i\u0161bandytas \u201eTesla Cybertruck\u201c (nuotr. stop kadras)<\/p>\n<p>  <a itemprop=\"contentUrl\" data-size=\"0x0\" href=\"#gid=115427&amp;pid=5\" data-href=\"https:\/\/static4.inspektorius.lt\/usi\/800x600\/2\/93\/f9\/2e\/93f92ebe6b2437ffe6ec6de5594db508.jpg?v=4.2.7.308&amp;t=cr&amp;s=800x600&amp;m=2&amp;f=\/Uploads\/UGallery\/photos\/79\/46\/b5\/83\/7946b583d1db10ddaf829f56c26b28b9.jpg\" rel=\"nofollow\" target=\"_blank\"><img decoding=\"async\" itemprop=\"thumbnail\" class=\"newsPhoto300 portrait\" id=\"imgid-115427-2577152\" alt=\"5\" src=\"https:\/\/www.europesays.com\/lt\/wp-content\/uploads\/2025\/12\/7946b583d1db10ddaf829f56c26b28b9.jpg\" title=\"\u201ee-Gazas-Dugnas\u201c i\u0161bandytas \u201eTesla Cybertruck\u201c (nuotr. stop kadras)\" loading=\"lazy\" \/> <\/a> <\/p>\n<p>\u201ee-Gazas-Dugnas\u201c i\u0161bandytas \u201eTesla Cybertruck\u201c (nuotr. stop kadras)<\/p>\n<p>  <a itemprop=\"contentUrl\" data-size=\"0x0\" href=\"#gid=115427&amp;pid=6\" data-href=\"https:\/\/static4.inspektorius.lt\/usi\/800x600\/2\/51\/41\/03\/5141035745c3381d0d32b95714acbd1c.jpg?v=4.2.7.308&amp;t=cr&amp;s=800x600&amp;m=2&amp;f=\/Uploads\/UGallery\/photos\/b0\/db\/71\/6a\/b0db716a8124997555abb9b24d83a1de.jpg\" rel=\"nofollow\" target=\"_blank\"><img decoding=\"async\" itemprop=\"thumbnail\" class=\"newsPhoto300 portrait\" id=\"imgid-115427-2577151\" alt=\"6\" src=\"https:\/\/www.europesays.com\/lt\/wp-content\/uploads\/2025\/12\/b0db716a8124997555abb9b24d83a1de.jpg\" title=\"\u201ee-Gazas-Dugnas\u201c i\u0161bandytas \u201eTesla Cybertruck\u201c (nuotr. stop kadras)\" loading=\"lazy\" \/> <\/a> <\/p>\n<p>\u201ee-Gazas-Dugnas\u201c i\u0161bandytas \u201eTesla Cybertruck\u201c (nuotr. stop kadras)<\/p>\n<p>  <a itemprop=\"contentUrl\" data-size=\"0x0\" href=\"#gid=115427&amp;pid=7\" data-href=\"https:\/\/static4.inspektorius.lt\/usi\/800x600\/2\/8c\/1d\/c5\/8c1dc593a1ee968b2443b47e95caf683.jpg?v=4.2.7.308&amp;t=cr&amp;s=800x600&amp;m=2&amp;f=\/Uploads\/UGallery\/photos\/a7\/22\/03\/7d\/a722037d7aa59ee89c0c2fef86e89cd5.jpg\" rel=\"nofollow\" target=\"_blank\"><img decoding=\"async\" itemprop=\"thumbnail\" class=\"newsPhoto300 portrait\" id=\"imgid-115427-2577150\" alt=\"7\" src=\"https:\/\/www.europesays.com\/lt\/wp-content\/uploads\/2025\/12\/a722037d7aa59ee89c0c2fef86e89cd5.jpg\" title=\"\u201ee-Gazas-Dugnas\u201c i\u0161bandytas \u201eTesla Cybertruck\u201c (nuotr. stop kadras)\" loading=\"lazy\" \/> <\/a> <\/p>\n<p>\u201ee-Gazas-Dugnas\u201c i\u0161bandytas \u201eTesla Cybertruck\u201c (nuotr. stop kadras)<\/p>\n<p>  <a itemprop=\"contentUrl\" data-size=\"0x0\" href=\"#gid=115427&amp;pid=8\" data-href=\"https:\/\/static4.inspektorius.lt\/usi\/800x600\/2\/9e\/d8\/32\/9ed832c026fbfce1b1958e82f7650e89.jpg?v=4.2.7.308&amp;t=cr&amp;s=800x600&amp;m=2&amp;f=\/Uploads\/UGallery\/photos\/f1\/7b\/e6\/7a\/f17be67a4d88c33a5893bd4ad7c2abba.jpg\" rel=\"nofollow\" target=\"_blank\"><img decoding=\"async\" itemprop=\"thumbnail\" class=\"newsPhoto300 portrait\" id=\"imgid-115427-2577149\" alt=\"8\" src=\"https:\/\/www.europesays.com\/lt\/wp-content\/uploads\/2025\/12\/f17be67a4d88c33a5893bd4ad7c2abba.jpg\" title=\"\u201ee-Gazas-Dugnas\u201c i\u0161bandytas \u201eTesla Cybertruck\u201c (nuotr. stop kadras)\" loading=\"lazy\" \/> <\/a> <\/p>\n<p>\u201ee-Gazas-Dugnas\u201c i\u0161bandytas \u201eTesla Cybertruck\u201c (nuotr. stop kadras)<\/p>\n<p>  <a itemprop=\"contentUrl\" data-size=\"0x0\" href=\"#gid=115427&amp;pid=9\" data-href=\"https:\/\/static4.inspektorius.lt\/usi\/800x600\/2\/2b\/49\/2d\/2b492dd74d9a82f753191ac4320b7c8a.jpg?v=4.2.7.308&amp;t=cr&amp;s=800x600&amp;m=2&amp;f=\/Uploads\/UGallery\/photos\/e8\/57\/ce\/56\/e857ce56cd66c25e6e99787fc115afcc.jpg\" rel=\"nofollow\" target=\"_blank\"><img decoding=\"async\" itemprop=\"thumbnail\" class=\"newsPhoto300 portrait\" id=\"imgid-115427-2577148\" alt=\"9\" src=\"https:\/\/www.europesays.com\/lt\/wp-content\/uploads\/2025\/12\/e857ce56cd66c25e6e99787fc115afcc.jpg\" title=\"\u201ee-Gazas-Dugnas\u201c i\u0161bandytas \u201eTesla Cybertruck\u201c (nuotr. stop kadras)\" loading=\"lazy\" \/> <\/a> <\/p>\n<p>\u201ee-Gazas-Dugnas\u201c i\u0161bandytas \u201eTesla Cybertruck\u201c (nuotr. stop kadras)<\/p>\n<p>  <a itemprop=\"contentUrl\" data-size=\"0x0\" href=\"#gid=115427&amp;pid=10\" data-href=\"https:\/\/static4.inspektorius.lt\/usi\/800x600\/2\/8e\/6e\/11\/8e6e11af1f295a0832834072025de060.jpg?v=4.2.7.308&amp;t=cr&amp;s=800x600&amp;m=2&amp;f=\/Uploads\/UGallery\/photos\/bc\/76\/51\/53\/bc76515353122c3a8632f7f303a2c887.jpg\" rel=\"nofollow\" target=\"_blank\"><img decoding=\"async\" itemprop=\"thumbnail\" class=\"newsPhoto300 portrait\" id=\"imgid-115427-2577147\" alt=\"10\" src=\"https:\/\/www.europesays.com\/lt\/wp-content\/uploads\/2025\/12\/bc76515353122c3a8632f7f303a2c887.jpg\" title=\"\u201ee-Gazas-Dugnas\u201c i\u0161bandytas \u201eTesla Cybertruck\u201c (nuotr. stop kadras)\" loading=\"lazy\" \/> <\/a> <\/p>\n<p>\u201ee-Gazas-Dugnas\u201c i\u0161bandytas \u201eTesla Cybertruck\u201c (nuotr. stop kadras)<\/p>\n<p>  <a itemprop=\"contentUrl\" data-size=\"0x0\" href=\"#gid=115427&amp;pid=11\" data-href=\"https:\/\/static4.inspektorius.lt\/usi\/800x600\/2\/62\/1a\/1b\/621a1b4eefed3097e527e25248c51e1f.jpg?v=4.2.7.308&amp;t=cr&amp;s=800x600&amp;m=2&amp;f=\/Uploads\/UGallery\/photos\/67\/74\/95\/d1\/677495d1a8f7513db5731615edb094e5.jpg\" rel=\"nofollow\" target=\"_blank\"><img decoding=\"async\" itemprop=\"thumbnail\" class=\"newsPhoto300 portrait\" id=\"imgid-115427-2577146\" alt=\"11\" src=\"https:\/\/www.europesays.com\/lt\/wp-content\/uploads\/2025\/12\/677495d1a8f7513db5731615edb094e5.jpg\" title=\"\u201ee-Gazas-Dugnas\u201c i\u0161bandytas \u201eTesla Cybertruck\u201c (nuotr. stop kadras)\" loading=\"lazy\" \/> <\/a> <\/p>\n<p>\u201ee-Gazas-Dugnas\u201c i\u0161bandytas \u201eTesla Cybertruck\u201c (nuotr. stop kadras)<\/p>\n<p>  <a itemprop=\"contentUrl\" data-size=\"0x0\" href=\"#gid=115427&amp;pid=12\" data-href=\"https:\/\/static4.inspektorius.lt\/usi\/800x600\/2\/c6\/12\/80\/c61280d18908e29b3841321210f4b30a.jpg?v=4.2.7.308&amp;t=cr&amp;s=800x600&amp;m=2&amp;f=\/Uploads\/UGallery\/photos\/d4\/bc\/bb\/31\/d4bcbb315dd63f65428c001a15b2efa8.jpg\" rel=\"nofollow\" target=\"_blank\"><img decoding=\"async\" itemprop=\"thumbnail\" class=\"newsPhoto300 portrait\" id=\"imgid-115427-2577145\" alt=\"12\" src=\"https:\/\/www.europesays.com\/lt\/wp-content\/uploads\/2025\/12\/d4bcbb315dd63f65428c001a15b2efa8.jpg\" title=\"\u201ee-Gazas-Dugnas\u201c i\u0161bandytas \u201eTesla Cybertruck\u201c (nuotr. stop kadras)\" loading=\"lazy\" \/> <\/a> <\/p>\n<p>\u201ee-Gazas-Dugnas\u201c i\u0161bandytas \u201eTesla Cybertruck\u201c (nuotr. stop kadras)<\/p>\n<p>Tai rei\u0161kia, kad norint tur\u0117ti tarnybin\u012f automobil\u012f, nuo 2026-\u0173j\u0173 vienintelis leistinas pasirinkimas bus grynas <a href=\"https:\/\/www.tv3.lt\/gaires\/elektromobilis\" target=\"_blank\" rel=\"nofollow noopener\">elektromobilis<\/a>. Tiesa, su viena itin netik\u0117ta i\u0161imtimi \u2013 \u201eTesla\u201c \u012fmon\u0117s parke tapo nepageidaujami.<\/p>\n<p>\u0160is sprendimas suk\u0117l\u0117 nemenk\u0105 nuostab\u0105, mat jis prie\u0161tarauja pastar\u0173j\u0173 met\u0173 tendencijoms automobili\u0173 nuomos sektoriuje.<\/p>\n<p>Kol tokios mil\u017ein\u0117s kaip \u201eSixt\u201c ar \u201eHertz\u201c masi\u0161kai atsikrato elektromobili\u0173 d\u0117l prastos likutin\u0117s vert\u0117s, brangaus remonto ir auk\u0161t\u0173 pradini\u0173 kain\u0173, SAP plaukia prie\u0161 srov\u0119.<\/p>\n<p>Kritikai pastebi, kad \u012fmon\u0117s sprendim\u0105, regis, diktuoja ne ekonominis racionalumas, o ideologinis u\u017esispyrimas. SAP automobili\u0173 parko vadovas, kalb\u0117damas su \u201eFocus\u201c leidinio \u017eurnalistais teig\u0117, kad\u00a0elektromobili\u0173 eksploatacija, \u012fskaitant visus ka\u0161tus, yra tiesiog pigesn\u0117.\u00a0<\/p>\n<p>Reporta\u017eas apie naudot\u0105 \u201eTesla Model 3\u201c<\/p>\n<p>(12 nuotr.) <a style=\"height: 63vw;\" itemprop=\"contentUrl\" data-size=\"0x0\" href=\"#gid=114512&amp;pid=1\" data-href=\"https:\/\/static4.inspektorius.lt\/usi\/800x600\/2\/46\/d5\/bb\/46d5bb5a8d0a5be4fb404ac12ffd61a3.jpg?v=4.2.7.308&amp;t=cr&amp;s=800x600&amp;m=2&amp;f=\/Uploads\/UGallery\/photos\/b2\/58\/05\/05\/b258050525f93c213603dea5b842c607.jpg\" rel=\"nofollow\" target=\"_blank\"><img decoding=\"async\" style=\"height: 63vw; object-fit: cover;\" itemprop=\"thumbnail\" class=\"newsPhoto300 landscape\" id=\"imgid-114512-2551408\" alt=\"1\" src=\"https:\/\/www.europesays.com\/lt\/wp-content\/uploads\/2025\/12\/b258050525f93c213603dea5b842c607.jpg\" title=\"Naudota \u201eTesla Model 3\u201c (nuotr. stop kadras)\" loading=\"lazy\" \/> <\/a> <\/p>\n<p>Naudota \u201eTesla Model 3\u201c (nuotr. stop kadras)<\/p>\n<p>  <a itemprop=\"contentUrl\" data-size=\"0x0\" href=\"#gid=114512&amp;pid=2\" data-href=\"https:\/\/static4.inspektorius.lt\/usi\/800x600\/2\/e1\/5d\/e8\/e15de86a491edaa0bcb27ebad3ab085a.jpg?v=4.2.7.308&amp;t=cr&amp;s=800x600&amp;m=2&amp;f=\/Uploads\/UGallery\/photos\/98\/97\/30\/af\/989730af6ebfe4493f50660df5810a7d.jpg\" rel=\"nofollow\" target=\"_blank\"><img decoding=\"async\" itemprop=\"thumbnail\" class=\"newsPhoto300 portrait\" id=\"imgid-114512-2551409\" alt=\"2\" src=\"https:\/\/www.europesays.com\/lt\/wp-content\/uploads\/2025\/12\/989730af6ebfe4493f50660df5810a7d.jpg\" title=\"Naudota \u201eTesla Model 3\u201c (nuotr. stop kadras)\" loading=\"lazy\" \/> <\/a> <\/p>\n<p>Naudota \u201eTesla Model 3\u201c (nuotr. stop kadras)<\/p>\n<p>  <a itemprop=\"contentUrl\" data-size=\"0x0\" href=\"#gid=114512&amp;pid=3\" data-href=\"https:\/\/static4.inspektorius.lt\/usi\/800x600\/2\/d4\/83\/2d\/d4832dabae8b718d62bf6150e3f88ce5.jpg?v=4.2.7.308&amp;t=cr&amp;s=800x600&amp;m=2&amp;f=\/Uploads\/UGallery\/photos\/4b\/0a\/ea\/af\/4b0aeaafd3135f0c1e669b2b9ec82212.jpg\" rel=\"nofollow\" target=\"_blank\"><img decoding=\"async\" itemprop=\"thumbnail\" class=\"newsPhoto300 portrait\" id=\"imgid-114512-2551410\" alt=\"3\" src=\"https:\/\/www.europesays.com\/lt\/wp-content\/uploads\/2025\/12\/4b0aeaafd3135f0c1e669b2b9ec82212.jpg\" title=\"Naudota \u201eTesla Model 3\u201c (nuotr. stop kadras)\" loading=\"lazy\" \/> <\/a> <\/p>\n<p>Naudota \u201eTesla Model 3\u201c (nuotr. stop kadras)<\/p>\n<p>  <a itemprop=\"contentUrl\" data-size=\"0x0\" href=\"#gid=114512&amp;pid=4\" data-href=\"https:\/\/static4.inspektorius.lt\/usi\/800x600\/2\/7d\/88\/91\/7d8891d743f54e15a57046195e819ad5.jpg?v=4.2.7.308&amp;t=cr&amp;s=800x600&amp;m=2&amp;f=\/Uploads\/UGallery\/photos\/03\/c0\/10\/6b\/03c0106b03bd03a6240380f89d64ac65.jpg\" rel=\"nofollow\" target=\"_blank\"><img decoding=\"async\" itemprop=\"thumbnail\" class=\"newsPhoto300 portrait\" id=\"imgid-114512-2551411\" alt=\"4\" src=\"https:\/\/www.europesays.com\/lt\/wp-content\/uploads\/2025\/12\/03c0106b03bd03a6240380f89d64ac65.jpg\" title=\"Naudota \u201eTesla Model 3\u201c (nuotr. stop kadras)\" loading=\"lazy\" \/> <\/a> <\/p>\n<p>Naudota \u201eTesla Model 3\u201c (nuotr. stop kadras)<\/p>\n<p>  <a itemprop=\"contentUrl\" data-size=\"0x0\" href=\"#gid=114512&amp;pid=5\" data-href=\"https:\/\/static4.inspektorius.lt\/usi\/800x600\/2\/e8\/df\/28\/e8df28abd71425dd53c36237a310924c.jpg?v=4.2.7.308&amp;t=cr&amp;s=800x600&amp;m=2&amp;f=\/Uploads\/UGallery\/photos\/7b\/f1\/f7\/03\/7bf1f7039d00fe06032d929e90c8dd97.jpg\" rel=\"nofollow\" target=\"_blank\"><img decoding=\"async\" itemprop=\"thumbnail\" class=\"newsPhoto300 portrait\" id=\"imgid-114512-2551412\" alt=\"5\" src=\"https:\/\/www.europesays.com\/lt\/wp-content\/uploads\/2025\/12\/7bf1f7039d00fe06032d929e90c8dd97.jpg\" title=\"Naudota \u201eTesla Model 3\u201c (nuotr. stop kadras)\" loading=\"lazy\" \/> <\/a> <\/p>\n<p>Naudota \u201eTesla Model 3\u201c (nuotr. stop kadras)<\/p>\n<p>  <a itemprop=\"contentUrl\" data-size=\"0x0\" href=\"#gid=114512&amp;pid=6\" data-href=\"https:\/\/static4.inspektorius.lt\/usi\/800x600\/2\/c0\/df\/9e\/c0df9e5de8edc224f051293d662e5072.jpg?v=4.2.7.308&amp;t=cr&amp;s=800x600&amp;m=2&amp;f=\/Uploads\/UGallery\/photos\/8d\/31\/5e\/57\/8d315e57e59a986c424481562c4fd3ec.jpg\" rel=\"nofollow\" target=\"_blank\"><img decoding=\"async\" itemprop=\"thumbnail\" class=\"newsPhoto300 portrait\" id=\"imgid-114512-2551413\" alt=\"6\" src=\"https:\/\/www.europesays.com\/lt\/wp-content\/uploads\/2025\/12\/8d315e57e59a986c424481562c4fd3ec.jpg\" title=\"Naudota \u201eTesla Model 3\u201c (nuotr. stop kadras)\" loading=\"lazy\" \/> <\/a> <\/p>\n<p>Naudota \u201eTesla Model 3\u201c (nuotr. stop kadras)<\/p>\n<p>  <a itemprop=\"contentUrl\" data-size=\"0x0\" href=\"#gid=114512&amp;pid=7\" data-href=\"https:\/\/static4.inspektorius.lt\/usi\/800x600\/2\/f5\/8d\/ef\/f58def4c41a5e55fa250e98ce5c38ad4.jpg?v=4.2.7.308&amp;t=cr&amp;s=800x600&amp;m=2&amp;f=\/Uploads\/UGallery\/photos\/b4\/50\/b1\/20\/b450b120544e9e134e0c42f6ce365609.jpg\" rel=\"nofollow\" target=\"_blank\"><img decoding=\"async\" itemprop=\"thumbnail\" class=\"newsPhoto300 portrait\" id=\"imgid-114512-2551414\" alt=\"7\" src=\"https:\/\/www.europesays.com\/lt\/wp-content\/uploads\/2025\/12\/b450b120544e9e134e0c42f6ce365609.jpg\" title=\"Naudota \u201eTesla Model 3\u201c (nuotr. stop kadras)\" loading=\"lazy\" \/> <\/a> <\/p>\n<p>Naudota \u201eTesla Model 3\u201c (nuotr. stop kadras)<\/p>\n<p>  <a itemprop=\"contentUrl\" data-size=\"0x0\" href=\"#gid=114512&amp;pid=8\" data-href=\"https:\/\/static4.inspektorius.lt\/usi\/800x600\/2\/89\/2a\/2f\/892a2fa7265a2f47e9bfadd276db23d8.jpg?v=4.2.7.308&amp;t=cr&amp;s=800x600&amp;m=2&amp;f=\/Uploads\/UGallery\/photos\/53\/99\/2f\/0b\/53992f0bac9a7ba6b5a55a1e97933aaf.jpg\" rel=\"nofollow\" target=\"_blank\"><img decoding=\"async\" itemprop=\"thumbnail\" class=\"newsPhoto300 portrait\" id=\"imgid-114512-2551415\" alt=\"8\" src=\"https:\/\/www.europesays.com\/lt\/wp-content\/uploads\/2025\/12\/53992f0bac9a7ba6b5a55a1e97933aaf.jpg\" title=\"Naudota \u201eTesla Model 3\u201c (nuotr. stop kadras)\" loading=\"lazy\" \/> <\/a> <\/p>\n<p>Naudota \u201eTesla Model 3\u201c (nuotr. stop kadras)<\/p>\n<p>  <a itemprop=\"contentUrl\" data-size=\"0x0\" href=\"#gid=114512&amp;pid=9\" data-href=\"https:\/\/static4.inspektorius.lt\/usi\/800x600\/2\/fb\/7c\/2f\/fb7c2f2ebe7eb97f6243046356a6bd36.jpg?v=4.2.7.308&amp;t=cr&amp;s=800x600&amp;m=2&amp;f=\/Uploads\/UGallery\/photos\/a2\/2b\/e5\/d3\/a22be5d3eb84403f524a8593c3355327.jpg\" rel=\"nofollow\" target=\"_blank\"><img decoding=\"async\" itemprop=\"thumbnail\" class=\"newsPhoto300 portrait\" id=\"imgid-114512-2551416\" alt=\"9\" src=\"https:\/\/www.europesays.com\/lt\/wp-content\/uploads\/2025\/12\/a22be5d3eb84403f524a8593c3355327.jpg\" title=\"Naudota \u201eTesla Model 3\u201c (nuotr. stop kadras)\" loading=\"lazy\" \/> <\/a> <\/p>\n<p>Naudota \u201eTesla Model 3\u201c (nuotr. stop kadras)<\/p>\n<p>  <a itemprop=\"contentUrl\" data-size=\"0x0\" href=\"#gid=114512&amp;pid=10\" data-href=\"https:\/\/static4.inspektorius.lt\/usi\/800x600\/2\/db\/7f\/6e\/db7f6ed79a02bfb3f8722fba1b3db658.jpg?v=4.2.7.308&amp;t=cr&amp;s=800x600&amp;m=2&amp;f=\/Uploads\/UGallery\/photos\/7c\/42\/77\/9b\/7c42779b6de4ab53f076f2e322ca6e2c.jpg\" rel=\"nofollow\" target=\"_blank\"><img decoding=\"async\" itemprop=\"thumbnail\" class=\"newsPhoto300 portrait\" id=\"imgid-114512-2551417\" alt=\"10\" src=\"https:\/\/www.europesays.com\/lt\/wp-content\/uploads\/2025\/12\/7c42779b6de4ab53f076f2e322ca6e2c.jpg\" title=\"Naudota \u201eTesla Model 3\u201c (nuotr. stop kadras)\" loading=\"lazy\" \/> <\/a> <\/p>\n<p>Naudota \u201eTesla Model 3\u201c (nuotr. stop kadras)<\/p>\n<p>  <a itemprop=\"contentUrl\" data-size=\"0x0\" href=\"#gid=114512&amp;pid=11\" data-href=\"https:\/\/static4.inspektorius.lt\/usi\/800x600\/2\/9b\/f8\/49\/9bf849d693af1a7e99c046a0fe354ae9.jpg?v=4.2.7.308&amp;t=cr&amp;s=800x600&amp;m=2&amp;f=\/Uploads\/UGallery\/photos\/50\/ae\/50\/a2\/50ae50a268d1d6c7b568760793e54a5b.jpg\" rel=\"nofollow\" target=\"_blank\"><img decoding=\"async\" itemprop=\"thumbnail\" class=\"newsPhoto300 portrait\" id=\"imgid-114512-2551418\" alt=\"11\" src=\"https:\/\/www.europesays.com\/lt\/wp-content\/uploads\/2025\/12\/50ae50a268d1d6c7b568760793e54a5b.jpg\" title=\"Naudota \u201eTesla Model 3\u201c (nuotr. stop kadras)\" loading=\"lazy\" \/> <\/a> <\/p>\n<p>Naudota \u201eTesla Model 3\u201c (nuotr. stop kadras)<\/p>\n<p>  <a itemprop=\"contentUrl\" data-size=\"0x0\" href=\"#gid=114512&amp;pid=12\" data-href=\"https:\/\/static4.inspektorius.lt\/usi\/800x600\/2\/b3\/26\/5e\/b3265eb5cf1d8236c4e716378fb55f41.jpg?v=4.2.7.308&amp;t=cr&amp;s=800x600&amp;m=2&amp;f=\/Uploads\/UGallery\/photos\/0c\/2b\/75\/76\/0c2b7576428bc704cd9663579f19b463.jpg\" rel=\"nofollow\" target=\"_blank\"><img decoding=\"async\" itemprop=\"thumbnail\" class=\"newsPhoto300 portrait\" id=\"imgid-114512-2551419\" alt=\"12\" src=\"https:\/\/www.europesays.com\/lt\/wp-content\/uploads\/2025\/12\/0c2b7576428bc704cd9663579f19b463.jpg\" title=\"Naudota \u201eTesla Model 3\u201c (nuotr. stop kadras)\" loading=\"lazy\" \/> <\/a> <\/p>\n<p>Naudota \u201eTesla Model 3\u201c (nuotr. stop kadras)<\/p>\n<p>Dar daugiau klausim\u0173 kelia specifinis draudimas rinktis \u201eTesla\u201c mark\u0117s automobilius. Nors SAP atstovai sako, kad tai n\u0117ra politinis sprendimas, oficialus motyvas skamba ne\u012ftikinamai.<\/p>\n<p>Teigiama, kad kompanija n\u0117ra patenkinta \u201eTesla\u201c automobili\u0173 likutine verte ir bendra kokybe, ta\u010diau rinkos analitikams tai kelia \u0161ypsen\u0105, nes b\u016btent \u201eTesla Model 3\u201c ir \u201eModel Y\u201c da\u017eniausiai i\u0161laiko savo vert\u0119 geriau nei daugelis konkurent\u0173 elektrini\u0173 modeli\u0173.\u00a0<\/p>\n<p>Nors jau dabar daugiau nei pus\u0119 (55 proc.) parko sudaro elektromobiliai, SAP neplanuoja masi\u0161kai pl\u0117sti \u012fkrovimo infrastrukt\u016bros, argumentuodama, kad darbuotojai biure b\u016bna retai, o kasdienis krovimas n\u0117ra b\u016btinas.<\/p>\n<p>Ta\u010diau nuolat kelyje esantiems ir klientus lankantiems specialistams \u0161i prievol\u0117 gali virsti sud\u0117tingu logistiniu i\u0161\u0161\u016bkiu.\u00a0<\/p>\n<p>\n                                        \u0160altinis:<br \/>\n                                                                                    tv3.lt\n                                                                                <\/p>\n<p>Patiko straipsnis? <a href=\"https:\/\/www.tv3.lt\/prenumeruoti\" rel=\"nofollow noopener\" target=\"_blank\">U\u017esiprenumeruokite m\u016bs\u0173 naujienlai\u0161k\u012f ir gaukite svarbiausias dienos naujienas bei \u012fdomiausius straipsnius kiekvien\u0105 darbo dien\u0105 11 val. Tiesiai \u012f J\u016bs\u0173 el. pa\u0161t\u0105!<\/a><\/p>\n","protected":false},"excerpt":{"rendered":"\u012emon\u0117, kurios rinkos vert\u0117 yra did\u017eiausia visame \u017eemyne, o darbuotoj\u0173 skai\u010dius vir\u0161ija 112 t\u016bkstan\u010di\u0173, nuo kit\u0173 met\u0173 i\u0161&hellip;\n","protected":false},"author":2,"featured_media":69595,"comment_status":"","ping_status":"","sticky":false,"template":"","format":"standard","meta":{"footnotes":""},"categories":[17],"tags":[15665,81,57,43,55,48,54,51,49,50,37,39,36,38,40,45,23,44,53,42,56,47,41,46,58,52],"class_list":{"0":"post-69594","1":"post","2":"type-post","3":"status-publish","4":"format-standard","5":"has-post-thumbnail","7":"category-verslas","8":"tag-2025-12-25-150000","9":"tag-business","10":"tag-daiktai","11":"tag-dienos-kronika","12":"tag-gatves-tekstai","13":"tag-gyvenimas","14":"tag-interneto-pievos","15":"tag-keliones","16":"tag-kultura","17":"tag-laisvalaikis","18":"tag-lietuva","19":"tag-lietuviu","20":"tag-lithuania","21":"tag-lithuanian","22":"tag-lt","23":"tag-mokslas-ir-it","24":"tag-naujienos","25":"tag-pasaulis","26":"tag-projektai","27":"tag-rinktiniai-tekstai","28":"tag-simtmecio-portalas","29":"tag-sportas","30":"tag-tv3-lt","31":"tag-verslas","32":"tag-video","33":"tag-zaidimai"},"share_on_mastodon":{"url":"https:\/\/pubeurope.com\/@lt\/115780403091467622","error":""},"_links":{"self":[{"href":"https:\/\/www.europesays.com\/lt\/wp-json\/wp\/v2\/posts\/69594","targetHints":{"allow":["GET"]}}],"collection":[{"href":"https:\/\/www.europesays.com\/lt\/wp-json\/wp\/v2\/posts"}],"about":[{"href":"https:\/\/www.europesays.com\/lt\/wp-json\/wp\/v2\/types\/post"}],"author":[{"embeddable":true,"href":"https:\/\/www.europesays.com\/lt\/wp-json\/wp\/v2\/users\/2"}],"replies":[{"embeddable":true,"href":"https:\/\/www.europesays.com\/lt\/wp-json\/wp\/v2\/comments?post=69594"}],"version-history":[{"count":0,"href":"https:\/\/www.europesays.com\/lt\/wp-json\/wp\/v2\/posts\/69594\/revisions"}],"wp:featuredmedia":[{"embeddable":true,"href":"https:\/\/www.europesays.com\/lt\/wp-json\/wp\/v2\/media\/69595"}],"wp:attachment":[{"href":"https:\/\/www.europesays.com\/lt\/wp-json\/wp\/v2\/media?parent=69594"}],"wp:term":[{"taxonomy":"category","embeddable":true,"href":"https:\/\/www.europesays.com\/lt\/wp-json\/wp\/v2\/categories?post=69594"},{"taxonomy":"post_tag","embeddable":true,"href":"https:\/\/www.europesays.com\/lt\/wp-json\/wp\/v2\/tags?post=69594"}],"curies":[{"name":"wp","href":"https:\/\/api.w.org\/{rel}","templated":true}]}}