{"id":69983,"date":"2025-12-26T09:17:10","date_gmt":"2025-12-26T09:17:10","guid":{"rendered":"https:\/\/www.europesays.com\/lt\/69983\/"},"modified":"2025-12-26T09:17:10","modified_gmt":"2025-12-26T09:17:10","slug":"salcininku-rajone-i-medi-trenkesi-automobilis","status":"publish","type":"post","link":"https:\/\/www.europesays.com\/lt\/69983\/","title":{"rendered":"\u0160al\u010dinink\u0173 rajone \u012f med\u012f trenk\u0117si automobilis"},"content":{"rendered":"<p>Kaip prane\u0161\u0117 policija, eismo nelaim\u0117 \u012fvyko apie 1.11 val. Kalesnink\u0173 seni\u016bnijoje, Geismant\u0173 kaime.<\/p>\n<p>Automobilis \u201e<a rel=\"noopener nofollow\" target=\"_blank\" href=\"https:\/\/www.delfi.lt\/temos\/volvo-1\" tag-id=\"54589275\">Volvo<\/a> V70\u201c, vairuojamas vyro (gim. 2006 m.), nuva\u017eiavo nuo kelio ir atsitrenk\u0117 \u012f med\u012f. <\/p>\n<p>Eismo \u012fvykio metu nukent\u0117jo automobilio vairuotojas ir keleiv\u0117 (gim. 2006 m.). Jie d\u0117l su\u017ealojim\u0173 paguldyti \u012f ligonin\u0119.  <\/p>\n<p>Nepilnamet\u0117 keleiv\u0117 (gim. 2008 m.), po ligonin\u0117je suteiktos medik\u0173 pagalbos gydoma ambulatori\u0161kai. <\/p>\n<p>Prad\u0117tas ikiteisminis tyrimas d\u0117l avarijos. <\/p>\n","protected":false},"excerpt":{"rendered":"Kaip prane\u0161\u0117 policija, eismo nelaim\u0117 \u012fvyko apie 1.11 val. Kalesnink\u0173 seni\u016bnijoje, Geismant\u0173 kaime. Automobilis \u201eVolvo V70\u201c, vairuojamas vyro&hellip;\n","protected":false},"author":2,"featured_media":69984,"comment_status":"","ping_status":"","sticky":false,"template":"","format":"standard","meta":{"footnotes":"","_share_on_mastodon":"0"},"categories":[13],"tags":[1492,25,155,30,31,34,35,24,32,33,37,39,36,38,40,23,22,28,29,4267,15740,26,27],"class_list":["post-69983","post","type-post","status-publish","format-standard","has-post-thumbnail","category-lietuva","tag-volvo","tag-antrastes","tag-avarija","tag-breaking-news","tag-breakingnews","tag-featured-news","tag-featurednews","tag-headlines","tag-latest-news","tag-latestnews","tag-lietuva","tag-lietuviu","tag-lithuania","tag-lithuanian","tag-lt","tag-naujienos","tag-news","tag-populiariausios-naujienos","tag-populiariausiosnaujienos","tag-salcininku-rajonas","tag-suzeisti","tag-top-stories","tag-topstories"],"share_on_mastodon":{"url":"https:\/\/pubeurope.com\/@lt\/115785121338081009","error":""},"_links":{"self":[{"href":"https:\/\/www.europesays.com\/lt\/wp-json\/wp\/v2\/posts\/69983","targetHints":{"allow":["GET"]}}],"collection":[{"href":"https:\/\/www.europesays.com\/lt\/wp-json\/wp\/v2\/posts"}],"about":[{"href":"https:\/\/www.europesays.com\/lt\/wp-json\/wp\/v2\/types\/post"}],"author":[{"embeddable":true,"href":"https:\/\/www.europesays.com\/lt\/wp-json\/wp\/v2\/users\/2"}],"replies":[{"embeddable":true,"href":"https:\/\/www.europesays.com\/lt\/wp-json\/wp\/v2\/comments?post=69983"}],"version-history":[{"count":0,"href":"https:\/\/www.europesays.com\/lt\/wp-json\/wp\/v2\/posts\/69983\/revisions"}],"wp:featuredmedia":[{"embeddable":true,"href":"https:\/\/www.europesays.com\/lt\/wp-json\/wp\/v2\/media\/69984"}],"wp:attachment":[{"href":"https:\/\/www.europesays.com\/lt\/wp-json\/wp\/v2\/media?parent=69983"}],"wp:term":[{"taxonomy":"category","embeddable":true,"href":"https:\/\/www.europesays.com\/lt\/wp-json\/wp\/v2\/categories?post=69983"},{"taxonomy":"post_tag","embeddable":true,"href":"https:\/\/www.europesays.com\/lt\/wp-json\/wp\/v2\/tags?post=69983"}],"curies":[{"name":"wp","href":"https:\/\/api.w.org\/{rel}","templated":true}]}}