{"id":70032,"date":"2025-12-26T10:52:29","date_gmt":"2025-12-26T10:52:29","guid":{"rendered":"https:\/\/www.europesays.com\/lt\/70032\/"},"modified":"2025-12-26T10:52:29","modified_gmt":"2025-12-26T10:52:29","slug":"visiskai-uzdraude-kaledas-sokiruojantis-istorinis-ivykis-kuri-sukrete-visa-pasauli","status":"publish","type":"post","link":"https:\/\/www.europesays.com\/lt\/70032\/","title":{"rendered":"Visi\u0161kai u\u017edraud\u0117 Kal\u0117das: \u0161okiruojantis istorinis \u012fvykis, kuri sukr\u0117t\u0117 vis\u0105 pasaul\u012f"},"content":{"rendered":"<p>\u0160iandien Kal\u0117dos daugeliui asocijuojasi su jaukumu, dovanomis, \u0161eimos susib\u016brimais ir d\u017eiaugsmu. Ta\u010diau ne visi \u017eino, kad XVII am\u017eiuje \u0161i \u0161vent\u0117 kai kur buvo ne tik nepageidaujama, bet ir\u2026 neteis\u0117ta.<\/p>\n<p>Taigi, kuri \u0161alis 1644 metais u\u017edraud\u0117 Kal\u0117das?<\/p>\n<p>Kal\u0117d\u0173 draudimas pirmiausia buvo \u012fvestas Anglijoje, kur vald\u017ei\u0105 tuo metu tur\u0117jo puriton\u0173 ir protestant\u0173 dominuojamas parlamentas. Jie laik\u0117 Kal\u0117das pagoni\u0161ka \u0161vente, neatitinkan\u010dia \u201etikrojo\u201c krik\u0161\u010dioni\u0161ko pamaldumo, ir skelb\u0117, kad vietoje linksmybi\u0173 \u017emon\u0117s privalo susilaikyti, atgailauti ir net pasninkauti.<\/p>\n<p>\u0160i grie\u017eta tvarka netrukus persik\u0117l\u0117 ir anapus Atlanto \u2013 \u012f Nauj\u0105j\u0105 Anglij\u0105 (dabartines JAV teritorijas), ypa\u010d \u012f Boston\u0105 ir jo apylinkes.<\/p>\n<p>Kaip ir kod\u0117l Kal\u0117dos buvo u\u017edraustos Anglijoje?<img loading=\"lazy\" decoding=\"async\" style=\"aspect-ratio:632\/446;\" src=\"https:\/\/bilis.lt\/assets\/nuotraukos\/_tekstuose\/1002358\/christmas-lights.avif?transformId=330131\" width=\"632\" height=\"446\" alt=\"\"\/><\/p>\n<p>XVI\u2013XVII am\u017eiais Anglijos parlament\u0105 vis labiau kontroliavo puritonai ir protestanti\u0161kos krypties krik\u0161\u010dionys. Puritonai siek\u0117 \u201eapvalyti\u201c ba\u017eny\u010di\u0105 ir visuomen\u0119 nuo visko, kas, j\u0173 manymu, buvo pernelyg pasaulieti\u0161ka, triuk\u0161minga ar kil\u0119 i\u0161 pagoni\u0161k\u0173 tradicij\u0173.<\/p>\n<p>J\u0173 akimis, bet kokios linksmyb\u0117s, vai\u0161\u0117s, \u0161okiai ar triuk\u0161mingos \u0161vent\u0117s buvo nuod\u0117mingos. Tod\u0117l \u0161vent\u0117s, kuri\u0173 \u0161aknys ar papro\u010diai tur\u0117jo ry\u0161\u012f su senaisiais pagoni\u0161kais ritualais \u2013 o tarp j\u0173 ir Kal\u0117dos \u2013 buvo paskelbtos nepriimtinomis.<\/p>\n<p>Kal\u0117dos buvo ne tik u\u017edraustos \u2013 joms buvo suteiktas prie\u0161ingas, ni\u016brus pob\u016bdis. \u0160ventin\u0117 diena tur\u0117jo tapti paprasta darbo diena: \u017emon\u0117s buvo skatinami dirbti, vaikai \u2013 lankyti mokykl\u0105, o vietoj vai\u0161i\u0173 ir linksm\u0173 susib\u016brim\u0173 raginta pasninkauti ir atgailauti u\u017e met\u0173 nuod\u0117mes.<\/p>\n<p>Nat\u016bralu, kad toks \u201ene\u0161ventinis\u201c po\u017ei\u016bris suk\u0117l\u0117 daug nepasitenkinimo ir protest\u0173 visoje Anglijoje. Daliai visuomen\u0117s Kal\u0117dos buvo svarbi tradicija, ir draudimas jas \u0161v\u0119sti atrod\u0117 kaip tiesioginis k\u0117sinimasis \u012f j\u0173 gyvenimo b\u016bd\u0105.<\/p>\n<p>Puritonai prie\u0161 Kal\u0117das<img loading=\"lazy\" decoding=\"async\" style=\"aspect-ratio:632\/421;\" src=\"https:\/\/bilis.lt\/assets\/nuotraukos\/_tekstuose\/414693\/person-wrapping-christmas-present.avif\" width=\"632\" height=\"421\" alt=\"\"\/><\/p>\n<p>Iki Oliverio Kromvelio i\u0161kilimo Anglijos ir platesn\u0117s Jungtin\u0117s Karalyst\u0117s gyvenimas daugiausia buvo reguliuojamas Anglikon\u0173 ba\u017eny\u010dios ir Romos katalik\u0173 tradicij\u0173 pagrindu. \u0160vent\u0117s, \u012fskaitant Kal\u0117das, buvo \u012fprasta ir priimtina met\u0173 ciklo dalis.<\/p>\n<p>Ta\u010diau Oliveriui Kromveliui tapus viena svarbiausi\u0173 fig\u016br\u0173 parlamente, priimtas teis\u0117s aktas, kuriuo puriton\u0173 religin\u0117s nuostatos buvo fakti\u0161kai primestos visai \u0161aliai.<\/p>\n<p>Puritonai ne tik u\u017edraud\u0117 Kal\u0117das, bet ir prad\u0117jo baud\u017eiam\u0105j\u012f persekiojim\u0105. Asmenys, u\u017eklupti \u0161ven\u010diant Kal\u0117das \u2013 susirink\u0119 vai\u0161\u0117ms, dainuojantys giesmes, puo\u0161iantys namus \u2013 gal\u0117jo b\u016bti sulaikyti ar nubausti.<\/p>\n<p>Kal\u0117d\u0173 eglut\u0117, \u017ealumyn\u0173 puo\u0161menos ir kiti papuo\u0161imai buvo laikomi pagoni\u0161k\u0173 apeig\u0173 dalimi, tod\u0117l buvo grie\u017etai draud\u017eiami. Net tradicinis \u0161ventinis maistas \u2013 kalakutiena, pyragai\u010diai su d\u017eiovintais vaisiais, pudingai ir kiti valgiai \u2013 buvo smerkiami kaip netinkami ir \u201enuod\u0117mingi\u201c.<\/p>\n<p>Kada tiksliai Kal\u0117dos buvo u\u017edraustos Anglijoje?<img loading=\"lazy\" decoding=\"async\" style=\"aspect-ratio:632\/414;\" src=\"https:\/\/bilis.lt\/assets\/nuotraukos\/_tekstuose\/345576\/presents-christmas-tree-happy-new-year-merry-christmas-celebration-concept.avif\" width=\"632\" height=\"414\" alt=\"\"\/><\/p>\n<p>1644 metais puriton\u0173 valdoma Anglijos vyriausyb\u0117 oficialiai u\u017edraud\u0117 vis\u0105 Kal\u0117d\u0173 \u0161ventimo form\u0105. Tai ap\u0117m\u0117:<\/p>\n<ul>\n<li>\u0161okius ir \u017eaidimus,<\/li>\n<li>teatrinius vaidinimus ir pasilinksminimus,<\/li>\n<li>kal\u0117dines giesmes ir dainas,<\/li>\n<li>vai\u0161es, g\u0117rimus ir kitus \u0161ventinius susib\u016brimus.<\/li>\n<\/ul>\n<p>Puritonai Naujojoje Anglijoje (dabartini\u0173 JAV \u0161iaur\u0117s ryt\u0173 pakrant\u0117se) netrukus pasek\u0117 Anglijos pavyzd\u017eiu. Bostone ir Plimute Kal\u0117d\u0173 \u0161ventimas taip pat buvo ribojamas ir v\u0117liau \u2013 draud\u017eiamas.<\/p>\n<p>Anglijoje oficialus Kal\u0117d\u0173 draudimas baig\u0117si 1660 metais, kai \u012f sost\u0105 gr\u012f\u017eo karalius Karolis II ir monarchija buvo atkurta. Kartu palaipsniui sugr\u012f\u017eo ir daugelis sen\u0173j\u0173 tradicij\u0173, tarp j\u0173 \u2013 ir Kal\u0117dos.<\/p>\n<p>Ta\u010diau Naujojoje Anglijoje puriton\u0173 \u012ftaka i\u0161liko daug ilgiau. Kal\u0117dos ten ir toliau buvo laikomos pavojinga arba nereikalinga \u0161vente, o oficialiai draud\u017eiamu dalyku jos i\u0161liko iki XIX am\u017eiaus vidurio. Tik 1856 metais \u0161vent\u0117 pama\u017eu prad\u0117jo \u012fsitvirtinti kaip teis\u0117ta ir pripa\u017einta, o kai kurios mokyklos gruod\u017eio 25-\u0105j\u0105 dar dirbo net ir po 1870-\u0173j\u0173.<\/p>\n<p>Galima sakyti, kad tai buvo gana tylus \u0161imtmetis Kal\u0117d\u0173 Seneliui ir jo pad\u0117j\u0117jams.<\/p>\n<p>Kas i\u0161 tikr\u0173j\u0173 u\u017edraud\u0117 Kal\u0117das 1644 metais?<img loading=\"lazy\" decoding=\"async\" style=\"aspect-ratio:632\/421;\" src=\"https:\/\/bilis.lt\/assets\/nuotraukos\/_tekstuose\/534280\/woman-with-presents-front-christmas-tree.avif\" width=\"632\" height=\"421\" alt=\"\"\/><\/p>\n<p>Neretai manoma, kad Kal\u0117das asmeni\u0161kai ir tiesiogiai u\u017edraud\u0117 Oliveris Kromvelis. Tiesa, jis buvo viena svarbiausi\u0173 puriton\u0173 vald\u017eios fig\u016br\u0173 ir be jo \u0161is draudimas tikriausiai neb\u016bt\u0173 taip lengvai \u012fvestas. Ta\u010diau formaliai sprendim\u0105 pri\u0117m\u0117 parlamentas.<\/p>\n<p>Tiksliau b\u016bt\u0173 sakyti, kad puriton\u0173 pasaul\u0117\u017ei\u016bra ir j\u0173 stiprus atmetimas Kal\u0117d\u0173 tradicijoms padar\u0117 tok\u012f spaudim\u0105, jog parlamentas buvo priverstas priimti \u0161ioms nuostatoms palankius \u012fstatymus.<\/p>\n<p>Vald\u017eia \u012f Kal\u0117das \u0117m\u0117 \u017ei\u016br\u0117ti kaip \u012f nusikalstam\u0105 veik\u0105. Kariai Londone gaudavo nurodymus konfiskuoti maist\u0105 ir g\u0117rimus i\u0161 \u0161eim\u0173, kurios vis d\u0117lto ry\u017edavosi ruo\u0161ti \u0161ventin\u0119 vakarien\u0119 ir taip \u201enepaklusti\u201c draudimui.<\/p>\n<p>1644 metais Kal\u0117dos i\u0161ties buvo at\u0161auktos<\/p>\n<p>Taigi, atsakymas \u012f klausim\u0105 \u201ekuri \u0161alis 1644 metais u\u017edraud\u0117 Kal\u0117das?\u201c \u2013 tai buvo Anglija, kurioje puriton\u0173 ir protestant\u0173 valdoma vyriausyb\u0117 pavert\u0117 vien\u0105 d\u017eiaugsmingiausi\u0173 met\u0173 dien\u0173 nusikaltimu.<\/p>\n<p>\u0160iandien galime d\u017eiaugtis, kad u\u017e Kal\u0117d\u0173 eglut\u0119, \u0161ventin\u012f stal\u0105 ar giesmes mums negresia jokios bausm\u0117s, o policijai nekyla mintis konfiskuoti kalakut\u0105 vien tod\u0117l, kad jo kvapas sklinda \u012f gatv\u0119.<\/p>\n<p>Vis d\u0117lto istorija primena, kad net ir pla\u010diai paplitusios, savaime suprantamos tradicijos gali b\u016bti trapios, jeigu vald\u017eioje atsiduria radikal\u016bs po\u017ei\u016briai. Tad Kal\u0117d\u0173 laiku verta ne tik d\u017eiaugtis, bet ir prisiminti, kaip ypatinga yra galimyb\u0117 \u0161v\u0119sti laisvai.<\/p>\n","protected":false},"excerpt":{"rendered":"\u0160iandien Kal\u0117dos daugeliui asocijuojasi su jaukumu, dovanomis, \u0161eimos susib\u016brimais ir d\u017eiaugsmu. Ta\u010diau ne visi \u017eino, kad XVII am\u017eiuje&hellip;\n","protected":false},"author":2,"featured_media":70033,"comment_status":"","ping_status":"","sticky":false,"template":"","format":"standard","meta":{"footnotes":"","_share_on_mastodon":"0"},"categories":[15],"tags":[25,30,31,34,35,24,278,15752,14672,398,32,33,37,39,36,38,40,23,22,5153,44,28,29,15751,2333,26,27,15073,588,540,74,75,76],"class_list":["post-70032","post","type-post","status-publish","format-standard","has-post-thumbnail","category-pasaulis","tag-antrastes","tag-breaking-news","tag-breakingnews","tag-featured-news","tag-featurednews","tag-headlines","tag-istorinis","tag-ivykis","tag-kaledas","tag-kuri","tag-latest-news","tag-latestnews","tag-lietuva","tag-lietuviu","tag-lithuania","tag-lithuanian","tag-lt","tag-naujienos","tag-news","tag-pasauli","tag-pasaulis","tag-populiariausios-naujienos","tag-populiariausiosnaujienos","tag-sokiruojantis","tag-sukrete","tag-top-stories","tag-topstories","tag-uzdraude","tag-visa","tag-visiskai","tag-world","tag-world-news","tag-worldnews"],"share_on_mastodon":{"url":"https:\/\/pubeurope.com\/@lt\/115785495262656669","error":""},"_links":{"self":[{"href":"https:\/\/www.europesays.com\/lt\/wp-json\/wp\/v2\/posts\/70032","targetHints":{"allow":["GET"]}}],"collection":[{"href":"https:\/\/www.europesays.com\/lt\/wp-json\/wp\/v2\/posts"}],"about":[{"href":"https:\/\/www.europesays.com\/lt\/wp-json\/wp\/v2\/types\/post"}],"author":[{"embeddable":true,"href":"https:\/\/www.europesays.com\/lt\/wp-json\/wp\/v2\/users\/2"}],"replies":[{"embeddable":true,"href":"https:\/\/www.europesays.com\/lt\/wp-json\/wp\/v2\/comments?post=70032"}],"version-history":[{"count":0,"href":"https:\/\/www.europesays.com\/lt\/wp-json\/wp\/v2\/posts\/70032\/revisions"}],"wp:featuredmedia":[{"embeddable":true,"href":"https:\/\/www.europesays.com\/lt\/wp-json\/wp\/v2\/media\/70033"}],"wp:attachment":[{"href":"https:\/\/www.europesays.com\/lt\/wp-json\/wp\/v2\/media?parent=70032"}],"wp:term":[{"taxonomy":"category","embeddable":true,"href":"https:\/\/www.europesays.com\/lt\/wp-json\/wp\/v2\/categories?post=70032"},{"taxonomy":"post_tag","embeddable":true,"href":"https:\/\/www.europesays.com\/lt\/wp-json\/wp\/v2\/tags?post=70032"}],"curies":[{"name":"wp","href":"https:\/\/api.w.org\/{rel}","templated":true}]}}