{"id":70061,"date":"2025-12-26T11:40:11","date_gmt":"2025-12-26T11:40:11","guid":{"rendered":"https:\/\/www.europesays.com\/lt\/70061\/"},"modified":"2025-12-26T11:40:11","modified_gmt":"2025-12-26T11:40:11","slug":"andrijus-jermakas-ir-toliau-dirba-respublika-lt","status":"publish","type":"post","link":"https:\/\/www.europesays.com\/lt\/70061\/","title":{"rendered":"Andrijus Jermakas ir toliau dirba &#8211; Respublika.lt"},"content":{"rendered":"<p><img loading=\"lazy\" decoding=\"async\" src=\"https:\/\/www.respublika.lt\/lt\/naujienos\/pasaulis\/pasaulio_politika\/andrijus-jermakas-ir-toliau-dirba\/images\/ico_camera_white.gif\" class=\"camera\" width=\"22\" height=\"15\" alt=\"nuotr.\" style=\"position:relative; top:-2px; right:2px;\"\/> 1 nuotr.<\/p>\n<p>\u012e korupcijos skandal\u0105 \u012fsipainioj\u0119s buv\u0119s Ukrainos prezidento Volodymyro Zelenskio biuro vadovas Andrijus Jermakas ir toliau reguliariai lankosi pas \u0161alies vadov\u0105. EPA-Eltos nuotr.<\/p>\n<p style=\"text-align: justify;\" class=\"desktop_banner\">\u00a0<\/p>\n<p>Nepaisant to, jis kiekvien\u0105 vakar\u0105 bendrauja su valstyb\u0117s vadovu jo rezidencijoje. Apie tai, remdamasis \u0161altiniais, prane\u0161\u0117 Ukrainos savaitra\u0161tis \u201eZerkalo nedeli&#8221;.<\/p>\n<p>Ukrainos realijos<\/p>\n<p>\u201eA.Jermakas niekur nedingo. Jis tiesiog nebes\u0117di biure ir nebekoordinuoja proces\u0173 24 val. per par\u0105, 7 d. per savait\u0119. Bet jis nuolat kalbasi telefonu, o vakarais lankosi prezidento namuose Kon\u010da-Zaspa rajone Kijevo pietuose. V.Zelenskis ir A.Jermakas i\u0161siskirs tik vienu atveju &#8211; jeigu sieks susitarti su tardytojais ir liudyti vienas prie\u0161 kit\u0105. Arba jie yra kartu, arba taip&#8221;, &#8211; straipsnyje teig\u0117 leidinio vidaus politikos skyriaus redaktor\u0117 Ina Vedernikova.<\/p>\n<p>Pasak jos, Ukrainos prezident\u0105 ir buvus\u012f jo biuro vadov\u0105 vis dar vienija turima informacija, pastar\u0173j\u0173 met\u0173 i\u0161gyvenimai, bendri dideli pinigai ir, svarbiausia &#8211; bendra stipri baim\u0117 d\u0117l ateities.<\/p>\n<p>Naujo vadovo paie\u0161kos<\/p>\n<p>Po A.Jermako atsistatydinimo Ukrainos prezidentas \u012fvardijo kandidatus \u012f biuro vadovo post\u0105. Tarp j\u0173 buvo Ukrainos gynybos ministras Denysas \u0160myhalis, Skaitmenin\u0117s pl\u0117tros ministerijos vadovas Mychailo Fedorovas, Vyriausiojo \u017evalgybos direktorato vadovas Kyrylo Budanovas, biuro vadovo pavaduotojas Pavlo Palisa ir u\u017esienio reikal\u0173 ministro pavaduotojas Serhijus Kyslytsya.<\/p>\n<p>Dabar, pasak I.Vedernikovos, kai kurie kandidatai i\u0161 s\u0105ra\u0161o dingo, o V.Zelenskis siekia i\u0161saugoti vald\u017eios sistem\u0105, kuri\u0105 jam k\u016br\u0117 A.Jermakas.<\/p>\n<p>\u201e\u0160tai kod\u0117l V.Zelenskio pasirinkimas grei\u010diausiai bus susij\u0119s su tolesne prezidento biuro vadovo vaidmens erozija&#8221;, &#8211; sakoma straipsnyje.<\/p>\n<p>Pasak \u017eurnalist\u0117s \u0161altini\u0173, V.Zelenskis yra pasireng\u0119s biur\u0105 valdyti tiesiogiai, apribodamas j\u012f technini\u0173 funkcij\u0173 atlikimu ir perskirstydamas analitin\u012f blok\u0105 tarp esam\u0173 strukt\u016br\u0173, \u012fskaitant Nacionalinio saugumo ir gynybos tarybos aparat\u0105.<\/p>\n<p>A.Jermako \u017emon\u0117s dirba toliau<\/p>\n<p>I.Vedernikovos teigimu, V.Zelenskis gal\u0117jo, bet nenor\u0117jo pa\u0161alinti i\u0161 vald\u017eios sistemos A.Jermako ir \u0161iuo metu Izraelyje esan\u010dio Tim\u016bro Mindi\u010diaus, ilgame\u010dio bendra\u017eygio ir studijos \u201eKvartal 95&#8243; bendrasavininko, i\u0161vykusio i\u0161 Ukrainos likus kelioms valandoms iki krat\u0173 jo namuose, \u017emoni\u0173.<\/p>\n<p>\u201ePrezidento pauz\u0119 l\u0117m\u0117 ir naujosios-senosios aplinkos atsargumas. Nepaisant to, kad \u201eSluga naroda&#8221; frakcijos vadovas Davidas Arahamija, ministr\u0117 pirminink\u0117 Julija Svyrydenko, pirmasis ministro pirmininko pavaduotojas Mychailo Fedorovas, Vyriausiojo \u017evalgybos direktorato vadovas K.Budanovas ir kiti prad\u0117jo pastebimai da\u017eniau lankytis pas V.Zelensk\u012f, nereik\u0117t\u0173 skub\u0117ti nura\u0161yti A.Jermako&#8221;, &#8211; pabr\u0117\u017eiama straipsnyje.<\/p>\n<p>I.Vedernikova atkreipia d\u0117mes\u012f \u012f tai, kad keli, su A.Jermaku susij\u0119 regionini\u0173 administracij\u0173 vadovai, ir toliau i\u0161laiko savo postus. Prie kit\u0173 buvusio prezidento biuro vadovo prote\u017e\u0117 \u017eurnalist\u0117 priskiria ministro pirmininko pavaduotoj\u0105 Oleksij\u0173 Kuleb\u0105 ir Finansin\u0117s steb\u0117senos vadov\u0105 Filip\u0105 Pronin\u0105.<\/p>\n","protected":false},"excerpt":{"rendered":"1 nuotr. \u012e korupcijos skandal\u0105 \u012fsipainioj\u0119s buv\u0119s Ukrainos prezidento Volodymyro Zelenskio biuro vadovas Andrijus Jermakas ir toliau reguliariai&hellip;\n","protected":false},"author":2,"featured_media":70062,"comment_status":"","ping_status":"","sticky":false,"template":"","format":"standard","meta":{"footnotes":""},"categories":[15],"tags":[25,30,31,293,11751,34,35,24,12564,2717,15755,32,33,37,39,36,38,40,23,22,44,28,29,15756,3838,26,27,360,15754,74,75,76,363],"class_list":{"0":"post-70061","1":"post","2":"type-post","3":"status-publish","4":"format-standard","5":"has-post-thumbnail","7":"category-pasaulis","8":"tag-antrastes","9":"tag-breaking-news","10":"tag-breakingnews","11":"tag-dirbti","12":"tag-energoatom","13":"tag-featured-news","14":"tag-featurednews","15":"tag-headlines","16":"tag-jermakas","17":"tag-korupcija","18":"tag-kuleba","19":"tag-latest-news","20":"tag-latestnews","21":"tag-lietuva","22":"tag-lietuviu","23":"tag-lithuania","24":"tag-lithuanian","25":"tag-lt","26":"tag-naujienos","27":"tag-news","28":"tag-pasaulis","29":"tag-populiariausios-naujienos","30":"tag-populiariausiosnaujienos","31":"tag-proninas","32":"tag-skandalas","33":"tag-top-stories","34":"tag-topstories","35":"tag-ukraina","36":"tag-vedernikova","37":"tag-world","38":"tag-world-news","39":"tag-worldnews","40":"tag-zelenskis"},"share_on_mastodon":{"url":"https:\/\/pubeurope.com\/@lt\/115785683769793323","error":""},"_links":{"self":[{"href":"https:\/\/www.europesays.com\/lt\/wp-json\/wp\/v2\/posts\/70061","targetHints":{"allow":["GET"]}}],"collection":[{"href":"https:\/\/www.europesays.com\/lt\/wp-json\/wp\/v2\/posts"}],"about":[{"href":"https:\/\/www.europesays.com\/lt\/wp-json\/wp\/v2\/types\/post"}],"author":[{"embeddable":true,"href":"https:\/\/www.europesays.com\/lt\/wp-json\/wp\/v2\/users\/2"}],"replies":[{"embeddable":true,"href":"https:\/\/www.europesays.com\/lt\/wp-json\/wp\/v2\/comments?post=70061"}],"version-history":[{"count":0,"href":"https:\/\/www.europesays.com\/lt\/wp-json\/wp\/v2\/posts\/70061\/revisions"}],"wp:featuredmedia":[{"embeddable":true,"href":"https:\/\/www.europesays.com\/lt\/wp-json\/wp\/v2\/media\/70062"}],"wp:attachment":[{"href":"https:\/\/www.europesays.com\/lt\/wp-json\/wp\/v2\/media?parent=70061"}],"wp:term":[{"taxonomy":"category","embeddable":true,"href":"https:\/\/www.europesays.com\/lt\/wp-json\/wp\/v2\/categories?post=70061"},{"taxonomy":"post_tag","embeddable":true,"href":"https:\/\/www.europesays.com\/lt\/wp-json\/wp\/v2\/tags?post=70061"}],"curies":[{"name":"wp","href":"https:\/\/api.w.org\/{rel}","templated":true}]}}