{"id":70493,"date":"2025-12-27T08:06:10","date_gmt":"2025-12-27T08:06:10","guid":{"rendered":"https:\/\/www.europesays.com\/lt\/70493\/"},"modified":"2025-12-27T08:06:10","modified_gmt":"2025-12-27T08:06:10","slug":"pagausejo-kauno-zalgirio-krepsininko-maodo-lo-seima","status":"publish","type":"post","link":"https:\/\/www.europesays.com\/lt\/70493\/","title":{"rendered":"Pagaus\u0117jo Kauno \u201e\u017dalgirio\u201c krep\u0161ininko Maodo Lo \u0161eima"},"content":{"rendered":"<p>D\u017eiugia \u017einia apie Maodo Lo \u0161eimos pagaus\u0117jim\u0105 pasidalinta Kauno \u201e\u017dalgirio\u201c socialiniuose tinkluose.<\/p>\n<p>\u201eSveika atvykusi \u012f pasaul\u012f, ma\u017eyle Cleo! <\/p>\n<p>Did\u017eiuliai sveikinimai Maodo Lo ir Eileeni\u201c, \u2013 ra\u0161oma trumpoje \u017einut\u0117je \u0161alia nuotraukos, kurioje Maodo Lo \u012fam\u017eintas rungtyni\u0173 metu.<\/p>\n<p>Primename, kad Maodo Lo \u2013 profesionalus krep\u0161ininkas i\u0161 Vokietijos. 191 cm \u016bgio gyn\u0117jas savo karjer\u0105 prad\u0117jo i\u0161kart praverdamas Eurolygos duris, kai 2016-aisiais prisijung\u0117 prie Bambergo \u201eBrose\u201c. <\/p>\n<p>Po dviej\u0173 sezon\u0173 M. Lo persik\u0117l\u0117 \u012f Miuncheno \u201eBayern\u201c, kur praleid\u0119s trejus metus papild\u0117 kit\u0105 Vokietijos grand\u0105 \u2013 Berlyno ALBA. Po vieno s\u0117kmingo sezono gimtojo Berlyno ekipoje krep\u0161ininkas prad\u0117jo legionieriaus keli\u0105 ir pasira\u0161\u0117 sutart\u012f su Milano \u201eOlimpia\u201c. <\/p>\n<p>2024-aisiais gyn\u0117jas pak\u0117l\u0117 sparnus \u012f Eurolygos debiutant\u0173 \u201eParis Basketball\u201c gretas. Po etapo meil\u0117s mieste 2025-\u0173j\u0173 liepos 22 dien\u0105 M. Lo oficialiai pad\u0117jo para\u0161us ant kontrakto su Kauno \u201e\u017dalgiriu\u201c.<\/p>\n","protected":false},"excerpt":{"rendered":"D\u017eiugia \u017einia apie Maodo Lo \u0161eimos pagaus\u0117jim\u0105 pasidalinta Kauno \u201e\u017dalgirio\u201c socialiniuose tinkluose. \u201eSveika atvykusi \u012f pasaul\u012f, ma\u017eyle Cleo!&hellip;\n","protected":false},"author":2,"featured_media":70494,"comment_status":"","ping_status":"","sticky":false,"template":"","format":"standard","meta":{"footnotes":""},"categories":[19],"tags":[37,39,36,38,40,47,104,3006],"class_list":{"0":"post-70493","1":"post","2":"type-post","3":"status-publish","4":"format-standard","5":"has-post-thumbnail","7":"category-sportas","8":"tag-lietuva","9":"tag-lietuviu","10":"tag-lithuania","11":"tag-lithuanian","12":"tag-lt","13":"tag-sportas","14":"tag-sports","15":"tag-zalgiris"},"share_on_mastodon":{"url":"https:\/\/pubeurope.com\/@lt\/115790504483915596","error":""},"_links":{"self":[{"href":"https:\/\/www.europesays.com\/lt\/wp-json\/wp\/v2\/posts\/70493","targetHints":{"allow":["GET"]}}],"collection":[{"href":"https:\/\/www.europesays.com\/lt\/wp-json\/wp\/v2\/posts"}],"about":[{"href":"https:\/\/www.europesays.com\/lt\/wp-json\/wp\/v2\/types\/post"}],"author":[{"embeddable":true,"href":"https:\/\/www.europesays.com\/lt\/wp-json\/wp\/v2\/users\/2"}],"replies":[{"embeddable":true,"href":"https:\/\/www.europesays.com\/lt\/wp-json\/wp\/v2\/comments?post=70493"}],"version-history":[{"count":0,"href":"https:\/\/www.europesays.com\/lt\/wp-json\/wp\/v2\/posts\/70493\/revisions"}],"wp:featuredmedia":[{"embeddable":true,"href":"https:\/\/www.europesays.com\/lt\/wp-json\/wp\/v2\/media\/70494"}],"wp:attachment":[{"href":"https:\/\/www.europesays.com\/lt\/wp-json\/wp\/v2\/media?parent=70493"}],"wp:term":[{"taxonomy":"category","embeddable":true,"href":"https:\/\/www.europesays.com\/lt\/wp-json\/wp\/v2\/categories?post=70493"},{"taxonomy":"post_tag","embeddable":true,"href":"https:\/\/www.europesays.com\/lt\/wp-json\/wp\/v2\/tags?post=70493"}],"curies":[{"name":"wp","href":"https:\/\/api.w.org\/{rel}","templated":true}]}}