{"id":70564,"date":"2025-12-27T09:44:12","date_gmt":"2025-12-27T09:44:12","guid":{"rendered":"https:\/\/www.europesays.com\/lt\/70564\/"},"modified":"2025-12-27T09:44:12","modified_gmt":"2025-12-27T09:44:12","slug":"lietuva-oficialiai-pasitrauke-is-otavos-konvencijos-2","status":"publish","type":"post","link":"https:\/\/www.europesays.com\/lt\/70564\/","title":{"rendered":"Lietuva oficialiai pasitrauk\u0117 i\u0161 Otavos konvencijos"},"content":{"rendered":"\n<p>Gruod\u017eio 27-\u0105j\u0105 dien\u0105 pra\u0117jo lygiai \u0161e\u0161i m\u0117nesiai nuo tos dienos, kai Lietuva oficialiai informavo <a href=\"https:\/\/www.tv3.lt\/gaires\/jungtines-tautos\" target=\"_blank\" class=\"phrase\" rel=\"nofollow noopener\">Jungtini\u0173 Taut\u0173<\/a> generalin\u012f sekretori\u0173 apie pasitraukim\u0105 i\u0161 Otavos konvencijos.<\/p>\n<p>Kra\u0161to apsaugos ministerija (KAM) anks\u010diau BNS informavo, kad \u012fsigaliojus pasitraukimui, Lietuva prad\u0117s pokalbius d\u0117l galimybi\u0173 \u012fsigyti ar pasigaminti prie\u0161p\u0117stini\u0173 min\u0173.<\/p>\n<p>Liepos prad\u017eioje naujien\u0173 agent\u016bra \u201eReuters\u201c skelb\u0117, kad Lietuva ir Suomija planuoja kit\u0105met prad\u0117ti prie\u0161p\u0117stini\u0173 min\u0173 gamyb\u0105 savo ir <a href=\"https:\/\/www.tv3.lt\/gaires\/ukraina\" target=\"_blank\" class=\"phrase\" rel=\"nofollow noopener\">Ukrainos<\/a> reikm\u0117ms.<\/p>\n<p>Kra\u0161to apsaugos viceministras Karolis Aleksa tuomet \u201eReuters\u201c teig\u0117, kad ketinama i\u0161leisti \u201e\u0161imtus milijon\u0173 eur\u0173\u201c ne tik prie\u0161tankin\u0117ms, bet ir prie\u0161p\u0117stin\u0117ms minoms, pastar\u0173j\u0173 planuojama u\u017esakyti de\u0161imtimis t\u016bkstan\u010di\u0173 ar net daugiau.<\/p>\n<p>Dauguma <a href=\"https:\/\/www.tv3.lt\/rubrika\/naujienos\/uzsienis\/europa\" target=\"_blank\" class=\"phrase\" rel=\"nofollow noopener\">Europos<\/a> S\u0105jungos \u0161ali\u0173 yra Otavos konvencijos nar\u0117s, o <a href=\"https:\/\/www.tv3.lt\/rubrika\/naujienos\/uzsienis\/kinija\" target=\"_blank\" class=\"phrase\" rel=\"nofollow noopener\">Kinija<\/a>, <a href=\"https:\/\/www.tv3.lt\/rubrika\/naujienos\/uzsienis\/rusija\" target=\"_blank\" class=\"phrase\" rel=\"nofollow noopener\">Rusija<\/a>, Jungtin\u0117s Valstijos, Indija ir Pakistanas n\u0117ra prie jos prisijungusios.<\/p>\n<p>Kov\u0105 <a href=\"https:\/\/www.tv3.lt\/rubrika\/naujienos\/lietuva\" target=\"_blank\" class=\"phrase\" rel=\"nofollow noopener\">Lietuvos<\/a>, Latvijos, Estijos ir <a href=\"https:\/\/www.tv3.lt\/gaires\/lenkija\" target=\"_blank\" class=\"phrase\" rel=\"nofollow noopener\">Lenkijos<\/a> gynybos ministrai bendrame parei\u0161kime paragino savo \u0161alis i\u0161 sutarties pasitraukti, v\u0117liau prie j\u0173 prisijung\u0117 ir Suomija.<\/p>\n<p>Gegu\u017e\u0119 Seimas pritar\u0117 Lietuvos pasitraukimui i\u0161 Otavos konvencijos.<\/p>\n<p>\n                                        \u0160altinis:<br \/>\n                                                                                    BNS\n                                                                                <\/p>\n<p>Kvie\u010diame atrasti nauj\u0105 tv3.lt turin\u012f! Nuo \u0161iol portale j\u016bs\u0173 laukia <a href=\"https:\/\/www.tv3.lt\/testai\" rel=\"nofollow noopener\" target=\"_blank\">kasdien nauji testai<\/a>   \u2013 i\u0161bandykite savo \u017einias ir smagiai praleiskite laik\u0105. <\/p>\n","protected":false},"excerpt":{"rendered":"Gruod\u017eio 27-\u0105j\u0105 dien\u0105 pra\u0117jo lygiai \u0161e\u0161i m\u0117nesiai nuo tos dienos, kai Lietuva oficialiai informavo Jungtini\u0173 Taut\u0173 generalin\u012f sekretori\u0173&hellip;\n","protected":false},"author":2,"featured_media":70565,"comment_status":"","ping_status":"","sticky":false,"template":"","format":"standard","meta":{"footnotes":""},"categories":[15],"tags":[15826,25,30,31,57,43,34,35,55,48,24,54,51,49,50,32,33,37,39,36,38,40,45,23,22,44,28,29,53,42,56,47,26,27,41,46,58,74,75,76,52],"class_list":{"0":"post-70564","1":"post","2":"type-post","3":"status-publish","4":"format-standard","5":"has-post-thumbnail","7":"category-pasaulis","8":"tag-2025-12-27-082712","9":"tag-antrastes","10":"tag-breaking-news","11":"tag-breakingnews","12":"tag-daiktai","13":"tag-dienos-kronika","14":"tag-featured-news","15":"tag-featurednews","16":"tag-gatves-tekstai","17":"tag-gyvenimas","18":"tag-headlines","19":"tag-interneto-pievos","20":"tag-keliones","21":"tag-kultura","22":"tag-laisvalaikis","23":"tag-latest-news","24":"tag-latestnews","25":"tag-lietuva","26":"tag-lietuviu","27":"tag-lithuania","28":"tag-lithuanian","29":"tag-lt","30":"tag-mokslas-ir-it","31":"tag-naujienos","32":"tag-news","33":"tag-pasaulis","34":"tag-populiariausios-naujienos","35":"tag-populiariausiosnaujienos","36":"tag-projektai","37":"tag-rinktiniai-tekstai","38":"tag-simtmecio-portalas","39":"tag-sportas","40":"tag-top-stories","41":"tag-topstories","42":"tag-tv3-lt","43":"tag-verslas","44":"tag-video","45":"tag-world","46":"tag-world-news","47":"tag-worldnews","48":"tag-zaidimai"},"share_on_mastodon":{"url":"","error":"Validation failed: Text character limit of 500 exceeded"},"_links":{"self":[{"href":"https:\/\/www.europesays.com\/lt\/wp-json\/wp\/v2\/posts\/70564","targetHints":{"allow":["GET"]}}],"collection":[{"href":"https:\/\/www.europesays.com\/lt\/wp-json\/wp\/v2\/posts"}],"about":[{"href":"https:\/\/www.europesays.com\/lt\/wp-json\/wp\/v2\/types\/post"}],"author":[{"embeddable":true,"href":"https:\/\/www.europesays.com\/lt\/wp-json\/wp\/v2\/users\/2"}],"replies":[{"embeddable":true,"href":"https:\/\/www.europesays.com\/lt\/wp-json\/wp\/v2\/comments?post=70564"}],"version-history":[{"count":0,"href":"https:\/\/www.europesays.com\/lt\/wp-json\/wp\/v2\/posts\/70564\/revisions"}],"wp:featuredmedia":[{"embeddable":true,"href":"https:\/\/www.europesays.com\/lt\/wp-json\/wp\/v2\/media\/70565"}],"wp:attachment":[{"href":"https:\/\/www.europesays.com\/lt\/wp-json\/wp\/v2\/media?parent=70564"}],"wp:term":[{"taxonomy":"category","embeddable":true,"href":"https:\/\/www.europesays.com\/lt\/wp-json\/wp\/v2\/categories?post=70564"},{"taxonomy":"post_tag","embeddable":true,"href":"https:\/\/www.europesays.com\/lt\/wp-json\/wp\/v2\/tags?post=70564"}],"curies":[{"name":"wp","href":"https:\/\/api.w.org\/{rel}","templated":true}]}}