{"id":70881,"date":"2025-12-27T19:13:10","date_gmt":"2025-12-27T19:13:10","guid":{"rendered":"https:\/\/www.europesays.com\/lt\/70881\/"},"modified":"2025-12-27T19:13:10","modified_gmt":"2025-12-27T19:13:10","slug":"is-seimo-sandelio-isigijo-daiktu-uz-simtus-tukstanciu","status":"publish","type":"post","link":"https:\/\/www.europesays.com\/lt\/70881\/","title":{"rendered":"I\u0161 Seimo sand\u0117lio \u012fsigijo daikt\u0173 u\u017e \u0161imtus t\u016bkstan\u010di\u0173"},"content":{"rendered":"<p>Pagal Seimo statut\u0105, su parlamentine veikla susijusioms i\u0161laidoms Seimo nariai per m\u0117nes\u012f gauna apie 1,7 t\u016bkst. eur\u0173. \u0160ias l\u0117\u0161as jie gali naudoti ir suvenyrams bei kanceliarin\u0117ms prek\u0117ms, kurias i\u0161duoda Seimo sand\u0117lis.<\/p>\n<p>Seimo kanceliarijos duomenimis, nuo \u0161i\u0173 met\u0173 prad\u017eios iki gruod\u017eio reprezentacini\u0173 preki\u0173 Seimo nariams buvo i\u0161duota u\u017e 357 977,03 euro. O kaip atrodo m\u0117nuo prie\u0161 did\u017ei\u0105sias met\u0173 \u0161ventes? Gruod\u017eio 1\u201315 d., preliminariais duomenimis, reprezentacini\u0173 preki\u0173 buvo paimta u\u017e 33 879,68 euro. <\/p>\n<p>Kokie suvenyrai buvo paklausiausi ir kurie Seimo nariai j\u0173 \u0117m\u0117 daugiausiai? Tuo dom\u0117josi Delfi.<\/p>\n","protected":false},"excerpt":{"rendered":"Pagal Seimo statut\u0105, su parlamentine veikla susijusioms i\u0161laidoms Seimo nariai per m\u0117nes\u012f gauna apie 1,7 t\u016bkst. eur\u0173. \u0160ias&hellip;\n","protected":false},"author":2,"featured_media":70882,"comment_status":"","ping_status":"","sticky":false,"template":"","format":"standard","meta":{"footnotes":""},"categories":[6],"tags":[25,30,31,34,35,24,1022,15874,32,33,37,39,36,38,40,23,22,28,29,5080,128,26,27],"class_list":{"0":"post-70881","1":"post","2":"type-post","3":"status-publish","4":"format-standard","5":"has-post-thumbnail","7":"category-antrastes","8":"tag-antrastes","9":"tag-breaking-news","10":"tag-breakingnews","11":"tag-featured-news","12":"tag-featurednews","13":"tag-headlines","14":"tag-juozas-olekas","15":"tag-kanceliarines-islaidos","16":"tag-latest-news","17":"tag-latestnews","18":"tag-lietuva","19":"tag-lietuviu","20":"tag-lithuania","21":"tag-lithuanian","22":"tag-lt","23":"tag-naujienos","24":"tag-news","25":"tag-populiariausios-naujienos","26":"tag-populiariausiosnaujienos","27":"tag-prekes","28":"tag-seimas","29":"tag-top-stories","30":"tag-topstories"},"share_on_mastodon":{"url":"https:\/\/pubeurope.com\/@lt\/115793127245180637","error":""},"_links":{"self":[{"href":"https:\/\/www.europesays.com\/lt\/wp-json\/wp\/v2\/posts\/70881","targetHints":{"allow":["GET"]}}],"collection":[{"href":"https:\/\/www.europesays.com\/lt\/wp-json\/wp\/v2\/posts"}],"about":[{"href":"https:\/\/www.europesays.com\/lt\/wp-json\/wp\/v2\/types\/post"}],"author":[{"embeddable":true,"href":"https:\/\/www.europesays.com\/lt\/wp-json\/wp\/v2\/users\/2"}],"replies":[{"embeddable":true,"href":"https:\/\/www.europesays.com\/lt\/wp-json\/wp\/v2\/comments?post=70881"}],"version-history":[{"count":0,"href":"https:\/\/www.europesays.com\/lt\/wp-json\/wp\/v2\/posts\/70881\/revisions"}],"wp:featuredmedia":[{"embeddable":true,"href":"https:\/\/www.europesays.com\/lt\/wp-json\/wp\/v2\/media\/70882"}],"wp:attachment":[{"href":"https:\/\/www.europesays.com\/lt\/wp-json\/wp\/v2\/media?parent=70881"}],"wp:term":[{"taxonomy":"category","embeddable":true,"href":"https:\/\/www.europesays.com\/lt\/wp-json\/wp\/v2\/categories?post=70881"},{"taxonomy":"post_tag","embeddable":true,"href":"https:\/\/www.europesays.com\/lt\/wp-json\/wp\/v2\/tags?post=70881"}],"curies":[{"name":"wp","href":"https:\/\/api.w.org\/{rel}","templated":true}]}}