{"id":70961,"date":"2025-12-27T22:22:15","date_gmt":"2025-12-27T22:22:15","guid":{"rendered":"https:\/\/www.europesays.com\/lt\/70961\/"},"modified":"2025-12-27T22:22:15","modified_gmt":"2025-12-27T22:22:15","slug":"pamates-is-policijos-gauta-nuotrauka-vyras-vos-nenualpo-negalejo-patiketi-kas-nufotografuota","status":"publish","type":"post","link":"https:\/\/www.europesays.com\/lt\/70961\/","title":{"rendered":"Pamat\u0119s i\u0161 policijos gaut\u0105 nuotrauk\u0105 vyras vos nenualpo: negal\u0117jo patik\u0117ti, kas nufotografuota"},"content":{"rendered":"\n<p>Nors automobilio savininkas tvirtino, kad jo augintinis tik trumpam u\u017e\u0161oko jam ant keli\u0173, policijos tyrimas parod\u0117, kad\u00a0 \u0161uo i\u0161 ties\u0173 s\u0117d\u0117jo prie vairo.<\/p>\n<p>\u0160is \u012fvykis daugeliui primin\u0117, kod\u0117l svarbu tinkamai apsaugoti <a href=\"https:\/\/www.tv3.lt\/naujiena\/lietuva\/lietuvoje-vyks-prevencine-akcija-mazinti-susidurimu-su-laukiniais-gyvunais-n1460172\" rel=\"nofollow noopener\" target=\"_blank\">gyv\u016bnus<\/a>, ve\u017eant juos\u00a0automobilyje \u2013 ir kad toks \u201ekeleivis\u201c gali kainuoti brangiau, nei atrodo, ra\u0161oma bbc.com.<\/p>\n<p> \u0160uo \u2013 u\u017e vairo, bauda \u2013 vairuotojui <\/p>\n<p>Dar 2023-aisiais Slovakijos policija paskelb\u0117, kad nubaud\u0117 vairuotoj\u0105, kurio automobil\u012f u\u017efiksavo <a href=\"https:\/\/www.tv3.lt\/naujiena\/uzsienis\/sveicarijos-greicio-matuoklis-uzfiksavo-anti-leke-52-kilometru-per-valanda-greiciu-n1419961\" rel=\"nofollow noopener\" target=\"_blank\">grei\u010dio matuoklis<\/a>. Nuotraukoje ai\u0161kiai matyti, kad\u00a0u\u017e \u201e\u0160koda\u201c mark\u0117s automobilio\u00a0vairo s\u0117di linksmai atrodantis \u0161uo.<\/p>\n<p>Automobilio savininkas teisinosi, es\u0105 jo rudas \u0161uo vairuojant \u201enetik\u0117tai u\u017e\u0161oko jam ant keli\u0173\u201c, kai automobilis jau jud\u0117jo.<\/p>\n<p>Ta\u010diau policijos pareig\u016bnai i\u0161 Sterusy kaimo, esan\u010dio \u012f \u0161iaur\u0117s rytus nuo <a href=\"https:\/\/www.tv3.lt\/naujiena\/sportas\/vladson-buvo-priversta-trauktis-is-turnyro-bratislavoje-del-porininkes-traumos-n1457294\" rel=\"nofollow noopener\" target=\"_blank\">Bratislavos<\/a>, per\u017ei\u016br\u0117j\u0119 vis\u0105 vaizdo \u012fra\u0161\u0105\u00a0parei\u0161k\u0117, kad joki\u0173 staigi\u0173 judesi\u0173 nematyti \u2013 vadinasi, \u0161uo nuo pat prad\u017ei\u0173 s\u0117d\u0117jo prie vairo.<\/p>\n<p>     <a href=\"https:\/\/www.tv3.lt\/Uploads\/UGallery\/photos\/a9\/7f\/57\/a3\/a97f57a31240e3fb11bd31e1c8933f0e.jpg\" data-fancybox=\"photos-embed\" data-caption=\"\u0160uo u\u017e automobilio vairo Slovakijoje (nuotr. facebook.com)\" target=\"_self\" rel=\"nofollow noopener\"> <img decoding=\"async\" class=\"photo-inside-article\" align=\"center\" alt=\"\u0160uo u\u017e automobilio vairo Slovakijoje (nuotr. facebook.com)\" title=\"\u0160uo u\u017e automobilio vairo Slovakijoje (nuotr. facebook.com)\" src=\"https:\/\/www.europesays.com\/lt\/wp-content\/uploads\/2025\/12\/a97f57a31240e3fb11bd31e1c8933f0e.jpg\" width=\"684\" height=\"654\" loading=\"lazy\" \/> <\/a>       Neai\u0161ku, u\u017e k\u0105 konkre\u010diai skirta bauda <\/p>\n<p>Policija nenurod\u0117, ar bauda vairuotojui buvo skirta u\u017e grei\u010dio vir\u0161ijim\u0105, ar u\u017e tai, kad jis nepriseg\u0117 ir tinkamai neu\u017etikrino savo augintinio saugumo automobilyje. Bet ai\u0161ku viena \u2013 baud\u0105 gavo \u0161eimininkas, o ne keturkojis \u201evairuotojas\u201c.<\/p>\n<p>Pareig\u016bnai taip pat pasinaudojo proga priminti, kad gyv\u016bnai automobilyje turi b\u016bti tinkamai apsaugoti.<\/p>\n<p>\u201eNet ir ma\u017eas gyv\u016bnas gali kelti pavoj\u0173 j\u016bs\u0173 gyvybei ir sveikatai vairuojant\u201c, \u2013 \u012fsp\u0117jo policija socialiniuose tinkluose.<\/p>\n<p> Pana\u0161\u016bs atvejai \u2013 ne tokie reti, kaip gali pasirodyti <\/p>\n<p>Nors \u0161is nutikimas skamba kaip i\u0161 komedijos scenarijaus, pana\u0161i\u0173 istorij\u0173 yra pasitaik\u0119 ir kitose \u0161alyse.<\/p>\n<p>Pavyzd\u017eiui, 2023 m. Jungtin\u0117se Valstijose, Floridoje, policija sustabd\u0117 automobil\u012f, kuris r\u0117\u017e\u0117si \u012f kit\u0105 stovint\u012f automobil\u012f \u2013 o u\u017e vairo, kaip paai\u0161k\u0117jo, s\u0117d\u0117jo\u00a0\u0161uo. Jo \u0161eimininkas band\u0117 paai\u0161kinti, kad \u201emok\u0117 savo <a href=\"https:\/\/www.tv3.lt\/naujiena\/gyvenimas\/dzukijoje-vilku-ispuoliai-ragina-saugoti-augintinius-n1460579\" rel=\"nofollow noopener\" target=\"_blank\">augintin\u012f <\/a>vairuoti\u201c.<\/p>\n<p>\n                                        \u0160altinis:<br \/>\n                                                                                    tv3.lt\n                                                                                <\/p>\n<p>Kvie\u010diame atrasti nauj\u0105 tv3.lt turin\u012f! Nuo \u0161iol portale j\u016bs\u0173 laukia <a href=\"https:\/\/www.tv3.lt\/testai\" rel=\"nofollow noopener\" target=\"_blank\">kasdien nauji testai<\/a>   \u2013 i\u0161bandykite savo \u017einias ir smagiai praleiskite laik\u0105. <\/p>\n","protected":false},"excerpt":{"rendered":"Nors automobilio savininkas tvirtino, kad jo augintinis tik trumpam u\u017e\u0161oko jam ant keli\u0173, policijos tyrimas parod\u0117, kad\u00a0 \u0161uo&hellip;\n","protected":false},"author":2,"featured_media":70962,"comment_status":"","ping_status":"","sticky":false,"template":"","format":"standard","meta":{"footnotes":""},"categories":[15],"tags":[15889,25,30,31,57,43,34,35,55,48,24,54,51,49,50,32,33,37,39,36,38,40,45,23,22,44,28,29,53,42,56,47,26,27,41,46,58,74,75,76,52],"class_list":{"0":"post-70961","1":"post","2":"type-post","3":"status-publish","4":"format-standard","5":"has-post-thumbnail","7":"category-pasaulis","8":"tag-2025-12-27-163000","9":"tag-antrastes","10":"tag-breaking-news","11":"tag-breakingnews","12":"tag-daiktai","13":"tag-dienos-kronika","14":"tag-featured-news","15":"tag-featurednews","16":"tag-gatves-tekstai","17":"tag-gyvenimas","18":"tag-headlines","19":"tag-interneto-pievos","20":"tag-keliones","21":"tag-kultura","22":"tag-laisvalaikis","23":"tag-latest-news","24":"tag-latestnews","25":"tag-lietuva","26":"tag-lietuviu","27":"tag-lithuania","28":"tag-lithuanian","29":"tag-lt","30":"tag-mokslas-ir-it","31":"tag-naujienos","32":"tag-news","33":"tag-pasaulis","34":"tag-populiariausios-naujienos","35":"tag-populiariausiosnaujienos","36":"tag-projektai","37":"tag-rinktiniai-tekstai","38":"tag-simtmecio-portalas","39":"tag-sportas","40":"tag-top-stories","41":"tag-topstories","42":"tag-tv3-lt","43":"tag-verslas","44":"tag-video","45":"tag-world","46":"tag-world-news","47":"tag-worldnews","48":"tag-zaidimai"},"share_on_mastodon":{"url":"","error":"Validation failed: Text character limit of 500 exceeded"},"_links":{"self":[{"href":"https:\/\/www.europesays.com\/lt\/wp-json\/wp\/v2\/posts\/70961","targetHints":{"allow":["GET"]}}],"collection":[{"href":"https:\/\/www.europesays.com\/lt\/wp-json\/wp\/v2\/posts"}],"about":[{"href":"https:\/\/www.europesays.com\/lt\/wp-json\/wp\/v2\/types\/post"}],"author":[{"embeddable":true,"href":"https:\/\/www.europesays.com\/lt\/wp-json\/wp\/v2\/users\/2"}],"replies":[{"embeddable":true,"href":"https:\/\/www.europesays.com\/lt\/wp-json\/wp\/v2\/comments?post=70961"}],"version-history":[{"count":0,"href":"https:\/\/www.europesays.com\/lt\/wp-json\/wp\/v2\/posts\/70961\/revisions"}],"wp:featuredmedia":[{"embeddable":true,"href":"https:\/\/www.europesays.com\/lt\/wp-json\/wp\/v2\/media\/70962"}],"wp:attachment":[{"href":"https:\/\/www.europesays.com\/lt\/wp-json\/wp\/v2\/media?parent=70961"}],"wp:term":[{"taxonomy":"category","embeddable":true,"href":"https:\/\/www.europesays.com\/lt\/wp-json\/wp\/v2\/categories?post=70961"},{"taxonomy":"post_tag","embeddable":true,"href":"https:\/\/www.europesays.com\/lt\/wp-json\/wp\/v2\/tags?post=70961"}],"curies":[{"name":"wp","href":"https:\/\/api.w.org\/{rel}","templated":true}]}}