{"id":71134,"date":"2025-12-28T10:33:07","date_gmt":"2025-12-28T10:33:07","guid":{"rendered":"https:\/\/www.europesays.com\/lt\/71134\/"},"modified":"2025-12-28T10:33:07","modified_gmt":"2025-12-28T10:33:07","slug":"rusija-pasmerkta-zlugti-situacija-jau-tapo-katastrofine-skaiciuojami-milijardiniai-nuostoliai-bilis-lt","status":"publish","type":"post","link":"https:\/\/www.europesays.com\/lt\/71134\/","title":{"rendered":"Rusija pasmerkta \u017elugti? Situacija jau tapo katastrofine, skai\u010diuojami milijardiniai nuostoliai &#8211; Bilis.lt"},"content":{"rendered":"<ol>\n<li><a href=\"https:\/\/news.google.com\/rss\/articles\/CBMixgFBVV95cUxNSkdGXzZLWU42WU5RVDRjUnIyRjdVZmxpdTZtZVI4Qk03eGFkajRHODZyY0Y2MHNCdFR0RGN0M3hqUkpwTzdlemplajRxTDQwMlBsRE9zU09kMDlqSWtfOEZ1clh4Y3BBWUt2VGFMYmd0NnIzTzZFVmhORHJtU25ncGh5R1V3Uk1jRGZwLVBOZnZMbWJSMlNzSHN5b1VwcXo1aG9kVnE3MzBTTG5pNEdEM2Q0Q19VUjJ4OVNnU0pPR1dRU2d3Ymc?oc=5\" target=\"_blank\" rel=\"nofollow noopener\">Rusija pasmerkta \u017elugti? Situacija jau tapo katastrofine, skai\u010diuojami milijardiniai nuostoliai<\/a>&nbsp;&nbsp;Bilis.lt<\/li>\n<li><a href=\"https:\/\/news.google.com\/rss\/articles\/CBMi2gFBVV95cUxQT3U5eldxUGVybnl0R0loS0ZzcXJjamszbnpiR0NhZ0dSbll1TnBiMnduNy1vVkVBS0FTbktJZHBuaUJzbEhKLXctbmxaWmFrMUV1ajZEZWg2S1A1R2xIYlQySmpXeWxGWkQtenlOb2l6UUg3QUk2bmY5VjFreEtPa0hraUo4WUpvOVA2N1RpY2c4eHlHb1JxbDkzc1lGYzZHX1g2RWFiTjZqTzdQTndGZ3I3M3RLNG9OSDZGeXZVcUExNGFiU2hqaGdXZDJyaVE1ZXF0T2d5QnBTQQ?oc=5\" target=\"_blank\" rel=\"nofollow noopener\">\u201eLaikas susiver\u017eti dir\u017eus.\u201c I\u0161tiko \u0161okas, k\u0105 paskelb\u0117 Nabiulina. \u201eKeliaujam \u012f 1980-uosius\u201c<\/a>&nbsp;&nbsp;Mokslo ir technologij\u0173 pasaulis<\/li>\n<li><a href=\"https:\/\/news.google.com\/rss\/articles\/CBMivgFBVV95cUxQNUlHbUdwR2d6dDd2Q2lwR2tCM0RHYkdYMXRvVTllM2FlWkhXNGtjSld3N3JTTWZzRGQ0YWF6Qmx2TEtHdGVDQnZldnRzTnNyV2pXbEcwejJkY0NLY1JWejAwbm10VkFtOE5qNzAyUFY5dTlzUzBCc3ZQZ3c0ZXNuOGY0T1J0SnFCNHc2UXpBUHJhd2d4TGxtdkxrZm5nY0o3NXNGVWFWVDFOaW5MMnVEZjVMbUFqVy1XMFRvYWJB?oc=5\" target=\"_blank\" rel=\"nofollow noopener\">Karas Ukrainoje. \u010cekijos premjeras Babi\u0161as neleido gynybos ministrui vykti \u012f Ukrain\u0105<\/a>&nbsp;&nbsp;Delfi<\/li>\n<li><a href=\"https:\/\/news.google.com\/rss\/articles\/CBMitgFBVV95cUxOZnI1dG80ZGdHQ0JpakJiV0NHZHBvZXFITTBlRWFQRm50TUtZN1YzWml4a2JIUVNXNTA5RUJidFEzM0Qyb1hYU3lna2hSSWl0bE5NY3ZsbGNuYzRNNFBBdkwxRkpnS0s1Z1kxZll4SXNPY21oakNsUTZ3TTdPM3ZEZUFTUG9nMlNHNkhnenk4eWE2UUlnTmtMUlJLdDljT2t6bnZDbGthakNOVTdVTlMyZEJKYnNMdw?oc=5\" target=\"_blank\" rel=\"nofollow noopener\">\u201eThe Washington Post\u201c: 2026 metai gali b\u016bti lemtingi Rusijai<\/a>&nbsp;&nbsp;15min.lt<\/li>\n<li><a href=\"https:\/\/news.google.com\/rss\/articles\/CBMiswFBVV95cUxPcDJKcGItMk8wVkhvTkFWOV9rTGo0dUdDZUtYa24zZjJRcmNwcFJNcWM4QzRzcDFESm5uakZGeXJISldiV1IweGJLLU1OYzBWS25OVENsM1lVRENBSng2WEZ0eGR0UGNreXF6eTU1SXpwY0VqQlU3cVJ1SkdxaFotTUxkOWhwRnY4S1gzcENDRUwtc2JIU0hHdGVtWFJDQ0I0a05hZDZzZS1QZzVMQlBRdmpMMA?oc=5\" target=\"_blank\" rel=\"nofollow noopener\">Kremlius to jau net neslepia. Jie ruo\u0161iasi bank\u0173 krizei<\/a>&nbsp;&nbsp;Mokslo ir technologij\u0173 pasaulis<\/li>\n<\/ol>\n","protected":false},"excerpt":{"rendered":"Rusija pasmerkta \u017elugti? Situacija jau tapo katastrofine, skai\u010diuojami milijardiniai nuostoliai&nbsp;&nbsp;Bilis.lt \u201eLaikas susiver\u017eti dir\u017eus.\u201c I\u0161tiko \u0161okas, k\u0105 paskelb\u0117 Nabiulina.&hellip;\n","protected":false},"author":2,"featured_media":71135,"comment_status":"","ping_status":"","sticky":false,"template":"","format":"standard","meta":{"footnotes":""},"categories":[17],"tags":[81,4838,37,39,36,38,40,15920,1590,15921,119,858,15919,2314,46,15922],"class_list":{"0":"post-71134","1":"post","2":"type-post","3":"status-publish","4":"format-standard","5":"has-post-thumbnail","7":"category-verslas","8":"tag-business","9":"tag-katastrofine","10":"tag-lietuva","11":"tag-lietuviu","12":"tag-lithuania","13":"tag-lithuanian","14":"tag-lt","15":"tag-milijardiniai","16":"tag-nuostoliai","17":"tag-pasmerkta","18":"tag-rusija","19":"tag-situacija","20":"tag-skaiciuojami","21":"tag-tapo","22":"tag-verslas","23":"tag-zlugti"},"share_on_mastodon":{"url":"https:\/\/pubeurope.com\/@lt\/115796744816256306","error":""},"_links":{"self":[{"href":"https:\/\/www.europesays.com\/lt\/wp-json\/wp\/v2\/posts\/71134","targetHints":{"allow":["GET"]}}],"collection":[{"href":"https:\/\/www.europesays.com\/lt\/wp-json\/wp\/v2\/posts"}],"about":[{"href":"https:\/\/www.europesays.com\/lt\/wp-json\/wp\/v2\/types\/post"}],"author":[{"embeddable":true,"href":"https:\/\/www.europesays.com\/lt\/wp-json\/wp\/v2\/users\/2"}],"replies":[{"embeddable":true,"href":"https:\/\/www.europesays.com\/lt\/wp-json\/wp\/v2\/comments?post=71134"}],"version-history":[{"count":0,"href":"https:\/\/www.europesays.com\/lt\/wp-json\/wp\/v2\/posts\/71134\/revisions"}],"wp:featuredmedia":[{"embeddable":true,"href":"https:\/\/www.europesays.com\/lt\/wp-json\/wp\/v2\/media\/71135"}],"wp:attachment":[{"href":"https:\/\/www.europesays.com\/lt\/wp-json\/wp\/v2\/media?parent=71134"}],"wp:term":[{"taxonomy":"category","embeddable":true,"href":"https:\/\/www.europesays.com\/lt\/wp-json\/wp\/v2\/categories?post=71134"},{"taxonomy":"post_tag","embeddable":true,"href":"https:\/\/www.europesays.com\/lt\/wp-json\/wp\/v2\/tags?post=71134"}],"curies":[{"name":"wp","href":"https:\/\/api.w.org\/{rel}","templated":true}]}}