{"id":71161,"date":"2025-12-28T11:30:08","date_gmt":"2025-12-28T11:30:08","guid":{"rendered":"https:\/\/www.europesays.com\/lt\/71161\/"},"modified":"2025-12-28T11:30:08","modified_gmt":"2025-12-28T11:30:08","slug":"pries-pat-legendines-brigitte-bardot-mirti-liudni-gandai","status":"publish","type":"post","link":"https:\/\/www.europesays.com\/lt\/71161\/","title":{"rendered":"Prie\u0161 pat legendin\u0117s Brigitte Bardot mirt\u012f \u2013 li\u016bdni gandai"},"content":{"rendered":"<p>Prie\u0161 pat \u0161i\u0105 netekt\u012f, lapkri\u010dio m\u0117nes\u012f, aplink aktor\u0119 sukosi li\u016bdni gandai \u2013 buvo pasirod\u017eiusi\u0173 prane\u0161im\u0173 apie jos mirt\u012f.<\/p>\n<p>Tokias kalbas sustiprino faktas, kad aktor\u0117 atsid\u016br\u0117 medik\u0173 rankose.<\/p>\n<p>Pranc\u016bz\u0173 kino legenda B. Bardot, anot \u0161alies \u017einiasklaidos, spal\u012f buvo gydoma Tulono miesto ligonin\u0117je. Pasak \u201eVar-Matin\u201c, ji gul\u0117jo priva\u010dioje Saint Jean klinikoje daugiau nei tris savaites.<\/p>\n<p>\u010cia B. Bardot, kaip teigta, d\u0117l sunkios ligos buvo atlikta operacija. Nors ji po keli\u0173 dien\u0173 tur\u0117jo palikti klinik\u0105, jos b\u016bkl\u0117, anot prane\u0161im\u0173, ir toliau i\u0161liko sud\u0117tinga. <\/p>\n<p>Paplitus prie\u0161laikiniams prane\u0161imams apie aktor\u0117s mirt\u012f, \u012f tokias \u017einutes suskubo reaguoti jos atstovai, siekiant nuraminti visuomen\u0119.<\/p>\n<p>\u201ePonia Bardot sveiksta ir jau\u010diasi gerai. Galiu jus patikinti\u201c, \u2013 agent\u016brai \u201edpa\u201c lapkrit\u012f sak\u0117 atstovas. <\/p>\n<p>Aktor\u0117 rugs\u0117jo 28 d. min\u0117jo savo 91 met\u0173 gimtadien\u012f.<\/p>\n<p>Suk\u016brusi vaidmenis tokiuose filmuose, kaip \u201eIr Dievas suk\u016br\u0117 moter\u012f\u201c, \u201ePanieka\u201c ar \u201ePlucking the Daisy\u201c, B. Bardot \u0161e\u0161tajame ir septintajame de\u0161imtme\u010diuose tapo viena \u017einomiausi\u0173 savo laikme\u010dio kino \u017evaig\u017ed\u017ei\u0173 ir sekso simboli\u0173.  A\u0161tuntajame de\u0161imtmetyje B. Bardot baig\u0117 savo kino karjer\u0105 ir aistringai atsidav\u0117 gyv\u016bnu apsaugai.<\/p>\n<p>Prie\u0161 kelis m\u0117nesius B. Bardot savo namuose Sen Tropeze pri\u0117m\u0117 stoties BFMTV komand\u0105 ir pirm\u0105 kart\u0105 per daugiau kaip de\u0161imtmet\u012f v\u0117l pasirod\u0117 televizijoje. \u201eA\u0161 vienuolika metu visi\u0161kai nesirod\u017eiau\u201c, \u2013 teig\u0117 ji tada.<\/p>\n<p>Buvusi kino \u017evaig\u017ed\u0117 i\u0161imt\u012f padar\u0117 d\u0117l savo kovos u\u017e gyv\u016bnus ir interviu pasisak\u0117 u\u017e med\u017eiokl\u0117s su \u0161unimis panaikinim\u0105. <\/p>\n<p>\u201eTai \u017eiauru. Pranc\u016bzijos vyriausyb\u0117 po 50 neatsakyt\u0173 reikalavim\u0173 met\u0173 pagaliau turi leisti man laim\u0117ti. Tikiu, kad galiu laim\u0117ti. Ir galiausiai tai paskutin\u0117 mano kova\u201c, \u2013 kalb\u0117jo B. Bardot.<\/p>\n<p>Aktor\u0117 gyveno Sen Tropeze Piet\u0173 Pranc\u016bzijoje.<\/p>\n","protected":false},"excerpt":{"rendered":"Prie\u0161 pat \u0161i\u0105 netekt\u012f, lapkri\u010dio m\u0117nes\u012f, aplink aktor\u0119 sukosi li\u016bdni gandai \u2013 buvo pasirod\u017eiusi\u0173 prane\u0161im\u0173 apie jos mirt\u012f.&hellip;\n","protected":false},"author":2,"featured_media":71162,"comment_status":"","ping_status":"","sticky":false,"template":"","format":"standard","meta":{"footnotes":""},"categories":[6],"tags":[25,30,31,15928,34,35,24,32,33,37,39,36,38,40,23,22,28,29,26,27],"class_list":{"0":"post-71161","1":"post","2":"type-post","3":"status-publish","4":"format-standard","5":"has-post-thumbnail","7":"category-antrastes","8":"tag-antrastes","9":"tag-breaking-news","10":"tag-breakingnews","11":"tag-brigitte-bardot","12":"tag-featured-news","13":"tag-featurednews","14":"tag-headlines","15":"tag-latest-news","16":"tag-latestnews","17":"tag-lietuva","18":"tag-lietuviu","19":"tag-lithuania","20":"tag-lithuanian","21":"tag-lt","22":"tag-naujienos","23":"tag-news","24":"tag-populiariausios-naujienos","25":"tag-populiariausiosnaujienos","26":"tag-top-stories","27":"tag-topstories"},"share_on_mastodon":{"url":"https:\/\/pubeurope.com\/@lt\/115796968944416132","error":""},"_links":{"self":[{"href":"https:\/\/www.europesays.com\/lt\/wp-json\/wp\/v2\/posts\/71161","targetHints":{"allow":["GET"]}}],"collection":[{"href":"https:\/\/www.europesays.com\/lt\/wp-json\/wp\/v2\/posts"}],"about":[{"href":"https:\/\/www.europesays.com\/lt\/wp-json\/wp\/v2\/types\/post"}],"author":[{"embeddable":true,"href":"https:\/\/www.europesays.com\/lt\/wp-json\/wp\/v2\/users\/2"}],"replies":[{"embeddable":true,"href":"https:\/\/www.europesays.com\/lt\/wp-json\/wp\/v2\/comments?post=71161"}],"version-history":[{"count":0,"href":"https:\/\/www.europesays.com\/lt\/wp-json\/wp\/v2\/posts\/71161\/revisions"}],"wp:featuredmedia":[{"embeddable":true,"href":"https:\/\/www.europesays.com\/lt\/wp-json\/wp\/v2\/media\/71162"}],"wp:attachment":[{"href":"https:\/\/www.europesays.com\/lt\/wp-json\/wp\/v2\/media?parent=71161"}],"wp:term":[{"taxonomy":"category","embeddable":true,"href":"https:\/\/www.europesays.com\/lt\/wp-json\/wp\/v2\/categories?post=71161"},{"taxonomy":"post_tag","embeddable":true,"href":"https:\/\/www.europesays.com\/lt\/wp-json\/wp\/v2\/tags?post=71161"}],"curies":[{"name":"wp","href":"https:\/\/api.w.org\/{rel}","templated":true}]}}