{"id":71286,"date":"2025-12-29T08:04:07","date_gmt":"2025-12-29T08:04:07","guid":{"rendered":"https:\/\/www.europesays.com\/lt\/71286\/"},"modified":"2025-12-29T08:04:07","modified_gmt":"2025-12-29T08:04:07","slug":"paaiskejo-kas-tapo-lietuvos-talentu-nugaletojais-delfi","status":"publish","type":"post","link":"https:\/\/www.europesays.com\/lt\/71286\/","title":{"rendered":"Paai\u0161k\u0117jo, kas tapo \u201eLietuvos talent\u0173\u201c nugal\u0117tojais &#8211; Delfi"},"content":{"rendered":"<ol>\n<li><a href=\"https:\/\/news.google.com\/rss\/articles\/CBMioAFBVV95cUxOM0hOZ2FYbHRFdHFTOGtlVDlmOWVfSHAzQjhDUUtyWk04dGM4TktsU1RoTjFHLU5vWEZkeThTUjJIbDZnaWtlYVJRWEQxS1AtaXN4dl9mTlB5V2VPdkFSbmdnVWt3OVJzeDlPbV9TSlBHSTQ2VGQ5MnJPMnFFQkUxUmNfcmlhSElwLWVhR0Fmel9LNUZyYVA1ZFltVGtPN0FB?oc=5\" target=\"_blank\" rel=\"nofollow noopener\">Paai\u0161k\u0117jo, kas tapo \u201eLietuvos talent\u0173\u201c nugal\u0117tojais<\/a>&nbsp;&nbsp;Delfi<\/li>\n<li><a href=\"https:\/\/news.google.com\/rss\/articles\/CBMiwgFBVV95cUxPaHVJQktrQ0RwcHNrenJLRzdYZGNnek9iOEFtTXBWaFlTd0d1RGlxN3FnRllzTW1nY3IyZ3A1MnlwamdBcElFS0NvRnp5cHMwNkZoYm1qajBfdzlPVmRJVHQ5a0F0RnUzbjFFSDczSnEySkl5MXpHZy00Ni1NMjZzUm1ybWZvVFlnOGlhbTdUbHRWdGFFMXRISy0xSHhhelpOcU5oLTJ3dy1PRHFTWGllR3hLa1BjRUVzYi1JeVNIUmZmZw?oc=5\" target=\"_blank\" rel=\"nofollow noopener\">\u201eLietuvos talent\u0173\u201c superfinalas: dalyviai atskleid\u0117 k\u0105 ruo\u0161ia lemiamai kovai<\/a>&nbsp;&nbsp;Delfi<\/li>\n<li><a href=\"https:\/\/news.google.com\/rss\/articles\/CBMi0wFBVV95cUxQRXZZNW1UVVIzQXdLYlRCR0NDQ25TRVVXcmNSSmZwNm8xSVZYNDRJeHlZMVphQ3pBeV9lcUdSWEtfbER1dXRrM2x1OFN2bFhGQlVRMFdXeHJTNW56anc1NzB4UEQwRVc2ZDFGX1p6SEQ0X0xzczFDQ1dzaFg4WGlZTTJKOEtkbk8zX25PT1dyRGZETGhMbE9uUHBleDRpdS0zNFFKbHBLYVNWSXBfV280X3VnM2Nwck1BaHJZQ2dHMmhMb3hoY3pVLVV0VTJuMTd3eTQw?oc=5\" target=\"_blank\" rel=\"nofollow noopener\">\u201eLietuvos talent\u0173\u201c superfinale \u0160\u010diogolevait\u0117 ir Cholina su\u017eibo elegancija: sunku atitraukti akis<\/a>&nbsp;&nbsp;tv3.lt<\/li>\n<li><a href=\"https:\/\/news.google.com\/rss\/articles\/CBMimwFBVV95cUxPLV9OTzFtUC1SXzdMVU5pQmhqVTZpWTRzRFl0cHZFU0swdkR6YXF5aXNnRWV6cEtsZXRIRU5CQkNMMzFRNG9xODBiMFBaWWdiOEFlMmRHNGJUWGxmR2pXZXFXM0wzTlk3MUNBNWFia2VWVllPSmtRMHZyU3FrQ3JGVlZlZjdKeTBwSlJnQ0dUamNYbDM1eWVfZ1BORQ?oc=5\" target=\"_blank\" rel=\"nofollow noopener\">\u201eLietuvos talent\u0173\u201c laim\u0117toja &#8211; \u0161oki\u0173 studija \u201eAu\u0161rin\u0117\u2013Vakar\u0117\u201d<\/a>&nbsp;&nbsp;AlytusPlius.lt<\/li>\n<li><a href=\"https:\/\/news.google.com\/rss\/articles\/CBMipwFBVV95cUxPTmF4akg2ZWRfa3FlcXF2Z3dzREdjRTZNaUNSelZhV3NkbmtPYVpiU3dEVmwzRVRfVG1GanptaF9YM1ZOQ0RfN2xvS2NJUllXdnEzU3h3SnhTTmxWeWtOckJfRVpod2NLbVE1ajFETkRXWU9BVHp6NHhjUjNLS2lZeXA5NnAxLVdLeWIyd01MNjRoaVh0NC1odWlGTF9rYWpyOWJabXE5Yw?oc=5\" target=\"_blank\" rel=\"nofollow noopener\">Svajon\u0119 pasiek\u0117 i\u0161 septinto karto \u2013 \u0161ok\u0117jos i\u0161 Alytaus laim\u0117jo \u201eLietuvos talentus\u201c<\/a>&nbsp;&nbsp;Alytaus naujienos<\/li>\n<\/ol>\n","protected":false},"excerpt":{"rendered":"Paai\u0161k\u0117jo, kas tapo \u201eLietuvos talent\u0173\u201c nugal\u0117tojais&nbsp;&nbsp;Delfi \u201eLietuvos talent\u0173\u201c superfinalas: dalyviai atskleid\u0117 k\u0105 ruo\u0161ia lemiamai kovai&nbsp;&nbsp;Delfi \u201eLietuvos talent\u0173\u201c superfinale&hellip;\n","protected":false},"author":2,"featured_media":71287,"comment_status":"","ping_status":"","sticky":false,"template":"","format":"standard","meta":{"footnotes":"","_share_on_mastodon":"0"},"categories":[21],"tags":[113,349,37,39,547,36,38,40,114],"class_list":["post-71286","post","type-post","status-publish","format-standard","has-post-thumbnail","category-pramogos","tag-entertainment","tag-finalas","tag-lietuva","tag-lietuviu","tag-lietuvos-talentai","tag-lithuania","tag-lithuanian","tag-lt","tag-pramogos"],"share_on_mastodon":{"url":"https:\/\/pubeurope.com\/@lt\/115801821303405578","error":""},"_links":{"self":[{"href":"https:\/\/www.europesays.com\/lt\/wp-json\/wp\/v2\/posts\/71286","targetHints":{"allow":["GET"]}}],"collection":[{"href":"https:\/\/www.europesays.com\/lt\/wp-json\/wp\/v2\/posts"}],"about":[{"href":"https:\/\/www.europesays.com\/lt\/wp-json\/wp\/v2\/types\/post"}],"author":[{"embeddable":true,"href":"https:\/\/www.europesays.com\/lt\/wp-json\/wp\/v2\/users\/2"}],"replies":[{"embeddable":true,"href":"https:\/\/www.europesays.com\/lt\/wp-json\/wp\/v2\/comments?post=71286"}],"version-history":[{"count":0,"href":"https:\/\/www.europesays.com\/lt\/wp-json\/wp\/v2\/posts\/71286\/revisions"}],"wp:featuredmedia":[{"embeddable":true,"href":"https:\/\/www.europesays.com\/lt\/wp-json\/wp\/v2\/media\/71287"}],"wp:attachment":[{"href":"https:\/\/www.europesays.com\/lt\/wp-json\/wp\/v2\/media?parent=71286"}],"wp:term":[{"taxonomy":"category","embeddable":true,"href":"https:\/\/www.europesays.com\/lt\/wp-json\/wp\/v2\/categories?post=71286"},{"taxonomy":"post_tag","embeddable":true,"href":"https:\/\/www.europesays.com\/lt\/wp-json\/wp\/v2\/tags?post=71286"}],"curies":[{"name":"wp","href":"https:\/\/api.w.org\/{rel}","templated":true}]}}