{"id":71314,"date":"2025-12-29T08:19:05","date_gmt":"2025-12-29T08:19:05","guid":{"rendered":"https:\/\/www.europesays.com\/lt\/71314\/"},"modified":"2025-12-29T08:19:05","modified_gmt":"2025-12-29T08:19:05","slug":"ziniasklaida-zaluznas-palieka-posta-delfi","status":"publish","type":"post","link":"https:\/\/www.europesays.com\/lt\/71314\/","title":{"rendered":"\u017diniasklaida: Zalu\u017enas palieka post\u0105 &#8211; Delfi"},"content":{"rendered":"<p>Pasak leidinio pa\u0161nekov\u0173, V. Zalu\u017enas apie savo ketinimus atsistatydinti prie\u0161 kelias savaites vie\u0161\u0117damas Kyjive jau prane\u0161\u0117 Ukrainos prezidentui Volodymyrui Zelenskiui.<\/p>\n<p>Pasak \u0161altini\u0173, V. Zalu\u017enas ir V. Zelenskis aptar\u0117 \u012fvairius postus, kuriuos gal\u0117t\u0173 u\u017eimti generolas \u2013 nuo ministro pirmininko iki prezidento kanceliarijos vadovo, ta\u010diau V. Zalu\u017enas tuo metu susidom\u0117jimo neparod\u0117.<\/p>\n<p>\u201eTik\u0117tina, kad Zalu\u017enas nori gr\u012f\u017eti \u012f Kyjiv\u0105, apie tai jis gali paskelbti jau kit\u0173 met\u0173 sausio 4-5 d.\u201c, \u2013 leidiniui sak\u0117 vienas i\u0161 \u0161altini\u0173.<\/p>\n<p>Generolas V. Zalu\u017enas 2024 m. vasario 8 d. buvo atleistas i\u0161 Ukrainos ginkluot\u0173j\u0173 paj\u0117g\u0173 vado pareig\u0173, o po trij\u0173 m\u0117nesi\u0173 paskirtas Ukrainos ambasadoriumi Jungtin\u0117je Karalyst\u0117je.<\/p>\n","protected":false},"excerpt":{"rendered":"Pasak leidinio pa\u0161nekov\u0173, V. Zalu\u017enas apie savo ketinimus atsistatydinti prie\u0161 kelias savaites vie\u0161\u0117damas Kyjive jau prane\u0161\u0117 Ukrainos prezidentui&hellip;\n","protected":false},"author":2,"featured_media":71315,"comment_status":"","ping_status":"","sticky":false,"template":"","format":"standard","meta":{"footnotes":""},"categories":[15],"tags":[25,30,31,34,35,24,32,33,37,39,36,38,40,23,22,44,28,29,26,27,1586,74,75,76],"class_list":{"0":"post-71314","1":"post","2":"type-post","3":"status-publish","4":"format-standard","5":"has-post-thumbnail","7":"category-pasaulis","8":"tag-antrastes","9":"tag-breaking-news","10":"tag-breakingnews","11":"tag-featured-news","12":"tag-featurednews","13":"tag-headlines","14":"tag-latest-news","15":"tag-latestnews","16":"tag-lietuva","17":"tag-lietuviu","18":"tag-lithuania","19":"tag-lithuanian","20":"tag-lt","21":"tag-naujienos","22":"tag-news","23":"tag-pasaulis","24":"tag-populiariausios-naujienos","25":"tag-populiariausiosnaujienos","26":"tag-top-stories","27":"tag-topstories","28":"tag-valerijus-zaluznas","29":"tag-world","30":"tag-world-news","31":"tag-worldnews"},"share_on_mastodon":{"url":"https:\/\/pubeurope.com\/@lt\/115801880277785771","error":""},"_links":{"self":[{"href":"https:\/\/www.europesays.com\/lt\/wp-json\/wp\/v2\/posts\/71314","targetHints":{"allow":["GET"]}}],"collection":[{"href":"https:\/\/www.europesays.com\/lt\/wp-json\/wp\/v2\/posts"}],"about":[{"href":"https:\/\/www.europesays.com\/lt\/wp-json\/wp\/v2\/types\/post"}],"author":[{"embeddable":true,"href":"https:\/\/www.europesays.com\/lt\/wp-json\/wp\/v2\/users\/2"}],"replies":[{"embeddable":true,"href":"https:\/\/www.europesays.com\/lt\/wp-json\/wp\/v2\/comments?post=71314"}],"version-history":[{"count":0,"href":"https:\/\/www.europesays.com\/lt\/wp-json\/wp\/v2\/posts\/71314\/revisions"}],"wp:featuredmedia":[{"embeddable":true,"href":"https:\/\/www.europesays.com\/lt\/wp-json\/wp\/v2\/media\/71315"}],"wp:attachment":[{"href":"https:\/\/www.europesays.com\/lt\/wp-json\/wp\/v2\/media?parent=71314"}],"wp:term":[{"taxonomy":"category","embeddable":true,"href":"https:\/\/www.europesays.com\/lt\/wp-json\/wp\/v2\/categories?post=71314"},{"taxonomy":"post_tag","embeddable":true,"href":"https:\/\/www.europesays.com\/lt\/wp-json\/wp\/v2\/tags?post=71314"}],"curies":[{"name":"wp","href":"https:\/\/api.w.org\/{rel}","templated":true}]}}