{"id":71321,"date":"2025-12-29T08:23:16","date_gmt":"2025-12-29T08:23:16","guid":{"rendered":"https:\/\/www.europesays.com\/lt\/71321\/"},"modified":"2025-12-29T08:23:16","modified_gmt":"2025-12-29T08:23:16","slug":"jansonas-sugrizo-ant-arouca-klubo-suolo","status":"publish","type":"post","link":"https:\/\/www.europesays.com\/lt\/71321\/","title":{"rendered":"Jansonas sugr\u012f\u017eo ant \u201eArouca\u201c klubo suolo"},"content":{"rendered":"<p style=\"text-align: justify;\">\u0160e\u0161ioms pastarosioms rungtyn\u0117ms neregistruotas Romualdas Jansonas \u0161\u012fvakar sugr\u012f\u017eo \u012f \u201eArouca\u201c klubo parai\u0161k\u0105 Portugalijos lygos rungtyn\u0117se.<\/p>\n<p style=\"text-align: justify;\">Tiesa, lietuvis liko s\u0117d\u0117ti ant suolo ir aik\u0161t\u0117je nepasirod\u0117, o jo ekipa namuose su\u017eaid\u0117 lygiosiomis 2:2 su \u201eGil Vicente\u201c klubu.<\/p>\n<p style=\"text-align: justify;\">\u012edomu tai, kad \u201eArouca\u201c per pirmas 12 minu\u010di\u0173 peln\u0117 du \u012fvar\u010dius, bet per likusi\u0105 rungtyni\u0173 dal\u012f \u0161ios persvaros nei\u0161laik\u0117 ir tur\u0117jo tenkintis ta\u0161ku.<\/p>\n<p style=\"text-align: justify;\">Po \u0161i\u0173 lygi\u0173j\u0173 \u201eArouca\u201c su 14 ta\u0161k\u0173 rikiuojasi \u0161e\u0161ioliktoje lygos vietoje, o \u201eGil Vicente\u201c ekipa su 27 ta\u0161kais yra ketvirta.<\/p>\n","protected":false},"excerpt":{"rendered":"\u0160e\u0161ioms pastarosioms rungtyn\u0117ms neregistruotas Romualdas Jansonas \u0161\u012fvakar sugr\u012f\u017eo \u012f \u201eArouca\u201c klubo parai\u0161k\u0105 Portugalijos lygos rungtyn\u0117se. Tiesa, lietuvis liko&hellip;\n","protected":false},"author":2,"featured_media":71322,"comment_status":"","ping_status":"","sticky":false,"template":"","format":"standard","meta":{"footnotes":""},"categories":[19],"tags":[57,43,55,48,54,51,49,50,37,39,36,38,40,45,23,44,53,42,56,47,112,104,46,58,52],"class_list":{"0":"post-71321","1":"post","2":"type-post","3":"status-publish","4":"format-standard","5":"has-post-thumbnail","7":"category-sportas","8":"tag-daiktai","9":"tag-dienos-kronika","10":"tag-gatves-tekstai","11":"tag-gyvenimas","12":"tag-interneto-pievos","13":"tag-keliones","14":"tag-kultura","15":"tag-laisvalaikis","16":"tag-lietuva","17":"tag-lietuviu","18":"tag-lithuania","19":"tag-lithuanian","20":"tag-lt","21":"tag-mokslas-ir-it","22":"tag-naujienos","23":"tag-pasaulis","24":"tag-projektai","25":"tag-rinktiniai-tekstai","26":"tag-simtmecio-portalas","27":"tag-sportas","28":"tag-sportas-lt","29":"tag-sports","30":"tag-verslas","31":"tag-video","32":"tag-zaidimai"},"share_on_mastodon":{"url":"https:\/\/pubeurope.com\/@lt\/115801896066201239","error":""},"_links":{"self":[{"href":"https:\/\/www.europesays.com\/lt\/wp-json\/wp\/v2\/posts\/71321","targetHints":{"allow":["GET"]}}],"collection":[{"href":"https:\/\/www.europesays.com\/lt\/wp-json\/wp\/v2\/posts"}],"about":[{"href":"https:\/\/www.europesays.com\/lt\/wp-json\/wp\/v2\/types\/post"}],"author":[{"embeddable":true,"href":"https:\/\/www.europesays.com\/lt\/wp-json\/wp\/v2\/users\/2"}],"replies":[{"embeddable":true,"href":"https:\/\/www.europesays.com\/lt\/wp-json\/wp\/v2\/comments?post=71321"}],"version-history":[{"count":0,"href":"https:\/\/www.europesays.com\/lt\/wp-json\/wp\/v2\/posts\/71321\/revisions"}],"wp:featuredmedia":[{"embeddable":true,"href":"https:\/\/www.europesays.com\/lt\/wp-json\/wp\/v2\/media\/71322"}],"wp:attachment":[{"href":"https:\/\/www.europesays.com\/lt\/wp-json\/wp\/v2\/media?parent=71321"}],"wp:term":[{"taxonomy":"category","embeddable":true,"href":"https:\/\/www.europesays.com\/lt\/wp-json\/wp\/v2\/categories?post=71321"},{"taxonomy":"post_tag","embeddable":true,"href":"https:\/\/www.europesays.com\/lt\/wp-json\/wp\/v2\/tags?post=71321"}],"curies":[{"name":"wp","href":"https:\/\/api.w.org\/{rel}","templated":true}]}}