{"id":71329,"date":"2025-12-29T08:27:22","date_gmt":"2025-12-29T08:27:22","guid":{"rendered":"https:\/\/www.europesays.com\/lt\/71329\/"},"modified":"2025-12-29T08:27:22","modified_gmt":"2025-12-29T08:27:22","slug":"skyrybas-isgyvenantis-naglis-sulija-nutrauke-tyla","status":"publish","type":"post","link":"https:\/\/www.europesays.com\/lt\/71329\/","title":{"rendered":"Skyrybas i\u0161gyvenantis Naglis \u0160ulija nutrauk\u0117 tyl\u0105"},"content":{"rendered":"<p>Patvirtino skyryb\u0173 fakt\u0105<\/p>\n<p class=\"MsoNormal\">Tai, kad byra antroji N. \u0160ulijos \u0161eima, prabilo pats astrologas. Portalo tv3.lt laidoje \u201ePasikalb\u0117kim\u201c su Renata \u0160akalyte-Jakovleva jis teig\u0117, kad \u0161ie metai jam atne\u0161\u0117 permainas, kuri\u0173 visgi nepabijojo imtis.<\/p>\n<p class=\"MsoNormal\">Naglis laidoje prisipa\u017eino, kad \u0161iuo metu vyksta skyrybos su dukros mama ir tai n\u0117ra lengvas etapas. Be to, prid\u016br\u0117, jog visi poky\u010diai ateina tuomet, kai jau kitaip b\u016bti nebegali. <\/p>\n<p>    <img decoding=\"async\" src=\"https:\/\/www.europesays.com\/lt\/wp-content\/uploads\/2025\/12\/98890a80-627f-11ed-a2eb-4547fe65e8cd.jpg\" loading=\"lazy\" alt=\"Naglis \u0160ulija\"\/>    <\/p>\n<p class=\"MsoNormal\">N. \u0160ulija \u2013 u\u017ekiet\u0117j\u0119s buriuotojas, tod\u0117l apm\u0105stymai apie itin sud\u0117tingus gyvenimo sprendimus j\u012f aplank\u0117 ne kur kitur, o b\u016btent j\u016broje.<\/p>\n<p class=\"MsoNormal\">\u201e\u0160tai tokioje tyloje ir ramyb\u0117je ateina tie atsakymai \u2013 tikrieji, kuri\u0173 tau reikia ir tu \u017einai, kaip bus\u201c, \u2013 tv3.lt laidoje sak\u0117 N. \u0160ulija.<\/p>\n<p>Pasteb\u0117tas \u017eavingos damos draugijoje<\/p>\n<p class=\"MsoNormal\">Prie\u0161 pat did\u017ei\u0105sias met\u0173 \u0161ventes Vilniuje vyko kal\u0117dinis vakar\u0117lis, sub\u016br\u0119s \u017einomos TV3 kino ir kulinarijos laidos \u201eGero savaitgalio receptas\u201c k\u016brybin\u0119 komand\u0105, projekto partnerius, draugus ir gaus\u0173 b\u016br\u012f \u017einom\u0173 \u0161alies veid\u0173. Tarp j\u0173 \u2013 ir meteorologas, or\u0173 prane\u0161\u0117jas TV3 \u017einiose <a rel=\"noopener nofollow\" target=\"_blank\" href=\"https:\/\/www.delfi.lt\/temos\/naglis-sulija\" data-rel-date-range=\"[]\">N. \u0160ulija<\/a>. <\/p>\n<p>    <img decoding=\"async\" src=\"https:\/\/www.europesays.com\/lt\/wp-content\/uploads\/2025\/12\/1766996841_813_143c2022-9698-4bbf-88ff-0ae28e30f305.jpg\" loading=\"lazy\" alt=\"Naglis \u0160ulija ir Viktorija Mykolaityt\u0117\"\/>    <\/p>\n<p class=\"MsoNormal\">\u0160alia \u017einomo vyro glaud\u0117si interjero dizainer\u0117 Viktorija Mykolaityt\u0117. \u201eDelfi\u201c \u017einiomis, jiedu kartu pasteb\u0117ti dar \u0161i\u0173 met\u0173 pavasar\u012f. <\/p>\n<p class=\"MsoNormal\">I\u0161 pirmosios santuokos horoskop\u0173 sudarin\u0117tojas N. \u0160ulija turi jau du suaugusius s\u016bnus. <\/p>\n<p>    <img decoding=\"async\" src=\"https:\/\/www.europesays.com\/lt\/wp-content\/uploads\/2025\/12\/1766996842_793_1b65f307-7576-4c51-9d8d-f2db29848d2a.jpg\" loading=\"lazy\" alt=\"Naglis \u0160ulija ir Viktorija Mykolaityt\u0117\"\/>              <\/p>\n","protected":false},"excerpt":{"rendered":"Patvirtino skyryb\u0173 fakt\u0105 Tai, kad byra antroji N. \u0160ulijos \u0161eima, prabilo pats astrologas. Portalo tv3.lt laidoje \u201ePasikalb\u0117kim\u201c su&hellip;\n","protected":false},"author":2,"featured_media":71330,"comment_status":"","ping_status":"","sticky":false,"template":"","format":"standard","meta":{"footnotes":""},"categories":[6],"tags":[25,30,31,34,35,24,32,33,37,39,36,38,40,12321,23,22,28,29,15948,26,27],"class_list":{"0":"post-71329","1":"post","2":"type-post","3":"status-publish","4":"format-standard","5":"has-post-thumbnail","7":"category-antrastes","8":"tag-antrastes","9":"tag-breaking-news","10":"tag-breakingnews","11":"tag-featured-news","12":"tag-featurednews","13":"tag-headlines","14":"tag-latest-news","15":"tag-latestnews","16":"tag-lietuva","17":"tag-lietuviu","18":"tag-lithuania","19":"tag-lithuanian","20":"tag-lt","21":"tag-naglis-sulija","22":"tag-naujienos","23":"tag-news","24":"tag-populiariausios-naujienos","25":"tag-populiariausiosnaujienos","26":"tag-skyrybas","27":"tag-top-stories","28":"tag-topstories"},"share_on_mastodon":{"url":"https:\/\/pubeurope.com\/@lt\/115801911765146417","error":""},"_links":{"self":[{"href":"https:\/\/www.europesays.com\/lt\/wp-json\/wp\/v2\/posts\/71329","targetHints":{"allow":["GET"]}}],"collection":[{"href":"https:\/\/www.europesays.com\/lt\/wp-json\/wp\/v2\/posts"}],"about":[{"href":"https:\/\/www.europesays.com\/lt\/wp-json\/wp\/v2\/types\/post"}],"author":[{"embeddable":true,"href":"https:\/\/www.europesays.com\/lt\/wp-json\/wp\/v2\/users\/2"}],"replies":[{"embeddable":true,"href":"https:\/\/www.europesays.com\/lt\/wp-json\/wp\/v2\/comments?post=71329"}],"version-history":[{"count":0,"href":"https:\/\/www.europesays.com\/lt\/wp-json\/wp\/v2\/posts\/71329\/revisions"}],"wp:featuredmedia":[{"embeddable":true,"href":"https:\/\/www.europesays.com\/lt\/wp-json\/wp\/v2\/media\/71330"}],"wp:attachment":[{"href":"https:\/\/www.europesays.com\/lt\/wp-json\/wp\/v2\/media?parent=71329"}],"wp:term":[{"taxonomy":"category","embeddable":true,"href":"https:\/\/www.europesays.com\/lt\/wp-json\/wp\/v2\/categories?post=71329"},{"taxonomy":"post_tag","embeddable":true,"href":"https:\/\/www.europesays.com\/lt\/wp-json\/wp\/v2\/tags?post=71329"}],"curies":[{"name":"wp","href":"https:\/\/api.w.org\/{rel}","templated":true}]}}