{"id":71338,"date":"2025-12-29T08:33:07","date_gmt":"2025-12-29T08:33:07","guid":{"rendered":"https:\/\/www.europesays.com\/lt\/71338\/"},"modified":"2025-12-29T08:33:07","modified_gmt":"2025-12-29T08:33:07","slug":"suvalku-koridorius-kodel-cia-reikalingas-naujas-poligonas","status":"publish","type":"post","link":"https:\/\/www.europesays.com\/lt\/71338\/","title":{"rendered":"Suvalk\u0173 koridorius \u2013 kod\u0117l \u010dia reikalingas naujas poligonas"},"content":{"rendered":"<p>Kai vie\u0161ai kalbama apie Suvalk\u0173 koridori\u0173, \u012fsivaizduojama ka\u017ekokia susisiekimui skirta teritorija, infrastrukt\u016bra, skirta prava\u017eiavimui. O i\u0161 ties\u0173 \u2013 tai labai \u012fvairaus kra\u0161tovaizd\u017eio ma\u017edaug 80 kilometr\u0173 Lietuv\u0105 ir Lenkij\u0105 jungiantis ruo\u017eas, \u012fsiterp\u0119s tarp Lietuvos ir Lenkijos valstybini\u0173 sien\u0173 su Rusijos Kaliningrado sritimi ir Baltarusija.<\/p>\n<p>Dar visi\u0161kai neseniai, prie\u0161 kelerius metus, \u0161is ruo\u017eas buvo vienintel\u0117 NATO valstybi\u0173 europinio bloko sausumos jungtis su labiausiai \u012f Rytus nutolusiomis Lietuva, Latvija ir Estija. B\u016btent prie\u0161 ma\u017edaug pusantro de\u0161imtme\u010dio vie\u0161umoje atsirado naratyvas apie i\u0161skirtin\u0119 \u0161ios teritorijos, pavadinkime j\u0105 Suvalk\u0173 s\u0105smauka, netgi strategin\u0119 reik\u0161m\u0119 Baltijos \u0161ali\u0173 apsigynimui nuo vis labiau ry\u0161k\u0117jan\u010di\u0173 Rusijos ir jos s\u0105junginink\u0117s Baltarusijos nauj\u0173j\u0173 imperini\u0173 ambicij\u0173.<\/p>\n","protected":false},"excerpt":{"rendered":"Kai vie\u0161ai kalbama apie Suvalk\u0173 koridori\u0173, \u012fsivaizduojama ka\u017ekokia susisiekimui skirta teritorija, infrastrukt\u016bra, skirta prava\u017eiavimui. O i\u0161 ties\u0173 \u2013&hellip;\n","protected":false},"author":2,"featured_media":71339,"comment_status":"","ping_status":"","sticky":false,"template":"","format":"standard","meta":{"footnotes":""},"categories":[13],"tags":[25,30,31,34,35,13954,24,14665,32,33,37,39,36,38,40,23,22,2505,28,29,9808,26,27],"class_list":{"0":"post-71338","1":"post","2":"type-post","3":"status-publish","4":"format-standard","5":"has-post-thumbnail","7":"category-lietuva","8":"tag-antrastes","9":"tag-breaking-news","10":"tag-breakingnews","11":"tag-featured-news","12":"tag-featurednews","13":"tag-haubicos","14":"tag-headlines","15":"tag-kapciamiestis","16":"tag-latest-news","17":"tag-latestnews","18":"tag-lietuva","19":"tag-lietuviu","20":"tag-lithuania","21":"tag-lithuanian","22":"tag-lt","23":"tag-naujienos","24":"tag-news","25":"tag-poligonas","26":"tag-populiariausios-naujienos","27":"tag-populiariausiosnaujienos","28":"tag-suvalku-koridorius","29":"tag-top-stories","30":"tag-topstories"},"share_on_mastodon":{"url":"https:\/\/pubeurope.com\/@lt\/115801935426032954","error":""},"_links":{"self":[{"href":"https:\/\/www.europesays.com\/lt\/wp-json\/wp\/v2\/posts\/71338","targetHints":{"allow":["GET"]}}],"collection":[{"href":"https:\/\/www.europesays.com\/lt\/wp-json\/wp\/v2\/posts"}],"about":[{"href":"https:\/\/www.europesays.com\/lt\/wp-json\/wp\/v2\/types\/post"}],"author":[{"embeddable":true,"href":"https:\/\/www.europesays.com\/lt\/wp-json\/wp\/v2\/users\/2"}],"replies":[{"embeddable":true,"href":"https:\/\/www.europesays.com\/lt\/wp-json\/wp\/v2\/comments?post=71338"}],"version-history":[{"count":0,"href":"https:\/\/www.europesays.com\/lt\/wp-json\/wp\/v2\/posts\/71338\/revisions"}],"wp:featuredmedia":[{"embeddable":true,"href":"https:\/\/www.europesays.com\/lt\/wp-json\/wp\/v2\/media\/71339"}],"wp:attachment":[{"href":"https:\/\/www.europesays.com\/lt\/wp-json\/wp\/v2\/media?parent=71338"}],"wp:term":[{"taxonomy":"category","embeddable":true,"href":"https:\/\/www.europesays.com\/lt\/wp-json\/wp\/v2\/categories?post=71338"},{"taxonomy":"post_tag","embeddable":true,"href":"https:\/\/www.europesays.com\/lt\/wp-json\/wp\/v2\/tags?post=71338"}],"curies":[{"name":"wp","href":"https:\/\/api.w.org\/{rel}","templated":true}]}}