{"id":71359,"date":"2025-12-29T08:44:06","date_gmt":"2025-12-29T08:44:06","guid":{"rendered":"https:\/\/www.europesays.com\/lt\/71359\/"},"modified":"2025-12-29T08:44:06","modified_gmt":"2025-12-29T08:44:06","slug":"baltieji-rumai-suirze-mar-a-lago-rezidencijoje-dar-vienas-svarbus-susitikimas-delfi","status":"publish","type":"post","link":"https:\/\/www.europesays.com\/lt\/71359\/","title":{"rendered":"Baltieji r\u016bmai suirz\u0119: \u201eMar-a-Lago\u201c rezidencijoje \u2013 dar vienas svarbus susitikimas &#8211; Delfi"},"content":{"rendered":"<ol>\n<li><a href=\"https:\/\/news.google.com\/rss\/articles\/CBMixwFBVV95cUxPRVZGY0h6dnRySmlHbVNUU1VGMklVeDJJcExYc1BRYWIzaEpEaDJSREdsaXZFT0s2d0czLThidmV5bGZYa3lWcTM5R0FaLTRFYjcycmRZeHc0ajc2NUljRTRWZlZ2MVVXM0hHYTJsdDByeW15bXd4QmltLU1FRnJkY0lRb1Rwd0RHYWVodVFPRnU4YmpGcU1pWG9yU0k3ZUluNWIxcTV6QTRDeWV0Y2pwWk9rVnFNV1FUcmdDaTAtY0psaHA5LWtr?oc=5\" target=\"_blank\" rel=\"nofollow noopener\">Baltieji r\u016bmai suirz\u0119: \u201eMar-a-Lago\u201c rezidencijoje \u2013 dar vienas svarbus susitikimas<\/a>&nbsp;&nbsp;Delfi<\/li>\n<li><a href=\"https:\/\/news.google.com\/rss\/articles\/CBMi-wFBVV95cUxOSlpsYTlCN24ySFRtcXBOZFltY2RNcTAxUEhoU1U5VTNxMEVSZWRQeFhkbk5JNFl4Wk9WQ2gwaWxiRlUxZzlDZl9BQ2MtTnB5dEViVkFFZXZybDVNS2Mxb3NDLVhnbGwycDdlOWdBLTBaVXZJVVJRX2lOQXhZdWpjWFpsTXVLZFpiWGc3Y1NkQS1jeDF5YVpBeFNfcmoyYnlTcVFQTi1tZ1BNMDFzX3dCOWtLc2lqWnIwNGJic1dZb25TNU5OLXowUm9BZmt5V3hYTGxlQ2h3eDJNZzljRDZPdVBUSC14QU1UbkppdHZOT28tQTJCZFY4cGJJaw?oc=5\" target=\"_blank\" rel=\"nofollow noopener\">\u0160i\u0105 savait\u0119: mokes\u010di\u0173 naujov\u0117s, Vyriausyb\u0117s \u0161imtadienis, Bulgarija \u2013 su euru, B. Netanyahu pas D. Trump\u0105, Naujieji metai<\/a>&nbsp;&nbsp;vz.lt<\/li>\n<li><a href=\"https:\/\/news.google.com\/rss\/articles\/CBMimAFBVV95cUxPb1JOMzRvc0RXNGZRYzJGUkFNbGctb2ZsRTJzSzBldloxaUFkTTlTT2NnLXdZTUotUkpSM0M0WjRpWDRlajN6b2YyWXQxMkxlTmNqZjVDTmxrZlh2WHJlaGZLdGVmcXdXeEl1WmUwU1N2X1F1dzYzd1RkVU5nd2QxM29iSncyNlhWdGd5b2FCbDBUUW5lcm5tZQ?oc=5\" target=\"_blank\" rel=\"nofollow noopener\">Benjaminas Netanyahu susitiks su Donaldu Trumpu<\/a>&nbsp;&nbsp;tv3.lt<\/li>\n<li><a href=\"https:\/\/news.google.com\/rss\/articles\/CBMisAFBVV95cUxPOHZ3ejVmZFRZY2VQbW04YUdralNtV0s4amlGbzdCUjIwYmRHWVE1RnkzQWNTVUNXbzZXa3dHcFhib2FqVFpvMW5saHlneG9lbkJZNFNpRmFxaHhjZzM1VF9DYVRDVE1MV1ZmemE5MDZVS2Z1UnREZFlCaXltYkhxX1NWNHR5YU9vR0JNd1kydFF4QVJ3TjloMzRZTlpsVk15UVVSV2hHRjVUWjRoLWFoRw?oc=5\" target=\"_blank\" rel=\"nofollow noopener\">Taikos planas \u012fstrigo pirmame etape: Netanyahu susitiks su Trumpu<\/a>&nbsp;&nbsp;LRT<\/li>\n<li><a href=\"https:\/\/news.google.com\/rss\/articles\/CBMiqgFBVV95cUxOUHFKdWZiWlhObFBQbHlzaHhPZzJhYXJuakFQRmZtMHhCUWRpU1RrM09iVkw5UXlSYWJHVlpFazMzZF8wY1U5S2cxekx3NkhtMjVfd0Y2RjlYWi1ic194VVNvMVQ3NDFRTWlEXy12T2c0WFJQQWtTUXlIM3lEVnpFckpkTzZzUFQ0SXFqQ0E5c0Jnc0FMek5mZzR3UE4tWHpPTnhVeTlwLW55QQ?oc=5\" target=\"_blank\" rel=\"nofollow noopener\">B. Netanyahu Floridoje susitiks su D. Trumpu<\/a>&nbsp;&nbsp;Lrytas<\/li>\n<\/ol>\n","protected":false},"excerpt":{"rendered":"Baltieji r\u016bmai suirz\u0119: \u201eMar-a-Lago\u201c rezidencijoje \u2013 dar vienas svarbus susitikimas&nbsp;&nbsp;Delfi \u0160i\u0105 savait\u0119: mokes\u010di\u0173 naujov\u0117s, Vyriausyb\u0117s \u0161imtadienis, Bulgarija \u2013&hellip;\n","protected":false},"author":2,"featured_media":71360,"comment_status":"","ping_status":"","sticky":false,"template":"","format":"standard","meta":{"footnotes":""},"categories":[15],"tags":[25,930,30,31,194,3346,34,35,24,32,33,37,39,36,38,40,23,22,44,28,29,26,27,74,75,76],"class_list":{"0":"post-71359","1":"post","2":"type-post","3":"status-publish","4":"format-standard","5":"has-post-thumbnail","7":"category-pasaulis","8":"tag-antrastes","9":"tag-benjaminas-netanyahu","10":"tag-breaking-news","11":"tag-breakingnews","12":"tag-donaldas-trumpas","13":"tag-elta-uzsienio-naujiena","14":"tag-featured-news","15":"tag-featurednews","16":"tag-headlines","17":"tag-latest-news","18":"tag-latestnews","19":"tag-lietuva","20":"tag-lietuviu","21":"tag-lithuania","22":"tag-lithuanian","23":"tag-lt","24":"tag-naujienos","25":"tag-news","26":"tag-pasaulis","27":"tag-populiariausios-naujienos","28":"tag-populiariausiosnaujienos","29":"tag-top-stories","30":"tag-topstories","31":"tag-world","32":"tag-world-news","33":"tag-worldnews"},"share_on_mastodon":{"url":"https:\/\/pubeurope.com\/@lt\/115801978567399624","error":""},"_links":{"self":[{"href":"https:\/\/www.europesays.com\/lt\/wp-json\/wp\/v2\/posts\/71359","targetHints":{"allow":["GET"]}}],"collection":[{"href":"https:\/\/www.europesays.com\/lt\/wp-json\/wp\/v2\/posts"}],"about":[{"href":"https:\/\/www.europesays.com\/lt\/wp-json\/wp\/v2\/types\/post"}],"author":[{"embeddable":true,"href":"https:\/\/www.europesays.com\/lt\/wp-json\/wp\/v2\/users\/2"}],"replies":[{"embeddable":true,"href":"https:\/\/www.europesays.com\/lt\/wp-json\/wp\/v2\/comments?post=71359"}],"version-history":[{"count":0,"href":"https:\/\/www.europesays.com\/lt\/wp-json\/wp\/v2\/posts\/71359\/revisions"}],"wp:featuredmedia":[{"embeddable":true,"href":"https:\/\/www.europesays.com\/lt\/wp-json\/wp\/v2\/media\/71360"}],"wp:attachment":[{"href":"https:\/\/www.europesays.com\/lt\/wp-json\/wp\/v2\/media?parent=71359"}],"wp:term":[{"taxonomy":"category","embeddable":true,"href":"https:\/\/www.europesays.com\/lt\/wp-json\/wp\/v2\/categories?post=71359"},{"taxonomy":"post_tag","embeddable":true,"href":"https:\/\/www.europesays.com\/lt\/wp-json\/wp\/v2\/tags?post=71359"}],"curies":[{"name":"wp","href":"https:\/\/api.w.org\/{rel}","templated":true}]}}