{"id":71395,"date":"2025-12-29T09:06:23","date_gmt":"2025-12-29T09:06:23","guid":{"rendered":"https:\/\/www.europesays.com\/lt\/71395\/"},"modified":"2025-12-29T09:06:23","modified_gmt":"2025-12-29T09:06:23","slug":"zagaras-ir-vel-iskrito-is-fenerbahce-rikiuotes","status":"publish","type":"post","link":"https:\/\/www.europesays.com\/lt\/71395\/","title":{"rendered":"\u017dagaras ir v\u0117l i\u0161krito i\u0161 \u201eFenerbah\u010de\u201c rikiuot\u0117s"},"content":{"rendered":"<p>25-eri\u0173 gyn\u0117jas susi\u017eeid\u0117 \u0161e\u0161tadien\u012f vykusiose Turkijos \u010dempionato rungtyn\u0117se su \u201eManisa\u201c ekipa, o <a rel=\"noopener nofollow\" target=\"_blank\" href=\"https:\/\/www.delfi.lt\/temos\/sarunas-jasikevicius\" tag-id=\"49712082\">\u0160ar\u016bno Jasikevi\u010diaus<\/a> aukl\u0117tiniai namuose namuose <a rel=\"noopener follow nofollow\" target=\"_blank\" href=\"https:\/\/www.delfi.lt\/krepsinis\/naujienos\/fenerbahce-uztikrintai-susitvarke-su-zemaicio-klubu-120191275\" data-rel-date-range=\"[]\">93:79<\/a> (26:20, 17:18, 23:14, 27:27) nugal\u0117jo \u201eManisa\u201c (3-10), kuriai atstovauja 29-eri\u0173 kaunietis <a rel=\"noopener nofollow\" target=\"_blank\" href=\"https:\/\/www.delfi.lt\/temos\/kristupas-zemaitis\" tag-id=\"65662330\">Kristupas \u017demaitis<\/a>. <\/p>\n<p>Tiesa, kiek laiko latvis i\u0161krito i\u0161 rikiuot\u0117s, Stambulo klubas neprane\u0161a.  <\/p>\n<p>Priminsime, jog tai jau tre\u010dioji A. \u017dagaro trauma \u0161iame sezone. <\/p>\n<p>Rugs\u0117jo 29 dien\u0105 gyn\u0117jas buvo i\u0161krit\u0119s i\u0161 rikiuot\u0117s d\u0117l kirk\u0161nies traumos, o spalio m\u0117nes\u012f jam buvo diagnozuotas dvigalvio \u0161launies raumens su\u017eeidimas.<\/p>\n<p>Turkijos pirmenyb\u0117se A. \u017dagaras su\u017eaid\u0117 penkerias rungtynes ir vidutini\u0161kai rinko po 3,6 ta\u0161ko bei atliko po 1,8 rezultatyvaus perdavimo. <\/p>\n<p>Eurolygoje latvis per trejas rungtynes vidutini\u0161kai rinko po 5 ta\u0161kus.   <\/p>\n","protected":false},"excerpt":{"rendered":"25-eri\u0173 gyn\u0117jas susi\u017eeid\u0117 \u0161e\u0161tadien\u012f vykusiose Turkijos \u010dempionato rungtyn\u0117se su \u201eManisa\u201c ekipa, o \u0160ar\u016bno Jasikevi\u010diaus aukl\u0117tiniai namuose namuose 93:79&hellip;\n","protected":false},"author":2,"featured_media":71396,"comment_status":"","ping_status":"","sticky":false,"template":"","format":"standard","meta":{"footnotes":""},"categories":[19],"tags":[2905,4167,37,39,36,38,40,311,47,104,313],"class_list":{"0":"post-71395","1":"post","2":"type-post","3":"status-publish","4":"format-standard","5":"has-post-thumbnail","7":"category-sportas","8":"tag-arturas-zagaras","9":"tag-kristupas-zemaitis","10":"tag-lietuva","11":"tag-lietuviu","12":"tag-lithuania","13":"tag-lithuanian","14":"tag-lt","15":"tag-sarunas-jasikevicius","16":"tag-sportas","17":"tag-sports","18":"tag-stambulo-fenerbahce"},"share_on_mastodon":{"url":"https:\/\/pubeurope.com\/@lt\/115802065012747646","error":""},"_links":{"self":[{"href":"https:\/\/www.europesays.com\/lt\/wp-json\/wp\/v2\/posts\/71395","targetHints":{"allow":["GET"]}}],"collection":[{"href":"https:\/\/www.europesays.com\/lt\/wp-json\/wp\/v2\/posts"}],"about":[{"href":"https:\/\/www.europesays.com\/lt\/wp-json\/wp\/v2\/types\/post"}],"author":[{"embeddable":true,"href":"https:\/\/www.europesays.com\/lt\/wp-json\/wp\/v2\/users\/2"}],"replies":[{"embeddable":true,"href":"https:\/\/www.europesays.com\/lt\/wp-json\/wp\/v2\/comments?post=71395"}],"version-history":[{"count":0,"href":"https:\/\/www.europesays.com\/lt\/wp-json\/wp\/v2\/posts\/71395\/revisions"}],"wp:featuredmedia":[{"embeddable":true,"href":"https:\/\/www.europesays.com\/lt\/wp-json\/wp\/v2\/media\/71396"}],"wp:attachment":[{"href":"https:\/\/www.europesays.com\/lt\/wp-json\/wp\/v2\/media?parent=71395"}],"wp:term":[{"taxonomy":"category","embeddable":true,"href":"https:\/\/www.europesays.com\/lt\/wp-json\/wp\/v2\/categories?post=71395"},{"taxonomy":"post_tag","embeddable":true,"href":"https:\/\/www.europesays.com\/lt\/wp-json\/wp\/v2\/tags?post=71395"}],"curies":[{"name":"wp","href":"https:\/\/api.w.org\/{rel}","templated":true}]}}