{"id":71681,"date":"2025-12-29T12:04:24","date_gmt":"2025-12-29T12:04:24","guid":{"rendered":"https:\/\/www.europesays.com\/lt\/71681\/"},"modified":"2025-12-29T12:04:24","modified_gmt":"2025-12-29T12:04:24","slug":"rusijos-snipai-terorizuoja-lietuva-delfi","status":"publish","type":"post","link":"https:\/\/www.europesays.com\/lt\/71681\/","title":{"rendered":"Rusijos \u0161nipai terorizuoja Lietuv\u0105 &#8211; Delfi"},"content":{"rendered":"\n<p>Rusai Ukrainoje prad\u0117jo atvir\u0105 kar\u0105 prie\u0161 Vakarus. Europos S\u0105jungos ir NATO \u0161alis jie puola slapta sabota\u017eais. Taikiniais s\u0105moningai pasirenkami civiliai objektai.<\/p>\n<p>Lietuvoje pastaraisiais metais fiksuoti gaisrai bei sprogimai. Deg\u0117 \u201eIKEA\u201c \u2013 tai, jau bylos duomenimis, siejama su Rusijos \u017evalgyba.<\/p>\n<p>Lenkijoje rus\u0173 \u017evalgyba kaltinama dar didesnio masto gaisrais, sprogimais, sugadintais gele\u017einkelio b\u0117giais. Tokiais i\u0161puoliais siekiama \u012fbauginti NATO valstybi\u0173 visuomenes.<\/p>\n<p>Atsi\u017evelgdamas \u012f augan\u010dias gr\u0117smes, Seimas leido Lietuvos \u017evalgybos tarnyboms, prireikus, naudoti sprogmenis \u2013 naikinti objektus, kelian\u010dius gr\u0117sm\u0119 nacionaliniam saugumui.<\/p>\n<p>\u201eSprogmen\u0173 galimas naudojimas galiot\u0173 jau dabar, nereik\u0117t\u0173 jokio atskiro re\u017eimo. \u012estatymas \u012fsigaliot\u0173 i\u0161 karto. Nesipl\u0117siu \u2013 tik pasikartosiu: visa tai daroma tam, kad mes tikrai jaustum\u0117m\u0117s saug\u016bs\u201c, \u2013 teig\u0117 premjer\u0117 Inga Ruginien\u0117.<\/p>\n<p>       <img decoding=\"async\" src=\"https:\/\/www.europesays.com\/lt\/wp-content\/uploads\/2025\/12\/62a44352-af93-49c2-b877-a718a994f09e.jpg\" loading=\"lazy\" alt=\"Inga Ruginien\u0117 \"\/>      <\/p>\n<p>Kra\u0161to apsaugos ministras nedetalizuoja, kokioms konkre\u010dioms u\u017eduotims \u017evalgyba gal\u0117t\u0173 naudoti sprogmenis. Anot jo, tai pad\u0117t\u0173 \u201eu\u017eb\u0117gti prie\u0161ui u\u017e aki\u0173\u201c.<\/p>\n<p>\u201eKadangi tai su \u017evalgyba susij\u0119 klausimai, \u010dia daug interpretacij\u0173 skleisti nei noriu, nei galiu. Galiu pasakyti tik tiek: mes galime arba ruo\u0161tis ir veikti, kai matome poreik\u012f, arba apgailestauti jau po fakto. \u0160iuo atveju mes ruo\u0161iam\u0117s veikti, jei toks poreikis atsirast\u0173\u201c, \u2013 komentavo kra\u0161to apsaugos ministras Robertas Kaunas.<\/p>\n<p>Premjer\u0117 pabr\u0117\u017eia, kad Lietuvos \u017evalgai privalo tur\u0117ti galimyb\u0119 prireikus naudoti sprogmenis.<\/p>\n<p>\u201e\u0160iandien vertiname visas gr\u0117smes ir darysime visk\u0105, imsim\u0117s vis\u0173 priemoni\u0173, kad kiekvienas Lietuvos gyventojas jaust\u0173si saugus. Gyvename neramiu laikotarpiu\u201c, \u2013 kalb\u0117jo I. Ruginien\u0117.<\/p>\n<p>\u012estatyme ai\u0161kiai numatyta, kad \u017evalgyba negal\u0117s naudoti sprogmen\u0173 savo nuo\u017ei\u016bra \u2013 tik gavusi teismo leidim\u0105.<\/p>\n<p>\u201e\u010cia sprend\u017eia pa\u010dios tarnybos, matydamos faktines aplinkybes. Be abejo, reikalingos teismo sankcijos \u2013 viskas sud\u0117liota taip, kad veikt\u0173 teisin\u0117je, demokratin\u0117je respublikoje. Ta\u010diau tarnybos turi tur\u0117ti \u012frankius saugumui u\u017etikrinti\u201c, \u2013 ai\u0161kino R. Kaunas.<\/p>\n<p>    <img decoding=\"async\" src=\"https:\/\/www.europesays.com\/lt\/wp-content\/uploads\/2025\/12\/04beb8ca-9d1f-4d4e-aeb9-2a879c824a36.jpg\" loading=\"lazy\" alt=\"Robertas Kaunas\"\/>      <\/p>\n<p>Teismai \u012fstatymu \u012fpareigoti svarbias \u017evalgybos operacijas patvirtinti arba atmesti kuo skubiau.<\/p>\n<p>Seime tarp nacionalinio saugumo klausimais dirban\u010di\u0173 politik\u0173 neprie\u0161taraujama tam, kad \u017evalgyba jau dabar tur\u0117t\u0173 galimyb\u0119 naudoti sprogmenis prie\u0161 prie\u0161\u0105.<\/p>\n<p>\u201eKuo labiau stipriname \u017evalgyb\u0105, tuo labiau stipriname savo geb\u0117jim\u0105 atgrasyti gr\u0117smes, jas identifikuoti ir i\u0161vengti. Tai logi\u0161kas sprendimas\u201c, \u2013 teig\u0117 Seimo narys Giedrimas Jeglinskas.<\/p>\n<p>Pabr\u0117\u017eiama, kad da\u017eniausiai kalbama apie speciali\u0173 sprogstam\u0173j\u0173 u\u017etais\u0173 naudojim\u0105 patekimui \u012f patalpas ar \u012fslaptint\u0173 duomen\u0173 sunaikinimui.<\/p>\n<p>\u201ePolicijos pareig\u016bnai, \u201eAras\u201c, naudoja sprogmenis patekimui \u012f patalpas \u2013 i\u0161sprogdinamos durys ir pana\u0161iai. Ta\u010diau yra ir kitos naudojimo galimyb\u0117s. Pavyzd\u017eiui, kai b\u016btina \u010dia ir dabar sunaikinti \u012fslaptint\u0105 informacij\u0105, evakuojantis\u201c, \u2013 ai\u0161kino Seimo narys Dainius Gai\u017eauskas.<\/p>\n<p>Iki \u0161iol vald\u017eios daugiausia d\u0117mesio skyr\u0117 kariuomen\u0117s stiprinimui, ta\u010diau \u017evalgyba \u2013 nuo kurios prasideda gynyba \u2013 ilg\u0105 laik\u0105 liko nuo\u0161alyje.<\/p>\n<p>\u201e30 met\u0173 gyvenome taip, kad m\u016bs\u0173 \u017evalgybos tarnybos net matydamos nusikaltim\u0105 negal\u0117jo veikti \u2013 net u\u017ed\u0117ti antranki\u0173. Jei prie VSD stov\u0117davo \u012ftartinas automobilis, tekdavo kviestis policij\u0105\u201c, \u2013 pasakojo D. Gai\u017eauskas.<\/p>\n<p>Naujasis \u012fstatymas suteikia galimyb\u0119 sprogmenis, kaip ir ginklus, ne tik naudoti, bet ir grasinti juos panaudoti \u2013 kaip psichin\u0117s prievartos priemon\u0119.<\/p>\n<p>Seimas taip pat sustiprino garantijas ir apsaug\u0105 \u017evalgybos pareig\u016bn\u0173 \u0161eimos nariams.<\/p>\n<p>\u201e\u0160ie darbuotojai dirba ypa\u010d jautr\u0173 darb\u0105, tod\u0117l speciali apsauga jiems yra b\u016btina\u201c, \u2013 pabr\u0117\u017e\u0117 I. Ruginien\u0117.<\/p>\n<p>\u012estatyme numatyta ir i\u0161imtis \u2013 ypatingais atvejais \u017evalgyba ginklus ar sprogmenis gal\u0117t\u0173 panaudoti ir nelaukdama teismo leidimo. Ta\u010diau po tokios operacijos privaloma nedelsiant informuoti institucijas ir pateikti pagrindim\u0105.<\/p>\n","protected":false},"excerpt":{"rendered":"Rusai Ukrainoje prad\u0117jo atvir\u0105 kar\u0105 prie\u0161 Vakarus. Europos S\u0105jungos ir NATO \u0161alis jie puola slapta sabota\u017eais. Taikiniais s\u0105moningai&hellip;\n","protected":false},"author":2,"featured_media":30280,"comment_status":"","ping_status":"","sticky":false,"template":"","format":"standard","meta":{"footnotes":""},"categories":[13],"tags":[25,30,31,34,35,24,32,33,37,39,36,38,40,23,22,28,29,119,5720,26,27],"class_list":{"0":"post-71681","1":"post","2":"type-post","3":"status-publish","4":"format-standard","5":"has-post-thumbnail","7":"category-lietuva","8":"tag-antrastes","9":"tag-breaking-news","10":"tag-breakingnews","11":"tag-featured-news","12":"tag-featurednews","13":"tag-headlines","14":"tag-latest-news","15":"tag-latestnews","16":"tag-lietuva","17":"tag-lietuviu","18":"tag-lithuania","19":"tag-lithuanian","20":"tag-lt","21":"tag-naujienos","22":"tag-news","23":"tag-populiariausios-naujienos","24":"tag-populiariausiosnaujienos","25":"tag-rusija","26":"tag-snipai","27":"tag-top-stories","28":"tag-topstories"},"share_on_mastodon":{"url":"https:\/\/pubeurope.com\/@lt\/115802765161421202","error":""},"_links":{"self":[{"href":"https:\/\/www.europesays.com\/lt\/wp-json\/wp\/v2\/posts\/71681","targetHints":{"allow":["GET"]}}],"collection":[{"href":"https:\/\/www.europesays.com\/lt\/wp-json\/wp\/v2\/posts"}],"about":[{"href":"https:\/\/www.europesays.com\/lt\/wp-json\/wp\/v2\/types\/post"}],"author":[{"embeddable":true,"href":"https:\/\/www.europesays.com\/lt\/wp-json\/wp\/v2\/users\/2"}],"replies":[{"embeddable":true,"href":"https:\/\/www.europesays.com\/lt\/wp-json\/wp\/v2\/comments?post=71681"}],"version-history":[{"count":0,"href":"https:\/\/www.europesays.com\/lt\/wp-json\/wp\/v2\/posts\/71681\/revisions"}],"wp:featuredmedia":[{"embeddable":true,"href":"https:\/\/www.europesays.com\/lt\/wp-json\/wp\/v2\/media\/30280"}],"wp:attachment":[{"href":"https:\/\/www.europesays.com\/lt\/wp-json\/wp\/v2\/media?parent=71681"}],"wp:term":[{"taxonomy":"category","embeddable":true,"href":"https:\/\/www.europesays.com\/lt\/wp-json\/wp\/v2\/categories?post=71681"},{"taxonomy":"post_tag","embeddable":true,"href":"https:\/\/www.europesays.com\/lt\/wp-json\/wp\/v2\/tags?post=71681"}],"curies":[{"name":"wp","href":"https:\/\/api.w.org\/{rel}","templated":true}]}}