{"id":71961,"date":"2025-12-29T17:19:07","date_gmt":"2025-12-29T17:19:07","guid":{"rendered":"https:\/\/www.europesays.com\/lt\/71961\/"},"modified":"2025-12-29T17:19:07","modified_gmt":"2025-12-29T17:19:07","slug":"mobinga-real-klube-patyrusi-mitybos-specialiste-man-sake-nieko-nekeisk-arba-busi-atleista","status":"publish","type":"post","link":"https:\/\/www.europesays.com\/lt\/71961\/","title":{"rendered":"Mobing\u0105 \u201eReal\u201c klube patyrusi mitybos specialist\u0117: \u201eMan sak\u0117 &#8211; nieko nekeisk arba b\u016bsi atleista\u201c"},"content":{"rendered":"<p>Itziara Gonzalez teigia, kad Madrido \u201eReal\u201c klube ji susid\u016br\u0117 su i\u0161\u0161\u016bkiais dirbti savo darb\u0105. Jos teigimu medicinos personalas atmet\u0117 jos si\u016blymus keisti \u017eaid\u0117j\u0173 mityb\u0105 ir grasino atleidimu.<\/p>\n<p>Buvusi klubo mitybos specialist\u0117 I. Gonzalez pasakojo, jog darbe k\u0117l\u0117 klausim\u0105 d\u0117l sald\u017ei\u0173 bandeli\u0173 pusry\u010diams.<\/p>\n<p>\u201ePasakiau medicinos personalui, kad kepiniai pusry\u010diams n\u0117ra geriausias variantas, o jie atsak\u0117: \u201eViskas turi likti taip pat \u2013 nieko nekeisk, nes b\u016bsi atleista. Mes taip laim\u0117jome 15 \u010cempion\u0173 lyg\u0173\u201c, \u2013 teig\u0117 specialist\u0117, pridurdama, kad \u0161i\u0105 fraz\u0119 girdi nuolat.    I. Gonzalez tvirtina, kad jos darbas buvo sistemingai menkinamas: \u017eaid\u0117jams apie j\u0105 beveik nebuvo pasakojama, kabineto vietos niekas nepaai\u0161kino, o \u012f pastabas d\u0117l mitybos buvo reaguojama prie\u0161i\u0161kai.<\/p>\n<p>Pasak jos, ji galiausiai buvo atleista ir pateik\u0117 skund\u0105 d\u0117l mobingo bei priekabiavimo darbo vietoje, nors, anot pa\u010dios, buvo \u012fsp\u0117ta, kad taip gali sugadinti savo gyvenim\u0105.<\/p>\n<p>\u00a0<\/p>\n","protected":false},"excerpt":{"rendered":"Itziara Gonzalez teigia, kad Madrido \u201eReal\u201c klube ji susid\u016br\u0117 su i\u0161\u0161\u016bkiais dirbti savo darb\u0105. Jos teigimu medicinos personalas&hellip;\n","protected":false},"author":2,"featured_media":71962,"comment_status":"","ping_status":"","sticky":false,"template":"","format":"standard","meta":{"footnotes":""},"categories":[19],"tags":[57,43,55,48,54,51,49,50,37,39,36,38,40,45,23,44,53,42,56,47,112,104,46,58,52],"class_list":{"0":"post-71961","1":"post","2":"type-post","3":"status-publish","4":"format-standard","5":"has-post-thumbnail","7":"category-sportas","8":"tag-daiktai","9":"tag-dienos-kronika","10":"tag-gatves-tekstai","11":"tag-gyvenimas","12":"tag-interneto-pievos","13":"tag-keliones","14":"tag-kultura","15":"tag-laisvalaikis","16":"tag-lietuva","17":"tag-lietuviu","18":"tag-lithuania","19":"tag-lithuanian","20":"tag-lt","21":"tag-mokslas-ir-it","22":"tag-naujienos","23":"tag-pasaulis","24":"tag-projektai","25":"tag-rinktiniai-tekstai","26":"tag-simtmecio-portalas","27":"tag-sportas","28":"tag-sportas-lt","29":"tag-sports","30":"tag-verslas","31":"tag-video","32":"tag-zaidimai"},"share_on_mastodon":{"url":"https:\/\/pubeurope.com\/@lt\/115804004218281491","error":""},"_links":{"self":[{"href":"https:\/\/www.europesays.com\/lt\/wp-json\/wp\/v2\/posts\/71961","targetHints":{"allow":["GET"]}}],"collection":[{"href":"https:\/\/www.europesays.com\/lt\/wp-json\/wp\/v2\/posts"}],"about":[{"href":"https:\/\/www.europesays.com\/lt\/wp-json\/wp\/v2\/types\/post"}],"author":[{"embeddable":true,"href":"https:\/\/www.europesays.com\/lt\/wp-json\/wp\/v2\/users\/2"}],"replies":[{"embeddable":true,"href":"https:\/\/www.europesays.com\/lt\/wp-json\/wp\/v2\/comments?post=71961"}],"version-history":[{"count":0,"href":"https:\/\/www.europesays.com\/lt\/wp-json\/wp\/v2\/posts\/71961\/revisions"}],"wp:featuredmedia":[{"embeddable":true,"href":"https:\/\/www.europesays.com\/lt\/wp-json\/wp\/v2\/media\/71962"}],"wp:attachment":[{"href":"https:\/\/www.europesays.com\/lt\/wp-json\/wp\/v2\/media?parent=71961"}],"wp:term":[{"taxonomy":"category","embeddable":true,"href":"https:\/\/www.europesays.com\/lt\/wp-json\/wp\/v2\/categories?post=71961"},{"taxonomy":"post_tag","embeddable":true,"href":"https:\/\/www.europesays.com\/lt\/wp-json\/wp\/v2\/tags?post=71961"}],"curies":[{"name":"wp","href":"https:\/\/api.w.org\/{rel}","templated":true}]}}