{"id":72321,"date":"2025-12-30T07:22:11","date_gmt":"2025-12-30T07:22:11","guid":{"rendered":"https:\/\/www.europesays.com\/lt\/72321\/"},"modified":"2025-12-30T07:22:11","modified_gmt":"2025-12-30T07:22:11","slug":"kritinis-sodros-pranesimas-galite-visai-negauti-jums-priklausanciu-ismoku","status":"publish","type":"post","link":"https:\/\/www.europesays.com\/lt\/72321\/","title":{"rendered":"Kritinis \u201eSodros\u201c prane\u0161imas: galite visai negauti jums priklausan\u010di\u0173 i\u0161mok\u0173"},"content":{"rendered":"<p>\u201eSodra\u201c atkreipia gyventoj\u0173 d\u0117mes\u012f, kad U\u017esienio i\u0161mok\u0173 skyrius \u0161iuo metu veikia Laisv\u0117s prospekte 28, Vilniuje. \u0160i informacija ypa\u010d aktuali lietuviams, kurie gyvena ar dirba u\u017esienyje ir su \u201eSodra\u201c bendrauja si\u0173sdami dokumentus pa\u0161tu.<\/p>\n<p>\u012e U\u017esienio i\u0161mok\u0173 skyri\u0173 da\u017eniausiai siun\u010diami dokumentai, susij\u0119 su socialin\u0117mis i\u0161mokomis: gyvenamosios vietos u\u017esienyje deklaravim\u0105 patvirtinantys dokumentai, kasmet privalomi gyvyb\u0117s \u012frodymai pensij\u0173 gav\u0117jams, taip pat pra\u0161ymai i\u0161duoti \u012fvairias pa\u017eymas.\u00a0<\/p>\n<p>Pa\u0161tu neretai keliauja ir darbo sta\u017e\u0105 patvirtinantys dokumentai bei u\u017esienio institucij\u0173 i\u0161duotos pa\u017eymos, reikalingos pensijoms ar kitoms i\u0161mokoms apskai\u010diuoti.<\/p>\n<p>Vis d\u0117lto \u201eSodra\u201c pastebi, kad dalis gyventoj\u0173 vis dar dokumentus siun\u010dia senuoju U\u017esienio i\u0161mok\u0173 skyriaus adresu Kalvarij\u0173 gatv\u0117je Vilniuje.\u00a0<\/p>\n<p>Nors skyrius jau tre\u010dius metus veikia naujoje vietoje, senasis adresas vis dar sulaukia t\u016bkstan\u010di\u0173 pa\u0161to siunt\u0173. D\u0117l to dokument\u0173 tvarkymas gali u\u017esit\u0119sti, o kai kuriais atvejais \u2013 sukelti papildom\u0173 nepatogum\u0173 patiems gyventojams. Tod\u0117l raginama vis\u0105 korespondencij\u0105 si\u0173sti tik galiojan\u010diu adresu: Laisv\u0117s pr. 28, 04315 Vilnius.<\/p>\n<p>\u012esigaliojo svarbi naujov\u0117<\/p>\n<p><img loading=\"lazy\" decoding=\"async\" style=\"aspect-ratio:632\/421;\" src=\"https:\/\/bilis.lt\/assets\/nuotraukos\/_tekstuose\/499697\/sodra.avif\" width=\"632\" height=\"421\" alt=\"\"\/><\/p>\n<p>Siekiant palengvinti bendravim\u0105 su \u201eSodra\u201c ir suma\u017einti b\u016btinyb\u0119 naudotis tradiciniu pa\u0161tu, vis daugiau paslaug\u0173 perkeliama \u012f elektronin\u0119 erdv\u0119.\u00a0<\/p>\n<p>Daugum\u0105 dokument\u0173 gyventojai dabar gali pateikti prisijung\u0119 prie asmenin\u0117s paskyros gyventojai.sodra.lt. \u0160\u012f b\u016bd\u0105 ypa\u010d aktyviai renkasi u\u017esienyje gyvenantys lietuviai, nes jis leid\u017eia reikalus tvarkyti greitai, saugiai ir nei\u0161einant i\u0161 nam\u0173.<\/p>\n<p>Dar viena svarbi naujov\u0117 \u2013 galimyb\u0117 dal\u012f formalum\u0173 atlikti vaizdo skambu\u010dio metu. U\u017esienyje gyvenantys pensij\u0173 gav\u0117jai kiekvienais metais, laikotarpiu nuo spalio 1 dienos iki gruod\u017eio 31 dienos, privalo patvirtinti, kad yra gyvi ir gyvena konkre\u010dioje u\u017esienio valstyb\u0117je.<\/p>\n<p>\u0160is patvirtinimas yra b\u016btinas tam, kad \u201eSodra\u201c gal\u0117t\u0173 ir toliau pervesti pensij\u0105 bei u\u017etikrinti, jog i\u0161moka pasiekt\u0173 teis\u0117t\u0105 gav\u0117j\u0105. Vietoj dokument\u0173 siuntimo pa\u0161tu pensij\u0173 gav\u0117jai gali i\u0161 anksto u\u017esiregistruoti vaizdo skambu\u010diui su \u201eSodros\u201c specialistu.\u00a0<\/p>\n<p>Toks sprendimas laikomas patogiu ir \u0161iuolaiki\u0161ku, nes leid\u017eia sutaupyti laiko, i\u0161vengti pa\u0161to v\u0117lavim\u0173 ir suma\u017einti administracin\u0119 na\u0161t\u0105 tiek gyventojams, tiek institucijai.<\/p>\n","protected":false},"excerpt":{"rendered":"\u201eSodra\u201c atkreipia gyventoj\u0173 d\u0117mes\u012f, kad U\u017esienio i\u0161mok\u0173 skyrius \u0161iuo metu veikia Laisv\u0117s prospekte 28, Vilniuje. \u0160i informacija ypa\u010d&hellip;\n","protected":false},"author":2,"featured_media":72322,"comment_status":"","ping_status":"","sticky":false,"template":"","format":"standard","meta":{"footnotes":""},"categories":[13],"tags":[2080,25,30,31,34,35,666,24,2966,2074,2873,32,33,37,39,36,38,40,23,16104,22,28,29,13536,16105,26,27,434],"class_list":{"0":"post-72321","1":"post","2":"type-post","3":"status-publish","4":"format-standard","5":"has-post-thumbnail","7":"category-lietuva","8":"tag-sodros","9":"tag-antrastes","10":"tag-breaking-news","11":"tag-breakingnews","12":"tag-featured-news","13":"tag-featurednews","14":"tag-galite","15":"tag-headlines","16":"tag-ismoku","17":"tag-jums","18":"tag-kritinis","19":"tag-latest-news","20":"tag-latestnews","21":"tag-lietuva","22":"tag-lietuviu","23":"tag-lithuania","24":"tag-lithuanian","25":"tag-lt","26":"tag-naujienos","27":"tag-negauti","28":"tag-news","29":"tag-populiariausios-naujienos","30":"tag-populiariausiosnaujienos","31":"tag-pranesimas","32":"tag-priklausanciu","33":"tag-top-stories","34":"tag-topstories","35":"tag-visai"},"share_on_mastodon":{"url":"https:\/\/pubeurope.com\/@lt\/115807318382160883","error":""},"_links":{"self":[{"href":"https:\/\/www.europesays.com\/lt\/wp-json\/wp\/v2\/posts\/72321","targetHints":{"allow":["GET"]}}],"collection":[{"href":"https:\/\/www.europesays.com\/lt\/wp-json\/wp\/v2\/posts"}],"about":[{"href":"https:\/\/www.europesays.com\/lt\/wp-json\/wp\/v2\/types\/post"}],"author":[{"embeddable":true,"href":"https:\/\/www.europesays.com\/lt\/wp-json\/wp\/v2\/users\/2"}],"replies":[{"embeddable":true,"href":"https:\/\/www.europesays.com\/lt\/wp-json\/wp\/v2\/comments?post=72321"}],"version-history":[{"count":0,"href":"https:\/\/www.europesays.com\/lt\/wp-json\/wp\/v2\/posts\/72321\/revisions"}],"wp:featuredmedia":[{"embeddable":true,"href":"https:\/\/www.europesays.com\/lt\/wp-json\/wp\/v2\/media\/72322"}],"wp:attachment":[{"href":"https:\/\/www.europesays.com\/lt\/wp-json\/wp\/v2\/media?parent=72321"}],"wp:term":[{"taxonomy":"category","embeddable":true,"href":"https:\/\/www.europesays.com\/lt\/wp-json\/wp\/v2\/categories?post=72321"},{"taxonomy":"post_tag","embeddable":true,"href":"https:\/\/www.europesays.com\/lt\/wp-json\/wp\/v2\/tags?post=72321"}],"curies":[{"name":"wp","href":"https:\/\/api.w.org\/{rel}","templated":true}]}}