{"id":72520,"date":"2025-12-30T11:16:12","date_gmt":"2025-12-30T11:16:12","guid":{"rendered":"https:\/\/www.europesays.com\/lt\/72520\/"},"modified":"2025-12-30T11:16:12","modified_gmt":"2025-12-30T11:16:12","slug":"sios-poros-amziaus-skirtumas-didziausias-istorijoje-jausmai-nepaklusta-skaiciams-pase","status":"publish","type":"post","link":"https:\/\/www.europesays.com\/lt\/72520\/","title":{"rendered":"\u0160ios poros am\u017eiaus skirtumas \u2013 did\u017eiausias istorijoje: jausmai nepakl\u016bsta skai\u010diams pase"},"content":{"rendered":"<p>D\u017eono ir Gertr\u016bdos meil\u0117s istorija v\u0117l atsid\u016br\u0117 d\u0117mesio centre po to, kai buvo atnaujinti pasaulio rekord\u0173 duomenys Gineso rekord\u0173 knygoje.<\/p>\n<p>Jie pripa\u017einti sutuoktini\u0173 pora su did\u017eiausiu am\u017eiaus skirtumu \u2013 63 metais.<\/p>\n<p>D\u017eonas, gim\u0119s 1845 m., buvo JAV pilietinio karo veteranas. Gertr\u016bda nuo vaikyst\u0117s pa\u017einojo Januv\u0117j\u0173 \u0161eim\u0105 \u2013 j\u0173 \u0161eimos draugavo.<\/p>\n<p>Meil\u0117s istorija<\/p>\n<p>\u201eMama sak\u0117, kad turime susitikin\u0117ti trejus metus, kol a\u0161 u\u017eaugsiu. Mes susitikin\u0117jome tik dvejus metus. S\u0117d\u0117jome kieme pintose k\u0117d\u0117se ir gal\u0117jome kalb\u0117tis valandas\u201c, \u2013 prisimin\u0117 Gertr\u016bda savo interviu 1998 m.<\/p>\n<p>Pora susituok\u0117 1927 m. bir\u017eelio 9 d. Vestuv\u0117s vyko tiesiog ant \u017evyrkelio, dalyvaujant artimiesiems ir kaimynams. Tuo metu D\u017eonui\u00a0buvo 81 metai, Gertr\u016bdai \u2013 18 met\u0173.<\/p>\n<p>Sutuoktiniai apsigyveno mediniame name Bleine miestelyje, kur\u012f Gertr\u016bda v\u0117liau vadino \u201evieninteliu tikru namu\u201c.<\/p>\n<p>Na\u0161l\u0117 27 met\u0173<\/p>\n<p>D\u017eonas mir\u0117 1937 m., b\u016bdamas 91 met\u0173. Gertr\u016bda tapo na\u0161le 27 met\u0173.<\/p>\n<p>Iki pat mirties 2003 m. ji gaudavo pensij\u0105 \u201eJohn January\u201c vardu \u2013 tai slapyvardis, kuriuo D\u017eonas tarnavo kavalerijoje karo metu.<\/p>\n<p>\u201ePo jo mirties atrod\u0117, kad dalis man\u0119s paliko \u017eem\u0119 kartu su juo\u201c, \u2013 prisipa\u017eino moteris.<\/p>\n<p>Ji i\u0161tek\u0117jo antr\u0105 kart\u0105, bet po keleri\u0173 met\u0173 i\u0161siskyr\u0117 ir susigr\u0105\u017eino Januvey pavard\u0119 \u2013 pavard\u0119, kuri, jos \u017eod\u017eiais, jai rei\u0161k\u0117 tikr\u0105 meil\u0119.<\/p>\n","protected":false},"excerpt":{"rendered":"D\u017eono ir Gertr\u016bdos meil\u0117s istorija v\u0117l atsid\u016br\u0117 d\u0117mesio centre po to, kai buvo atnaujinti pasaulio rekord\u0173 duomenys Gineso&hellip;\n","protected":false},"author":2,"featured_media":72521,"comment_status":"","ping_status":"","sticky":false,"template":"","format":"standard","meta":{"footnotes":""},"categories":[13],"tags":[25,30,31,34,35,24,32,33,37,39,36,38,40,23,22,28,29,26,27],"class_list":{"0":"post-72520","1":"post","2":"type-post","3":"status-publish","4":"format-standard","5":"has-post-thumbnail","7":"category-lietuva","8":"tag-antrastes","9":"tag-breaking-news","10":"tag-breakingnews","11":"tag-featured-news","12":"tag-featurednews","13":"tag-headlines","14":"tag-latest-news","15":"tag-latestnews","16":"tag-lietuva","17":"tag-lietuviu","18":"tag-lithuania","19":"tag-lithuanian","20":"tag-lt","21":"tag-naujienos","22":"tag-news","23":"tag-populiariausios-naujienos","24":"tag-populiariausiosnaujienos","25":"tag-top-stories","26":"tag-topstories"},"share_on_mastodon":{"url":"https:\/\/pubeurope.com\/@lt\/115808238488922981","error":""},"_links":{"self":[{"href":"https:\/\/www.europesays.com\/lt\/wp-json\/wp\/v2\/posts\/72520","targetHints":{"allow":["GET"]}}],"collection":[{"href":"https:\/\/www.europesays.com\/lt\/wp-json\/wp\/v2\/posts"}],"about":[{"href":"https:\/\/www.europesays.com\/lt\/wp-json\/wp\/v2\/types\/post"}],"author":[{"embeddable":true,"href":"https:\/\/www.europesays.com\/lt\/wp-json\/wp\/v2\/users\/2"}],"replies":[{"embeddable":true,"href":"https:\/\/www.europesays.com\/lt\/wp-json\/wp\/v2\/comments?post=72520"}],"version-history":[{"count":0,"href":"https:\/\/www.europesays.com\/lt\/wp-json\/wp\/v2\/posts\/72520\/revisions"}],"wp:featuredmedia":[{"embeddable":true,"href":"https:\/\/www.europesays.com\/lt\/wp-json\/wp\/v2\/media\/72521"}],"wp:attachment":[{"href":"https:\/\/www.europesays.com\/lt\/wp-json\/wp\/v2\/media?parent=72520"}],"wp:term":[{"taxonomy":"category","embeddable":true,"href":"https:\/\/www.europesays.com\/lt\/wp-json\/wp\/v2\/categories?post=72520"},{"taxonomy":"post_tag","embeddable":true,"href":"https:\/\/www.europesays.com\/lt\/wp-json\/wp\/v2\/tags?post=72520"}],"curies":[{"name":"wp","href":"https:\/\/api.w.org\/{rel}","templated":true}]}}