{"id":73160,"date":"2025-12-31T09:04:11","date_gmt":"2025-12-31T09:04:11","guid":{"rendered":"https:\/\/www.europesays.com\/lt\/73160\/"},"modified":"2025-12-31T09:04:11","modified_gmt":"2025-12-31T09:04:11","slug":"gruodzio-31-d-vardadieniai-ir-kitos-idomybes-respublika-lt","status":"publish","type":"post","link":"https:\/\/www.europesays.com\/lt\/73160\/","title":{"rendered":"Gruod\u017eio 31 d. vardadieniai ir kitos \u012fdomyb\u0117s &#8211; Respublika.lt"},"content":{"rendered":"<p><img loading=\"lazy\" decoding=\"async\" src=\"https:\/\/www.respublika.lt\/lt\/naujienos\/pramogos\/idomybes\/gruodzio-31-d-vardadieniai-ir-kitos-idomybes-87241649\/images\/ico_camera_white.gif\" class=\"camera\" width=\"22\" height=\"15\" alt=\"nuotr.\" style=\"position:relative; top:-2px; right:2px;\"\/> 1 nuotr.<\/p>\n<p>Asociatyvi EPA-Eltos nuotr.<\/p>\n<p style=\"text-align: justify;\" class=\"desktop_banner\">\u00a0<\/p>\n<p>\u00a0<\/p>\n<p>Savo vardadienius \u0161iandien \u0161ven\u010dia Gedganta, Gedgantas, Gedgant\u0117, Melanija, Melanijus, Silva, Silvas, Silvestra, Silvestras, Silvija, Silvijus;<\/p>\n<p>***<\/p>\n<p>Dangaus k\u016bnai:<\/p>\n<p>Saul\u0117 \u0161iandien teka 8.42, leid\u017eiasi 16.01. Dienos ilgumas &#8211; 7.19.<\/p>\n<p>\u0160iandien &#8211; penktoji M\u0117nulio prie\u0161pilnio diena.<\/p>\n<p>Saul\u0117 O\u017eiaragio \u017eenkle.<\/p>\n<p>***<\/p>\n<p>\u0160i\u0105 dien\u0105:<\/p>\n<p>1435 m. pasira\u0161yta Lenkijos ir Lietuvos bei Vokie\u010di\u0173 ordino Am\u017einosios taikos sutartis.<\/p>\n<p>1858 m. Pae\u017eeriuose gim\u0117 lietuvi\u0173 prozininkas, poetas, publicistas, kritikas, vert\u0117jas, vienas i\u0161 lietuvi\u0173 tautinio s\u0105j\u016bd\u017eio ideolog\u0173, Lietuvos Respublikos himno autorius daktaras Vincas Kudirka. Mir\u0117 1899 m.<\/p>\n<p>1918 m. vokie\u010di\u0173 okupacinei kariuomenei apleidus Vilni\u0173 ir art\u0117jant Raudonajai armijai, Mykolo Sle\u017eevi\u010diaus vadovaujama Vyriausyb\u0117 pasitrauk\u0117 \u012f Kaun\u0105.<\/p>\n<p>1920 m. Kauno lietuvi\u0173 operos vaidykloje pastatyta pirmoji opera &#8211; Giuseppe Verdi \u201eTraviata&#8221;.<\/p>\n<p>1983 m. prad\u0117jo veikti Ignalinos atomin\u0117 elektrin\u0117.<\/p>\n<p>2009 m. Lietuvos met\u0173 \u017emogumi pirm\u0105kart i\u0161rinkta moteris. Ja tapo prezident\u0117 Dalia Grybauskait\u0117.<\/p>\n<p>2011 m. eidama 97-uosius metus Kalifornijoje (JAV) mir\u0117 i\u0161eivijos ra\u0161ytoja, poet\u0117, \u017eurnalist\u0117, ateitinink\u0117 ir veikli JAV lietuvi\u0173 veik\u0117ja Al\u0117 R\u016bta (Elena Viktorija Nakait\u0117-Arbien\u0117).<\/p>\n<p>2014 m. eidamas 80-uosius metus mir\u0117 vienas \u017eymiausi\u0173 XX a. filolog\u0173, lietuvi\u0173 literat\u016bros istorikas profesorius Juozapas Girdzijauskas.<\/p>\n<p>2016 m. eidamas 88-uosius metus mir\u0117 poetas Vytautas Petras Blo\u017e\u0117.<\/p>\n<p>2018 m. eidamas 81-uosius metus mir\u0117 satyrikas, prozininkas, vert\u0117jas Jurgis Gimberis.<\/p>\n","protected":false},"excerpt":{"rendered":"1 nuotr. Asociatyvi EPA-Eltos nuotr. \u00a0 \u00a0 Savo vardadienius \u0161iandien \u0161ven\u010dia Gedganta, Gedgantas, Gedgant\u0117, Melanija, Melanijus, Silva, Silvas,&hellip;\n","protected":false},"author":2,"featured_media":73161,"comment_status":"","ping_status":"","sticky":false,"template":"","format":"standard","meta":{"footnotes":""},"categories":[13],"tags":[25,30,31,187,192,34,35,12512,24,186,189,188,32,33,37,39,36,38,40,191,190,23,22,28,29,193,26,27,185],"class_list":{"0":"post-73160","1":"post","2":"type-post","3":"status-publish","4":"format-standard","5":"has-post-thumbnail","7":"category-lietuva","8":"tag-antrastes","9":"tag-breaking-news","10":"tag-breakingnews","11":"tag-citatos","12":"tag-dienos","13":"tag-featured-news","14":"tag-featurednews","15":"tag-gruodis","16":"tag-headlines","17":"tag-idomybes","18":"tag-istorija","19":"tag-ivykiai","20":"tag-latest-news","21":"tag-latestnews","22":"tag-lietuva","23":"tag-lietuviu","24":"tag-lithuania","25":"tag-lithuanian","26":"tag-lt","27":"tag-metai","28":"tag-naujieji","29":"tag-naujienos","30":"tag-news","31":"tag-populiariausios-naujienos","32":"tag-populiariausiosnaujienos","33":"tag-savaite","34":"tag-top-stories","35":"tag-topstories","36":"tag-vardadieniai"},"share_on_mastodon":{"url":"https:\/\/pubeurope.com\/@lt\/115813381749343098","error":""},"_links":{"self":[{"href":"https:\/\/www.europesays.com\/lt\/wp-json\/wp\/v2\/posts\/73160","targetHints":{"allow":["GET"]}}],"collection":[{"href":"https:\/\/www.europesays.com\/lt\/wp-json\/wp\/v2\/posts"}],"about":[{"href":"https:\/\/www.europesays.com\/lt\/wp-json\/wp\/v2\/types\/post"}],"author":[{"embeddable":true,"href":"https:\/\/www.europesays.com\/lt\/wp-json\/wp\/v2\/users\/2"}],"replies":[{"embeddable":true,"href":"https:\/\/www.europesays.com\/lt\/wp-json\/wp\/v2\/comments?post=73160"}],"version-history":[{"count":0,"href":"https:\/\/www.europesays.com\/lt\/wp-json\/wp\/v2\/posts\/73160\/revisions"}],"wp:featuredmedia":[{"embeddable":true,"href":"https:\/\/www.europesays.com\/lt\/wp-json\/wp\/v2\/media\/73161"}],"wp:attachment":[{"href":"https:\/\/www.europesays.com\/lt\/wp-json\/wp\/v2\/media?parent=73160"}],"wp:term":[{"taxonomy":"category","embeddable":true,"href":"https:\/\/www.europesays.com\/lt\/wp-json\/wp\/v2\/categories?post=73160"},{"taxonomy":"post_tag","embeddable":true,"href":"https:\/\/www.europesays.com\/lt\/wp-json\/wp\/v2\/tags?post=73160"}],"curies":[{"name":"wp","href":"https:\/\/api.w.org\/{rel}","templated":true}]}}