{"id":73888,"date":"2026-01-01T09:36:17","date_gmt":"2026-01-01T09:36:17","guid":{"rendered":"https:\/\/www.europesays.com\/lt\/73888\/"},"modified":"2026-01-01T09:36:17","modified_gmt":"2026-01-01T09:36:17","slug":"j-d-vanceas-isake-laikyti-kellogga-atokiau-nuo-rusu-generolas-itare-maskva-bandzius-ji-nuzudyti","status":"publish","type":"post","link":"https:\/\/www.europesays.com\/lt\/73888\/","title":{"rendered":"J.D.Vance&#8217;as \u012fsak\u0117 laikyti Kellogg\u0105 \u201eatokiau nuo rus\u0173\u201c: generolas \u012ftar\u0117 Maskv\u0105 band\u017eius j\u012f nu\u017eudyti"},"content":{"rendered":"<p>Anot straipsnio, kuriame smulkiai aptariami Jungtini\u0173 Valstij\u0173 ir Ukrainos santykiai bei 2025 metais \u012fvykdyti \u0117jimai, Donaldui Trumpui laim\u0117jus rinkimus ir prad\u0117jus formuoti nauj\u0105j\u0105 administracij\u0105, generolas K.Kelloggas band\u0117 gauti gynybos sekretoriaus arba patar\u0117jo nacionalinio saugumo klausimais post\u0105, ta\u010diau jam nepavyko.<\/p>\n<p>Teigiama, kad 2024 m. lapkri\u010dio pabaigoje jis atvyko \u012f \u201eMar-a-Lago\u201c rezidencij\u0105 Floridoje ir pasisi\u016bl\u0117 u\u017eimti kitas pareigas \u2013 specialiojo pasiuntinio Ukrainai ir Rusijai. D.Trumpui toks pasi\u016blymas pasirod\u0117 priimtinas.<\/p>\n<p> <a href=\"https:\/\/s1.15min.lt\/images\/photos\/2025\/09\/29\/original\/keithas-kelloggas-handout-afp-68da1fb147c03.jpg\" rel=\"content-image nofollow noopener\" title=\"Keithas Kelloggas \/ HANDOUT \/ AFP\" target=\"_blank\"><img decoding=\"async\" alt=\"Keithas Kelloggas \/ HANDOUT \/ AFP\" rel=\"content-image\" src=\"https:\/\/www.europesays.com\/lt\/wp-content\/uploads\/2026\/01\/keithas-kelloggas-handout-afp-68da1fb147c03.jpg\" style=\"width: auto; height: auto;\"\/><\/a> <\/p>\n<p>Keithas Kelloggas \/ HANDOUT \/ AFP<\/p>\n<p>Ta\u010diau K.Kelloggo paskyrimas \u012f \u0161\u012f post\u0105 i\u0161 karto suk\u0117l\u0117 diskusij\u0173 audr\u0105 d\u0117l jo po\u017ei\u016brio \u012f Rusijos kar\u0105 prie\u0161 Ukrain\u0105. Kai kuriems viceprezidento J.D.Vance&#8217;o s\u0105jungininkams 80-metis K.Kelloggas atrod\u0117 kaip \u201e\u0160altojo karo veteranas\u201c, turintis ypa\u010d grie\u017et\u0105 po\u017ei\u016br\u012f \u012f Rusij\u0105.<\/p>\n<p>Buvo abejojama, kad Kremliaus \u0161eimininkas Vladimiras Putinas kada nors sutiks su juo bendradarbiauti. Taip pat netr\u016bko manan\u010di\u0173, kad parama K.Kelloggo kandidat\u016brai tik prat\u0119st\u0173 kovas, o Jungtin\u0117s Valstijos pozicionavo save kaiap tas, kurios stengiasi \u201edeeskaluoti konflikt\u0105\u201c.<\/p>\n<p>Pad\u0117t\u012f dar labiau komplikavo K.Kelloggo surengtas \u201ei\u0161klausymo turas\u201c po Europos sostines. Jo dukra Megan Mobbs, vadovaujanti labdaros organizacijai, padedan\u010diai Ukrainai ir Afganistanui, pasisi\u016bl\u0117 pad\u0117ti surasti finansavim\u0105 tokiai kelionei: jai pavyko u\u017etikrinti apmok\u0117jim\u0105 u\u017e skryd\u017eius ir apgyvendinim\u0105.<\/p>\n<p>Kai kurie D.Trumpo pad\u0117j\u0117jai \u012ftariai vertino labdaros organizacij\u0105, jos steig\u0117jus ir pa\u010di\u0105 K.Kellogo dukr\u0105. Jiems nepatiko, kad ji pernelyg remia Ukrain\u0105 ir atvirai kritikuoja V.Putin\u0105 bei D.Trump\u0105.<\/p>\n<p> <a href=\"https:\/\/s1.15min.lt\/images\/photos\/2025\/12\/31\/original\/jdvanceas-695536cb0ddba.jpg\" rel=\"content-image nofollow noopener\" title=\"SIPA\/ \u201eScanpix\u201c\/J.D.Vance&#039;as\" target=\"_blank\"><img decoding=\"async\" alt=\"SIPA\/ \u201eScanpix\u201c\/J.D.Vance'as\" rel=\"content-image\" src=\"https:\/\/www.europesays.com\/lt\/wp-content\/uploads\/2026\/01\/jdvanceas-695536cb0ddba.jpg\" style=\"width: auto; height: auto;\"\/><\/a> <\/p>\n<p>SIPA\/ \u201eScanpix\u201c\/J.D.Vance&#8217;as<\/p>\n<p>Pad\u0117j\u0117jai taip pat nerimavo, kad garsiai i\u0161sakyta kritika V.Putinui kelion\u0117s metu gali i\u0161g\u0105sdinti rusus. Pasak \u201eThe New York Times\u201c, tuomet D.Trumpo personalo vadov\u0117 Susie Wiles u\u017edraud\u0117 kelion\u0119, o J.D.Vance&#8217;as apribojo K.Kelloggo \u012fgaliojimus.<\/p>\n<p> \u201eJis idiotas\u201c <\/p>\n<p>Be kita ko, straipsnyje teigiama, kad syk\u012f D.Trumpas i\u0161vadino K.Kellog\u0105 idiotu, kai \u0161is socialiniuose tinkluose paskelb\u0117 \u012fra\u0161\u0105, kuriame teig\u0117, kad Volodymyras Zelenskis yra \u201edr\u0105sus karo purtomos \u0161alies lyderis\u201c. Beveik tuo pa\u010diu metu pats D.Trumpas i\u0161vadino V.Zelensk\u012f \u201ediktatoriumi be rinkim\u0173\u201c.<\/p>\n<p>\u0160altini\u0173 teigimu, K.Kelloggui d\u0117l to teko apsilankyti Ovaliajame kabinete, kur jis susid\u016br\u0117 su JAV lyderio kritika.<\/p>\n<p>\u201eTaigi j\u016bs vadinate Zelensk\u012f kovotoju u\u017e i\u0161likim\u0105 ir dr\u0105siu?\u201c \u2013 a\u0161tr\u0173 pokalb\u012f prisimin\u0117 du pareig\u016bnai.<\/p>\n<p>Nurodoma, kad K.Kelloggas band\u0117 paai\u0161kinti D.Trumpui, jog \u0161is klysta vadindamas V.Zelensk\u012f diktatoriumi.<\/p>\n<p> <a href=\"https:\/\/s1.15min.lt\/images\/photos\/2025\/12\/28\/original\/donaldas-trumpas-allison-robbert-pool-via-cnp-picture-alliance-consolidated-news-photos-69516e813aa0f.jpg\" rel=\"content-image nofollow noopener\" title=\"Donaldas Trumpas \/ Allison Robbert - Pool via CNP \/ picture alliance \/ Consolidated News Photos\" target=\"_blank\"><img decoding=\"async\" alt=\"Donaldas Trumpas \/ Allison Robbert - Pool via CNP \/ picture alliance \/ Consolidated News Photos\" rel=\"content-image\" src=\"https:\/\/www.europesays.com\/lt\/wp-content\/uploads\/2026\/01\/donaldas-trumpas-allison-robbert-pool-via-cnp-picture-alliance-consolidated-news-photos-69516e813aa0.jpeg\" style=\"width: auto; height: auto;\"\/><\/a> <\/p>\n<p>Donaldas Trumpas \/ Allison Robbert &#8211; Pool via CNP \/ picture alliance \/ Consolidated News Photos<\/p>\n<p>\u201eTaip, pone. Ukrainos \u017eem\u0117je vyksta kova u\u017e \u0161alies i\u0161likim\u0105. Kada paskutin\u012f kart\u0105 Amerikos prezidentas susid\u016br\u0117 su ka\u017ekuo pana\u0161iu? Tai buvo Abrahamas Lincolnas\u201c, \u2013 at\u0161ov\u0117 K.Kelloggas.<\/p>\n<p>V\u0117liau, pasakodamas apie \u0161\u012f epizod\u0105 kitiems patar\u0117jams, D.Trumpas burbtel\u0117jo: \u201eJis idiotas\u201c.<\/p>\n<p> Kellogas \u012ftar\u0117, kad rusai band\u0117 j\u012f nu\u017eudyti <\/p>\n<p>K.Kelloggas yra JAV armijos atsargos generolas ir ilgametis JAV prezidento D.Trumpo pad\u0117j\u0117jas. Pirmosios D.Trumpo kadencijos metu jis dirbo viceprezidento Mike&#8217;o Pence&#8217;o patar\u0117ju nacionalinio saugumo klausimais.<\/p>\n<p>Generolas gerai suprato Rusij\u0105 ir jos agresij\u0105 prie\u0161 Ukrain\u0105 ir man\u0117, kad, jei D.Trumpui nepavyks vesti s\u0117kming\u0173 deryb\u0173, tai bus rimta problema Amerikai, Europai ir prezidento reputacijai.<\/p>\n<p>Pasak \u201eThe New York Times\u201c, K.Kelloggo prie\u0161i\u0161ki jausmai rusams susiformavo \u0160altojo karo \u012fkar\u0161tyje, kai jis tarnavo JAV specialiosiose paj\u0117gose.<\/p>\n<p>K.Kelloggas vadovavo kari\u0173 grupei \u201e\u017dalioji \u0161viesa\u201c, kuri buvo apmokyta su taktiniais branduoliniais ginklais i\u0161\u0161okti para\u0161iutais u\u017e soviet\u0173 linijos.<\/p>\n<p>Generolas taip pat \u012ftar\u0117, kad rusai band\u0117 j\u012f nu\u017eudyti 2000 m., kai K.Kelloggas dirbo Pentagone. Straipsnyje teigiama, kad vien\u0105 kart\u0105, i\u0161\u0117j\u0119s i\u0161 renginio Rusijos ambasadoje, jis pajuto stipr\u0173 skausm\u0105 alk\u016bn\u0117je.<\/p>\n<p>  <a href=\"https:\/\/s1.15min.lt\/images\/photos\/2025\/07\/14\/original\/volodymyras-zelenskis-keithas-kelloggas-6875088aee8a6.jpg\" rel=\"content-image nofollow noopener\" title=\"Volodymyras Zelenskis, Keithas Kelloggas\" target=\"_blank\"><img decoding=\"async\" alt=\"Volodymyras Zelenskis, Keithas Kelloggas\" rel=\"content-image\" src=\"https:\/\/www.europesays.com\/lt\/wp-content\/uploads\/2026\/01\/volodymyras-zelenskis-keithas-kelloggas-6875088aee8a6.jpg\" style=\"width: auto; height: auto;\"\/><\/a> <\/p>\n<p>Volodymyras Zelenskis, Keithas Kelloggas<\/p>\n<p>Namuose K.Kelloggo \u017emona pasteb\u0117jo patinim\u0105, ir kit\u0105 dien\u0105 jis buvo skubiai nugabentas \u012f ligonin\u0119. Gydytojai net svarst\u0117 galimyb\u0119 amputuoti rank\u0105, kad sustabdyt\u0173 stafilokoko infekcijos plitim\u0105, teigiama straipsnyje.<\/p>\n<p>Anot publikacijos, K.Kelloggas taip pat kadaise buvo vienas i\u0161 t\u0173, kurie man\u0117, kad buvusio JAV prezidento Joe Bideno administracija nepakankamai remia ukrainie\u010dius. Dabar j\u0117g\u0173 pusiausvyra m\u016b\u0161io lauke pasikeit\u0117, ir Ukraina, kaip ra\u0161\u0117 K.Kelloggas, nebetur\u0117jo \u201ekelio \u012f pergal\u0119\u201c.<\/p>\n<p>Ta\u010diau, jo nuomone, Amerika tur\u0117jo pakankamai apginkluoti ukrainie\u010dius, kad \u012ftikint\u0173 V.Putin\u0105 pa\u017eaboti savo teritorines ambicijas.<\/p>\n<p>Agent\u016bra \u201eReuters\u201c anks\u010diau paskelb\u0117, kad K.Kelloggas 2026 m. saus\u012f i\u0161eis \u012f pensij\u0105, ir apie tai informavo savo kolegas.<\/p>\n","protected":false},"excerpt":{"rendered":"Anot straipsnio, kuriame smulkiai aptariami Jungtini\u0173 Valstij\u0173 ir Ukrainos santykiai bei 2025 metais \u012fvykdyti \u0117jimai, Donaldui Trumpui laim\u0117jus&hellip;\n","protected":false},"author":2,"featured_media":73889,"comment_status":"","ping_status":"","sticky":false,"template":"","format":"standard","meta":{"footnotes":""},"categories":[15],"tags":[25,30,31,34,35,24,32,33,37,39,36,38,40,23,22,44,28,29,26,27,74,75,76],"class_list":{"0":"post-73888","1":"post","2":"type-post","3":"status-publish","4":"format-standard","5":"has-post-thumbnail","7":"category-pasaulis","8":"tag-antrastes","9":"tag-breaking-news","10":"tag-breakingnews","11":"tag-featured-news","12":"tag-featurednews","13":"tag-headlines","14":"tag-latest-news","15":"tag-latestnews","16":"tag-lietuva","17":"tag-lietuviu","18":"tag-lithuania","19":"tag-lithuanian","20":"tag-lt","21":"tag-naujienos","22":"tag-news","23":"tag-pasaulis","24":"tag-populiariausios-naujienos","25":"tag-populiariausiosnaujienos","26":"tag-top-stories","27":"tag-topstories","28":"tag-world","29":"tag-world-news","30":"tag-worldnews"},"share_on_mastodon":{"url":"https:\/\/pubeurope.com\/@lt\/115819169963390142","error":""},"_links":{"self":[{"href":"https:\/\/www.europesays.com\/lt\/wp-json\/wp\/v2\/posts\/73888","targetHints":{"allow":["GET"]}}],"collection":[{"href":"https:\/\/www.europesays.com\/lt\/wp-json\/wp\/v2\/posts"}],"about":[{"href":"https:\/\/www.europesays.com\/lt\/wp-json\/wp\/v2\/types\/post"}],"author":[{"embeddable":true,"href":"https:\/\/www.europesays.com\/lt\/wp-json\/wp\/v2\/users\/2"}],"replies":[{"embeddable":true,"href":"https:\/\/www.europesays.com\/lt\/wp-json\/wp\/v2\/comments?post=73888"}],"version-history":[{"count":0,"href":"https:\/\/www.europesays.com\/lt\/wp-json\/wp\/v2\/posts\/73888\/revisions"}],"wp:featuredmedia":[{"embeddable":true,"href":"https:\/\/www.europesays.com\/lt\/wp-json\/wp\/v2\/media\/73889"}],"wp:attachment":[{"href":"https:\/\/www.europesays.com\/lt\/wp-json\/wp\/v2\/media?parent=73888"}],"wp:term":[{"taxonomy":"category","embeddable":true,"href":"https:\/\/www.europesays.com\/lt\/wp-json\/wp\/v2\/categories?post=73888"},{"taxonomy":"post_tag","embeddable":true,"href":"https:\/\/www.europesays.com\/lt\/wp-json\/wp\/v2\/tags?post=73888"}],"curies":[{"name":"wp","href":"https:\/\/api.w.org\/{rel}","templated":true}]}}