{"id":73905,"date":"2026-01-01T10:06:27","date_gmt":"2026-01-01T10:06:27","guid":{"rendered":"https:\/\/www.europesays.com\/lt\/73905\/"},"modified":"2026-01-01T10:06:27","modified_gmt":"2026-01-01T10:06:27","slug":"rasta-negyva-pirmojo-jill-biden-vyro-zmona-pries-pat-mirti-i-namus-kviesta-policija-vardai","status":"publish","type":"post","link":"https:\/\/www.europesays.com\/lt\/73905\/","title":{"rendered":"Rasta negyva pirmojo Jill Biden vyro \u017emona: prie\u0161 pat mirt\u012f \u2013 \u012f namus kviesta policija | Vardai"},"content":{"rendered":"<p>Linda Stevenson mir\u0117 64 met\u0173 am\u017eiaus savo namuose Oak Hill, Delaware, sekmadienio nakt\u012f, prane\u0161\u0117 TMZ.<\/p>\n<p>Linda, kurios vyras Bill Stevenson (77) buvo ved\u0119s buvusi\u0105 pirm\u0105j\u0105 poni\u0105, Joe Bideno \u017emon\u0105, nuo 1970 iki 1975 met\u0173, buvo rasta nereaguojanti \u012f aplink\u0105 savo nam\u0173 svetain\u0117je.<\/p>\n<p>Be mamos liko dukra Kristina Vettori.<\/p>\n<p>Niu Kastlo apygardos policijos departamentas dabar tiria, ar Stevenson mirtis buvo nusikalstamos veikos rezultatas.<\/p>\n<p> <a href=\"https:\/\/s1.15min.lt\/images\/photos\/2025\/12\/31\/original\/screenshot-2025-12-31-105141-6954e97d00616.jpg\" rel=\"content-image nofollow noopener\" target=\"_blank\" title=\"\u201eFacebook\u201c nuotr.\/Linda ir Billas Stevenson\"><img decoding=\"async\" alt=\"\u201eFacebook\u201c nuotr.\/Linda ir Billas Stevenson\" rel=\"content-image\" src=\"https:\/\/www.europesays.com\/lt\/wp-content\/uploads\/2026\/01\/screenshot-2025-12-31-105141-6954e97d00616.jpg\" style=\"width: auto; height: auto;\"\/><\/a> <\/p>\n<p>\u201eFacebook\u201c nuotr.\/Linda ir Billas Stevenson<\/p>\n<p>Siekiant nustatyti Stevenson mirties prie\u017east\u012f, bus atliktas skrodimas.<\/p>\n<p>N\u0117ra pateikta joki\u0173 papildom\u0173 detali\u0173 apie tariam\u0105 \u0161eimin\u012f konflikt\u0105 ar jo dalyvius.<\/p>\n<p> Romanas su Joe \u2013 dar esant santuokoje <\/p>\n<p>Billas anks\u010diau \u201eDaily Mail\u201c pasakojo, kad jis ir Jill vis dar buvo susituok\u0119, kai Jill 1975 m. prad\u0117jo susitikin\u0117ti su b\u016bsimu prezidentu.<\/p>\n<p>\u201eA\u0161 jo pirmajai kampanijai paaukojau 10 900 doleri\u0173 \u2013 grynaisiais\u201c, \u2013 sak\u0117 Billas \u201eDaily Mail\u201c.<\/p>\n<p>Jis teigia, kad pirm\u0105 kart\u0105 \u012ftar\u0117, jog Bidenas ir jo tuometin\u0117 \u017emona Jill turi roman\u0105, 1974 m. rugpj\u016b\u010dio m\u0117nes\u012f. Tuo metu jam buvo 26 metai, Jill \u2013 23, o Joe \u2013 31.<\/p>\n<p> <a href=\"https:\/\/s1.15min.lt\/images\/photos\/2025\/05\/19\/original\/joe-bidenas-ir-jill-biden-682b247fcb062.jpg\" rel=\"content-image nofollow noopener\" target=\"_blank\" title=\"J.Bideno \/ X nuotr.\/Joe Bidenas ir Jill Biden\"><img decoding=\"async\" alt=\"J.Bideno \/ X nuotr.\/Joe Bidenas ir Jill Biden\" rel=\"content-image\" src=\"https:\/\/www.europesays.com\/lt\/wp-content\/uploads\/2026\/01\/joe-bidenas-ir-jill-biden-682b247fcb062.jpg\" style=\"width: auto; height: auto;\"\/><\/a> <\/p>\n<p>J.Bideno \/ X nuotr.\/Joe Bidenas ir Jill Biden<\/p>\n<p>Jis sak\u0117: \u201eA\u0161 tiksliai \u017einau, kada tai buvo. Bruce Springsteen ketino groti \u201eThe Stone Balloon\u201c, ir a\u0161 tur\u0117jau vykti \u012f Naujaj\u012f D\u017eers\u012f, kad jam i\u0161 anksto sumok\u0117\u010diau.<\/p>\n<p>Papra\u0161iau Jill va\u017eiuoti su manimi, bet ji atsisak\u0117 \u2013 sak\u0117, kad turi reikal\u0173, turi pri\u017ei\u016br\u0117ti Joe vaikus Beau ir Hunter. Susitikti su Springsteenu buvo gana svarbus dalykas. Netur\u0117jau n\u0117 minties, kad ji ir Joe yra tokie \u201edraugi\u0161ki\u201c.<\/p>\n<p>Tada viena i\u0161 jos geriausi\u0173 draugi\u0173 man pasak\u0117, kad, jos nuomone, Joe ir Jill yra pernelyg artimi. Buvau nusteb\u0119s, kad ji kreip\u0117si \u012f mane.\u201c<\/p>\n<p>Billas sak\u0117, kad jo \u012ftarimai pasitvirtino, kai vienas vyras jam papasakojo, kad b\u016bsimasis prezidentas vairavo jo \u017emonos automobil\u012f, kai jie pateko \u012f avarij\u0105.<\/p>\n<p>\u201ePapra\u0161iau Jill i\u0161sikraustyti i\u0161 nam\u0173, ir ji tai padar\u0117, \u2013 sak\u0117 jis. \u2013 Jos t\u0117vas, su\u017einoj\u0119s, kas vyksta, maldavo man\u0119s j\u0105 priimti atgal. Jis papra\u0161\u0117 man\u0119s suteikti jai antr\u0105 \u0161ans\u0105, bet a\u0161 nesutikau.\u201c<\/p>\n<p>Jis prid\u016br\u0117, kad \u201en\u0117ra nusteb\u0119s\u201c, jog jiedu \u012fsimyl\u0117jo vienas kit\u0105.<\/p>\n<p>Billas prid\u016br\u0117: \u201eKiekvienas, kuris susipa\u017e\u012fsta su Jill, i\u0161 karto \u012f j\u0105 \u012fsimyli. Sunku to nepadaryti.\u201c<\/p>\n<p>Pora i\u0161siskyr\u0117 1975 m. gegu\u017e\u0119, ta\u010diau Billas sak\u0117, kad tai tur\u0117jo ir teigiam\u0105 pus\u0119.<\/p>\n<p>\u201eJei ne mano skyrybos, niekada neb\u016b\u010diau sutik\u0119s savo \u017emonos Lindos, o ji yra did\u017eiausias mano gyvenimo laim\u0117jimas\u201c, \u2013 2020 m. jis sak\u0117 \u201eDaily Mail\u201c.<\/p>\n","protected":false},"excerpt":{"rendered":"Linda Stevenson mir\u0117 64 met\u0173 am\u017eiaus savo namuose Oak Hill, Delaware, sekmadienio nakt\u012f, prane\u0161\u0117 TMZ. Linda, kurios vyras&hellip;\n","protected":false},"author":2,"featured_media":73906,"comment_status":"","ping_status":"","sticky":false,"template":"","format":"standard","meta":{"footnotes":""},"categories":[15],"tags":[25,30,31,34,35,24,32,33,37,39,36,38,40,23,22,44,28,29,26,27,74,75,76],"class_list":{"0":"post-73905","1":"post","2":"type-post","3":"status-publish","4":"format-standard","5":"has-post-thumbnail","7":"category-pasaulis","8":"tag-antrastes","9":"tag-breaking-news","10":"tag-breakingnews","11":"tag-featured-news","12":"tag-featurednews","13":"tag-headlines","14":"tag-latest-news","15":"tag-latestnews","16":"tag-lietuva","17":"tag-lietuviu","18":"tag-lithuania","19":"tag-lithuanian","20":"tag-lt","21":"tag-naujienos","22":"tag-news","23":"tag-pasaulis","24":"tag-populiariausios-naujienos","25":"tag-populiariausiosnaujienos","26":"tag-top-stories","27":"tag-topstories","28":"tag-world","29":"tag-world-news","30":"tag-worldnews"},"share_on_mastodon":{"url":"https:\/\/pubeurope.com\/@lt\/115819288011554213","error":""},"_links":{"self":[{"href":"https:\/\/www.europesays.com\/lt\/wp-json\/wp\/v2\/posts\/73905","targetHints":{"allow":["GET"]}}],"collection":[{"href":"https:\/\/www.europesays.com\/lt\/wp-json\/wp\/v2\/posts"}],"about":[{"href":"https:\/\/www.europesays.com\/lt\/wp-json\/wp\/v2\/types\/post"}],"author":[{"embeddable":true,"href":"https:\/\/www.europesays.com\/lt\/wp-json\/wp\/v2\/users\/2"}],"replies":[{"embeddable":true,"href":"https:\/\/www.europesays.com\/lt\/wp-json\/wp\/v2\/comments?post=73905"}],"version-history":[{"count":0,"href":"https:\/\/www.europesays.com\/lt\/wp-json\/wp\/v2\/posts\/73905\/revisions"}],"wp:featuredmedia":[{"embeddable":true,"href":"https:\/\/www.europesays.com\/lt\/wp-json\/wp\/v2\/media\/73906"}],"wp:attachment":[{"href":"https:\/\/www.europesays.com\/lt\/wp-json\/wp\/v2\/media?parent=73905"}],"wp:term":[{"taxonomy":"category","embeddable":true,"href":"https:\/\/www.europesays.com\/lt\/wp-json\/wp\/v2\/categories?post=73905"},{"taxonomy":"post_tag","embeddable":true,"href":"https:\/\/www.europesays.com\/lt\/wp-json\/wp\/v2\/tags?post=73905"}],"curies":[{"name":"wp","href":"https:\/\/api.w.org\/{rel}","templated":true}]}}