{"id":73920,"date":"2026-01-01T10:31:08","date_gmt":"2026-01-01T10:31:08","guid":{"rendered":"https:\/\/www.europesays.com\/lt\/73920\/"},"modified":"2026-01-01T10:31:08","modified_gmt":"2026-01-01T10:31:08","slug":"sinoptikai-pirmoji-naujuju-naktis-lietuvoje-buvo-salciausia-per-beveik-dvejus-metus","status":"publish","type":"post","link":"https:\/\/www.europesays.com\/lt\/73920\/","title":{"rendered":"Sinoptikai: pirmoji Nauj\u0173j\u0173 naktis Lietuvoje buvo \u0161al\u010diausia per beveik dvejus metus"},"content":{"rendered":"<p>\u201eSausio 1-osios naktis Lietuvoje buvo \u0161al\u010diausia per beveik 2 metus. D\u0117l rami\u0173 oro s\u0105lyg\u0173 ir giedro dangaus oro temperat\u016bra vietomis buvo nukritusi \u017eemiau 20 laipsni\u0173 \u0161al\u010dio. \u017demiausia oro temperat\u016bros reik\u0161m\u0117 i\u0161matuota \u0160al\u010dininkuose, kur \u0161alo iki -20,4 \u00b0C\u201c, \u2013 socialinio tinklo \u201eFacebook\u201c paskyroje prane\u0161a Lietuvos hidrometeorologijos tarnyba (LHMT).\u00a0<\/p>\n<p>\u201eIr nors tokia reik\u0161m\u0117 gali atrodyti labai \u017eema, ta\u010diau prie\u0161 56 metus (1970 m.) sausio 1-\u0105j\u0105 Var\u0117noje buvo gerokai \u0161al\u010diau. Fiksuotas net -32,6 \u00b0C speigas\u201c, \u2013 teigiama \u012fra\u0161e.\u00a0<\/p>\n<p>Tuo metu ketvirtadien\u012f, pasak sinoptik\u0173, Lietuvoje daug kur numatomi krituliai, vyraus sniegas, vakariniuose rajonuose kai kur smarkus. Prane\u0161ama, kad daugelyje \u0161alies rajon\u0173 pustys, vietomis kils p\u016bga. V\u0117jas bus pietini\u0173 kryp\u010di\u0173, 9\u201314 m\/s, vietomis g\u016bsiai sieks 15\u201320 m\/s. Auk\u0161\u010diausia temperat\u016bra \u2013 2\u20137 laipsniai \u0161al\u010dio, vakariniame \u0161alies pakra\u0161tyje nuo 0 iki 3 laipsni\u0173 \u0161ilumos. Teigiama, jog snigs ir artimiausi\u0105 nakt\u012f, tod\u0117l sniego danga, kaip prognozuojama, dar labiau pastor\u0117s.\u00a0<\/p>\n","protected":false},"excerpt":{"rendered":"\u201eSausio 1-osios naktis Lietuvoje buvo \u0161al\u010diausia per beveik 2 metus. D\u0117l rami\u0173 oro s\u0105lyg\u0173 ir giedro dangaus oro&hellip;\n","protected":false},"author":2,"featured_media":73921,"comment_status":"","ping_status":"","sticky":false,"template":"","format":"standard","meta":{"footnotes":""},"categories":[13],"tags":[25,30,31,34,35,24,32,33,37,39,2866,36,38,40,23,22,736,28,29,7131,26,27],"class_list":{"0":"post-73920","1":"post","2":"type-post","3":"status-publish","4":"format-standard","5":"has-post-thumbnail","7":"category-lietuva","8":"tag-antrastes","9":"tag-breaking-news","10":"tag-breakingnews","11":"tag-featured-news","12":"tag-featurednews","13":"tag-headlines","14":"tag-latest-news","15":"tag-latestnews","16":"tag-lietuva","17":"tag-lietuviu","18":"tag-lietuvos-hidrometeorologijos-tarnyba","19":"tag-lithuania","20":"tag-lithuanian","21":"tag-lt","22":"tag-naujienos","23":"tag-news","24":"tag-oru-prognoze","25":"tag-populiariausios-naujienos","26":"tag-populiariausiosnaujienos","27":"tag-saltis","28":"tag-top-stories","29":"tag-topstories"},"share_on_mastodon":{"url":"https:\/\/pubeurope.com\/@lt\/115819386216089919","error":""},"_links":{"self":[{"href":"https:\/\/www.europesays.com\/lt\/wp-json\/wp\/v2\/posts\/73920","targetHints":{"allow":["GET"]}}],"collection":[{"href":"https:\/\/www.europesays.com\/lt\/wp-json\/wp\/v2\/posts"}],"about":[{"href":"https:\/\/www.europesays.com\/lt\/wp-json\/wp\/v2\/types\/post"}],"author":[{"embeddable":true,"href":"https:\/\/www.europesays.com\/lt\/wp-json\/wp\/v2\/users\/2"}],"replies":[{"embeddable":true,"href":"https:\/\/www.europesays.com\/lt\/wp-json\/wp\/v2\/comments?post=73920"}],"version-history":[{"count":0,"href":"https:\/\/www.europesays.com\/lt\/wp-json\/wp\/v2\/posts\/73920\/revisions"}],"wp:featuredmedia":[{"embeddable":true,"href":"https:\/\/www.europesays.com\/lt\/wp-json\/wp\/v2\/media\/73921"}],"wp:attachment":[{"href":"https:\/\/www.europesays.com\/lt\/wp-json\/wp\/v2\/media?parent=73920"}],"wp:term":[{"taxonomy":"category","embeddable":true,"href":"https:\/\/www.europesays.com\/lt\/wp-json\/wp\/v2\/categories?post=73920"},{"taxonomy":"post_tag","embeddable":true,"href":"https:\/\/www.europesays.com\/lt\/wp-json\/wp\/v2\/tags?post=73920"}],"curies":[{"name":"wp","href":"https:\/\/api.w.org\/{rel}","templated":true}]}}