{"id":73957,"date":"2026-01-01T11:42:09","date_gmt":"2026-01-01T11:42:09","guid":{"rendered":"https:\/\/www.europesays.com\/lt\/73957\/"},"modified":"2026-01-01T11:42:09","modified_gmt":"2026-01-01T11:42:09","slug":"paskelbtas-laimingiausias-zodiako-zenklas-2026-m","status":"publish","type":"post","link":"https:\/\/www.europesays.com\/lt\/73957\/","title":{"rendered":"Paskelbtas laimingiausias zodiako \u017eenklas 2026 m."},"content":{"rendered":"<p>Astrologai jau paskelb\u0117: 2026-ieji metai tur\u0117s ai\u0161k\u0173 favorit\u0105 tarp vis\u0173 zodiako \u017eenkl\u0173. Tai \u2014 Li\u016btas.<br \/>\u0160io \u017eenklo atstovai \u012f\u017eengs \u012f laikotarp\u012f, kai s\u0117km\u0117, pripa\u017einimas ir palankios aplinkyb\u0117s i\u0161sid\u0117stys taip, lyg kas nors pagaliau b\u016bt\u0173 atidar\u0119s \u201eu\u017etvaras\u201c. Tai ne atsitiktinumas \u2014 planet\u0173 pozicijos Li\u016btams suteiks daugiau dr\u0105sos, galimybi\u0173 ir vidin\u0117s j\u0117gos.<\/p>\n<p>\u0160ie metai ne tik pa\u017eym\u0117s augim\u0105, bet ir pad\u0117s suprasti, kur slypi tikroji Li\u016bto stipryb\u0117 \u2014 geb\u0117jime vadovauti, \u012fkv\u0117pti ir nebijoti siekti daugiau.<\/p>\n<p>Bendras 2026 m. fonas Li\u016btui<\/p>\n<p>2026-ieji taps dideli\u0173 sprendim\u0173 ir dr\u0105si\u0173 \u017eingsni\u0173 metais. Ten, kur anks\u010diau reik\u0117jo kovoti u\u017e kiekvien\u0105 \u017eingsn\u012f, dabar durys prad\u0117s atsiverti lengviau.<\/p>\n<p>Li\u016btai pajus:<\/p>\n<ul>\n<li>daugiau pasitik\u0117jimo savimi<\/li>\n<li>ai\u0161kesn\u0119 krypt\u012f<\/li>\n<li>palaikym\u0105 i\u0161 svarbi\u0173 \u017emoni\u0173<\/li>\n<li>stipresn\u0119 motyvacij\u0105 veikti<\/li>\n<\/ul>\n<p>Tai metai, kai Li\u016btas pagaliau supras: jo vieta \u2014 ne fone, o centre. Ir \u0161\u012f kart\u0105 tai bus ne tu\u0161\u010dias ego, o nat\u016bralus lyderyst\u0117s pasirei\u0161kimas.<\/p>\n<p>Finansai ir karjera<\/p>\n<p>Profesin\u0117je srityje 2026 m. Li\u016btui atsivers nauji horizontai. Galimi paauk\u0161tinimai, nauji projektai, pasi\u016blymai, kurie i\u0161 prad\u017ei\u0173 atrodys netgi per dr\u0105s\u016bs. Vis d\u0117lto b\u016btent priimti i\u0161\u0161\u016bkiai atne\u0161 s\u0117km\u0119.<\/p>\n<ul>\n<li>Gali padid\u0117ti atlyginimas arba atsirasti naujas pajam\u0173 \u0161altinis.<\/li>\n<li>K\u016brybin\u0117s id\u0117jos bus vertinamos labiau nei anks\u010diau.<\/li>\n<li>Verta der\u0117tis \u2014 \u0161iemet j\u016bs\u0173 balsas bus i\u0161girstas.<\/li>\n<\/ul>\n<p>Svarbiausia \u2014 nebijoti prisiimti atsakomyb\u0117s. Li\u016btas, kuris \u017eengs \u012f priek\u012f, gaus daugiau nei tas, kuris pasirinks saugi\u0105 zon\u0105.<\/p>\n<p>Meil\u0117 ir santykiai<\/p>\n<p>\u0160irdies reikalai 2026-aisiais Li\u016btams bus ypa\u010d palank\u016bs. \u0160is \u017eenklas spinduliuos charizma, \u0161iluma ir pasitik\u0117jimu \u2014 tai nat\u016braliai trauks \u017emones.<\/p>\n<p>Jei Li\u016btas yra santykiuose<\/p>\n<p>Santykiai sustipr\u0117s. Bus daugiau bendr\u0173 sprendim\u0173, kelioni\u0173, plan\u0173 \u2014 o svarbiausia, daugiau nuo\u0161irdumo. Net jeigu anks\u010diau buvo \u012ftamp\u0173, dabar jos gali i\u0161tirpti.<\/p>\n<p>Jei Li\u016btas vieni\u0161as<\/p>\n<p>Metai atne\u0161 pa\u017eint\u012f, kuri gali tapti labai svarbi.<br \/>Tik\u0117tina, kad tai bus \u017emogus, kuris admiraus Li\u016bto stipryb\u0119 ir kartu suteiks saugumo jausm\u0105.<\/p>\n<p>Sveikata ir savijauta<\/p>\n<p>Energeti\u0161kai tai vieni geriausi\u0173 met\u0173 Li\u016btui. Bus daugiau motyvacijos jud\u0117ti, r\u016bpintis savimi, sportuoti.<\/p>\n<p>Vienintel\u0117 rizika \u2014 perdegimas. S\u0117km\u0117 skatins nor\u0105 dirbti dar daugiau, bet b\u016btina nepamir\u0161ti:<\/p>\n<ul>\n<li>poilsio<\/li>\n<li>miego<\/li>\n<li>atsipalaidavimo<\/li>\n<li>emocin\u0117s pusiausvyros<\/li>\n<\/ul>\n<p>Kai Li\u016btas r\u016bpinasi savimi, visa kita susid\u0117lioja nat\u016braliai.<\/p>\n<p>Kod\u0117l b\u016btent Li\u016btas?<\/p>\n<p>2026-aisiais palank\u016bs tranzitai sustiprina Li\u016bto savybes:<\/p>\n<ul>\n<li>lyderyst\u0119<\/li>\n<li>dr\u0105s\u0105<\/li>\n<li>charizm\u0105<\/li>\n<li>geb\u0117jim\u0105 pritraukti s\u0117km\u0119<\/li>\n<\/ul>\n<p>\u0160is \u017eenklas bus ten, kur vyksta poky\u010diai \u2014 ir da\u017enai b\u016btent jis juos inicijuos.<\/p>\n<p>I\u0161vada<\/p>\n<p>Laimingiausias 2026 met\u0173 zodiako \u017eenklas \u2014 Li\u016btas. Tai metai, kai jis gali:<\/p>\n<ul>\n<li>augti<\/li>\n<li>laim\u0117ti<\/li>\n<li>sutvirtinti santykius<\/li>\n<li>pasiekti svarbi\u0173 finansini\u0173 rezultat\u0173<\/li>\n<li>atrasti vidin\u0119 ramyb\u0119<\/li>\n<\/ul>\n<p>S\u0117km\u0117 bus ne atsitiktin\u0117 \u2014 ji ateis kaip atlygis u\u017e dr\u0105s\u0105 ir tik\u0117jim\u0105 savimi.<\/p>\n","protected":false},"excerpt":{"rendered":"Astrologai jau paskelb\u0117: 2026-ieji metai tur\u0117s ai\u0161k\u0173 favorit\u0105 tarp vis\u0173 zodiako \u017eenkl\u0173. Tai \u2014 Li\u016btas.\u0160io \u017eenklo atstovai \u012f\u017eengs&hellip;\n","protected":false},"author":2,"featured_media":73958,"comment_status":"","ping_status":"","sticky":false,"template":"","format":"standard","meta":{"footnotes":""},"categories":[21],"tags":[113,37,39,36,38,40,114],"class_list":{"0":"post-73957","1":"post","2":"type-post","3":"status-publish","4":"format-standard","5":"has-post-thumbnail","7":"category-pramogos","8":"tag-entertainment","9":"tag-lietuva","10":"tag-lietuviu","11":"tag-lithuania","12":"tag-lithuanian","13":"tag-lt","14":"tag-pramogos"},"share_on_mastodon":{"url":"https:\/\/pubeurope.com\/@lt\/115819665341824272","error":""},"_links":{"self":[{"href":"https:\/\/www.europesays.com\/lt\/wp-json\/wp\/v2\/posts\/73957","targetHints":{"allow":["GET"]}}],"collection":[{"href":"https:\/\/www.europesays.com\/lt\/wp-json\/wp\/v2\/posts"}],"about":[{"href":"https:\/\/www.europesays.com\/lt\/wp-json\/wp\/v2\/types\/post"}],"author":[{"embeddable":true,"href":"https:\/\/www.europesays.com\/lt\/wp-json\/wp\/v2\/users\/2"}],"replies":[{"embeddable":true,"href":"https:\/\/www.europesays.com\/lt\/wp-json\/wp\/v2\/comments?post=73957"}],"version-history":[{"count":0,"href":"https:\/\/www.europesays.com\/lt\/wp-json\/wp\/v2\/posts\/73957\/revisions"}],"wp:featuredmedia":[{"embeddable":true,"href":"https:\/\/www.europesays.com\/lt\/wp-json\/wp\/v2\/media\/73958"}],"wp:attachment":[{"href":"https:\/\/www.europesays.com\/lt\/wp-json\/wp\/v2\/media?parent=73957"}],"wp:term":[{"taxonomy":"category","embeddable":true,"href":"https:\/\/www.europesays.com\/lt\/wp-json\/wp\/v2\/categories?post=73957"},{"taxonomy":"post_tag","embeddable":true,"href":"https:\/\/www.europesays.com\/lt\/wp-json\/wp\/v2\/tags?post=73957"}],"curies":[{"name":"wp","href":"https:\/\/api.w.org\/{rel}","templated":true}]}}