{"id":73999,"date":"2026-01-01T12:23:15","date_gmt":"2026-01-01T12:23:15","guid":{"rendered":"https:\/\/www.europesays.com\/lt\/73999\/"},"modified":"2026-01-01T12:23:15","modified_gmt":"2026-01-01T12:23:15","slug":"vengrija-prarado-teise-i-daugiau-nei-1-mlrd-euru-vertes-es-parama-respublika-lt","status":"publish","type":"post","link":"https:\/\/www.europesays.com\/lt\/73999\/","title":{"rendered":"Vengrija prarado teis\u0119 \u012f daugiau nei 1 mlrd. eur\u0173 vert\u0117s ES param\u0105 &#8211; Respublika.lt"},"content":{"rendered":"<p><img loading=\"lazy\" decoding=\"async\" src=\"https:\/\/www.respublika.lt\/lt\/naujienos\/pasaulis\/pasaulio_politika\/vengrija-prarado-teise-i-daugiau-nei-1-mlrd-euru-vertes-es-parama\/images\/ico_camera_white.gif\" class=\"camera\" width=\"22\" height=\"15\" alt=\"nuotr.\" style=\"position:relative; top:-2px; right:2px;\"\/> 1 nuotr.<\/p>\n<p>Viktoras Orbanas. EPA-Eltos nuotr.<\/p>\n<p style=\"text-align: left;\">Vengrija prarado teis\u0119 \u012f didel\u0119 Europos S\u0105junos (ES) param\u0105 d\u0117l teisin\u0117s valstyb\u0117s principo pa\u017eeidim\u0173, reformos tur\u0117jo b\u016bti \u012fvykdytos iki 2025 m. pabaigos. Pasak Europos Komisijos, prarasta l\u0117\u0161\u0173 suma vir\u0161ija 1 mlrd. eur\u0173.\u00a0<\/p>\n<p style=\"text-align: justify;\" class=\"desktop_banner\">\u00a0<\/p>\n<p style=\"text-align: left;\">\u00a0<\/p>\n<p style=\"text-align: left;\">Nor\u0117dama gauti l\u0117\u0161as, Vengrija tur\u0117jo iki 2025 m. pabaigos \u012fgyvendinti reformas, \u012fskaitant \u012fstatym\u0173 pakeitim\u0105, kad u\u017ekirst\u0173 keli\u0105 interes\u0173 konfliktams ir korupcijai. L\u0117\u0161os, numatytos i\u0161 program\u0173, skirt\u0173 strukt\u016bri\u0161kai silpniems regionams remti, ir i\u0161 prad\u017ei\u0173 planuotos 2023 m., buvo \u012f\u0161aldytos po Europos Komisijos analiz\u0117s ir i\u0161vados, kad Vengrija nepais\u0117 ES standart\u0173 ir pagrindini\u0173 vertybi\u0173.\u00a0<\/p>\n<p style=\"text-align: left;\">Gresia daugiau nuostoli\u0173<\/p>\n<p style=\"text-align: left;\">Jei Vengrija ir toliau ne\u012fgyvendins reform\u0173, ateityje gali prarasti dar milijard\u0173 eur\u0173 finansavim\u0105.\u00a0<\/p>\n<p style=\"text-align: left;\">2021 m. \u012fsigaliojo ES teis\u0117s aktas, vadinamas Teisin\u0117s valstyb\u0117s s\u0105lyg\u0173 reglamentu, susiej\u0119s bloko finansinius interesus ir teisin\u0117s valstyb\u0117s principus bei suteik\u0119s ES papildom\u0173 finansini\u0173 ir biud\u017eeto priemoni\u0173 teisin\u0117s valstyb\u0117s principo laikymosi valstyb\u0117se nar\u0117se prie\u017ei\u016brai.\u00a0<\/p>\n<p style=\"text-align: left;\">ES valstyb\u0117s susitar\u0117 pagal \u0161\u012f mechanizm\u0105 2022 m. pabaigoje \u012f\u0161aldyti apie 6,3 mlrd. eur\u0173 Vengrijai skirt\u0173 l\u0117\u0161\u0173 i\u0161 2021\u20132027 m. bloko daugiame\u010dio biud\u017eeto.\u00a0<\/p>\n<p style=\"text-align: left;\">Pirmosios \u0161i\u0173 l\u0117\u0161\u0173 sumos, irgi siekian\u010dios kiek daugiau nei 1 mlrd. eur\u0173, pervedimo terminas baig\u0117 galioti 2024 m. pabaigoje. Vengrija \u0161i\u0173 pinig\u0173 negavo, nes ne\u012fgyvendino b\u016btin\u0173 reform\u0173. Dar daugiau milijard\u0173 eur\u0173 \u0161aliai taip pat i\u0161 dalies blokuojami d\u0117l kit\u0173 reglament\u0173. Pasak Europos Komisijos, neseniai buvo \u012f\u0161aldyta apie 17 mlrd. eur\u0173.\u00a0<\/p>\n<p>Patiko straipsnis? Leisk mums apie tai su\u017einoti. Nepamir\u0161k pasidalinti Facebook! <\/p>\n<p><img loading=\"lazy\" decoding=\"async\" class=\"p2_social_circle_icon\" src=\"https:\/\/www.respublika.lt\/images\/thumbs_up.svg\" width=\"21\" height=\"22\" alt=\"L\"\/><\/p>\n<p><img loading=\"lazy\" decoding=\"async\" class=\"p2_social_circle_icon\" src=\"https:\/\/www.respublika.lt\/images\/facebook.svg\" alt=\"F\" width=\"22\" height=\"22\" style=\"filter: invert(37%) sepia(55%) saturate(2351%) hue-rotate(187deg) brightness(102%) contrast(106%);\"\/><\/p>\n<p>&#13;<br \/>\n\tNesutinkate &#8211; diskutuokime!<br \/>&#13;<br \/>\n\tNepykite komentatoriai, bet komentarai su keiksma\u017eod\u017eiais bus \u0161alinami automati\u0161kai, be atsipra\u0161ymo.\n    <\/p>\n<p>&#13;<br \/>\n              Respublika.lt pasilieka teis\u0119 pa\u0161alinti nekult\u016bringus, keiksma\u017eod\u017eiais pagardintus, su tema nesusijusius, kito asmens vardu pasira\u0161ytus, \u012fstatymus pa\u017eeid\u017eian\u010dius, \u0161lam\u0161t\u0105 reklamuojan\u010dius ar nusikalsti kurstan\u010dius komentarus. Jei kurstysite smurt\u0105, rasin\u0119, tautin\u0119, religin\u0119 ar kitokio pob\u016bd\u017eio neapykant\u0105, \u017evirbliu i\u0161skrid\u0119 j\u016bs\u0173 \u017eod\u017eiai gr\u012f\u017edami gali virsti ton\u0105 sverian\u010diu jau\u010diu &#8211; specialiosioms Lietuvos tarnyboms pareikalavus suteiksime j\u016bs\u0173 duomenis.\n            <\/p>\n","protected":false},"excerpt":{"rendered":"1 nuotr. Viktoras Orbanas. EPA-Eltos nuotr. Vengrija prarado teis\u0119 \u012f didel\u0119 Europos S\u0105junos (ES) param\u0105 d\u0117l teisin\u0117s valstyb\u0117s&hellip;\n","protected":false},"author":2,"featured_media":74000,"comment_status":"","ping_status":"","sticky":false,"template":"","format":"standard","meta":{"footnotes":""},"categories":[6],"tags":[25,30,31,672,34,35,3515,24,32,33,37,39,36,38,40,23,22,28,29,16376,12591,26,27,4173,330],"class_list":{"0":"post-73999","1":"post","2":"type-post","3":"status-publish","4":"format-standard","5":"has-post-thumbnail","7":"category-antrastes","8":"tag-antrastes","9":"tag-breaking-news","10":"tag-breakingnews","11":"tag-es","12":"tag-featured-news","13":"tag-featurednews","14":"tag-finansavimas","15":"tag-headlines","16":"tag-latest-news","17":"tag-latestnews","18":"tag-lietuva","19":"tag-lietuviu","20":"tag-lithuania","21":"tag-lithuanian","22":"tag-lt","23":"tag-naujienos","24":"tag-news","25":"tag-populiariausios-naujienos","26":"tag-populiariausiosnaujienos","27":"tag-reformos","28":"tag-teisine","29":"tag-top-stories","30":"tag-topstories","31":"tag-valstybe","32":"tag-vengrija"},"share_on_mastodon":{"url":"https:\/\/pubeurope.com\/@lt\/115819826580622228","error":""},"_links":{"self":[{"href":"https:\/\/www.europesays.com\/lt\/wp-json\/wp\/v2\/posts\/73999","targetHints":{"allow":["GET"]}}],"collection":[{"href":"https:\/\/www.europesays.com\/lt\/wp-json\/wp\/v2\/posts"}],"about":[{"href":"https:\/\/www.europesays.com\/lt\/wp-json\/wp\/v2\/types\/post"}],"author":[{"embeddable":true,"href":"https:\/\/www.europesays.com\/lt\/wp-json\/wp\/v2\/users\/2"}],"replies":[{"embeddable":true,"href":"https:\/\/www.europesays.com\/lt\/wp-json\/wp\/v2\/comments?post=73999"}],"version-history":[{"count":0,"href":"https:\/\/www.europesays.com\/lt\/wp-json\/wp\/v2\/posts\/73999\/revisions"}],"wp:featuredmedia":[{"embeddable":true,"href":"https:\/\/www.europesays.com\/lt\/wp-json\/wp\/v2\/media\/74000"}],"wp:attachment":[{"href":"https:\/\/www.europesays.com\/lt\/wp-json\/wp\/v2\/media?parent=73999"}],"wp:term":[{"taxonomy":"category","embeddable":true,"href":"https:\/\/www.europesays.com\/lt\/wp-json\/wp\/v2\/categories?post=73999"},{"taxonomy":"post_tag","embeddable":true,"href":"https:\/\/www.europesays.com\/lt\/wp-json\/wp\/v2\/tags?post=73999"}],"curies":[{"name":"wp","href":"https:\/\/api.w.org\/{rel}","templated":true}]}}