{"id":74037,"date":"2026-01-01T13:16:18","date_gmt":"2026-01-01T13:16:18","guid":{"rendered":"https:\/\/www.europesays.com\/lt\/74037\/"},"modified":"2026-01-01T13:16:18","modified_gmt":"2026-01-01T13:16:18","slug":"policijos-reidai-sausio-menesi-ka-ir-kada-tikrins-respublika-lt","status":"publish","type":"post","link":"https:\/\/www.europesays.com\/lt\/74037\/","title":{"rendered":"Policijos reidai sausio m\u0117nes\u012f: k\u0105 ir kada tikrins? &#8211; Respublika.lt"},"content":{"rendered":"<p><img loading=\"lazy\" decoding=\"async\" src=\"https:\/\/www.respublika.lt\/lt\/naujienos\/auto\/auto\/2026-uosius-policija-pradeda-alkoholio-patikrinimo-ir-kitais-reidais\/images\/ico_camera_white.gif\" class=\"camera\" width=\"22\" height=\"15\" alt=\"nuotr.\" style=\"position:relative; top:-2px; right:2px;\"\/> 1 nuotr.<\/p>\n<p>Asociatyvi redakcijos archyvo nuotr.<\/p>\n<p style=\"text-align: justify;\" class=\"desktop_banner\">\u00a0<\/p>\n<p style=\"text-align: left;\">Pareig\u016bnai taip pat ai\u0161kinsis, ar vairuotojai naudojasi laisv\u0173 rank\u0173 \u012franga, praleid\u017eia p\u0117s\u010diuosius ir tinkamai ve\u017ea vaikus.<\/p>\n<p style=\"text-align: left;\">Kaip skelbia policija, reidai vyks valstybin\u0117s (magistraliniuose, kra\u0161to, rajoniniuose) ir vietin\u0117s reik\u0161m\u0117s keliuose. Pareig\u016bnai patruliuos vie\u0161ai, nevie\u0161ai ar taikydami mi\u0161r\u0173 patruliavimo b\u016bd\u0105.<\/p>\n<p style=\"text-align: left;\">Sausio 2\u20135 d., 8\u201311 d., 14\u201317 d.\u00a0vyks transporto priemoni\u0173 vairuotoj\u0173 blaivumo, apsvaigimo nuo narkotini\u0173 ar kit\u0173 psichik\u0105 veikian\u010di\u0173 med\u017eiag\u0173 patikrinimai.<\/p>\n<p style=\"text-align: left;\">Sausio 19\u201321 d.\u00a0 pareig\u016bnai steb\u0117s, ar vairuotojai sustoja prie\u0161 p\u0117s\u010di\u0173j\u0173 per\u0117j\u0105, kai to reikalauja Keli\u0173 eismo taisykl\u0117s.<\/p>\n<p style=\"text-align: left;\">Sausio 24\u201326 d.\u00a0policininkai tikrins, kaip vairuotojai va\u017eiuoja per sankry\u017eas, gele\u017einkelio perva\u017eas, ar paiso \u0161viesoforo signal\u0173.\u00a0<\/p>\n<p style=\"text-align: left;\">Sausio 28\u201330d.\u00a0 pareig\u016bnai steb\u0117s, ar transporto priemoni\u0173 vairuotojai, naudodamiesi mobiliojo ry\u0161io priemon\u0117mis vairuojant, naudoja laisv\u0173 rank\u0173 \u012frang\u0105.<\/p>\n<p style=\"text-align: left;\">Policininkai taip pat ai\u0161kinsis, ar eismo dalyviai naudoja privalomas saugos priemones \u2013 saugos dir\u017eus, vaikams skirtas specialias s\u0117dynes.\u00a0<\/p>\n","protected":false},"excerpt":{"rendered":"1 nuotr. Asociatyvi redakcijos archyvo nuotr. \u00a0 Pareig\u016bnai taip pat ai\u0161kinsis, ar vairuotojai naudojasi laisv\u0173 rank\u0173 \u012franga, praleid\u017eia&hellip;\n","protected":false},"author":2,"featured_media":74038,"comment_status":"","ping_status":"","sticky":false,"template":"","format":"standard","meta":{"footnotes":"","_share_on_mastodon":"0"},"categories":[13],"tags":[25,2006,4243,30,31,34,35,24,1024,32,33,37,39,36,38,40,23,22,419,601,28,29,6635,3306,16383,26,27,88],"class_list":["post-74037","post","type-post","status-publish","format-standard","has-post-thumbnail","category-lietuva","tag-antrastes","tag-automobiliai","tag-blaivumas","tag-breaking-news","tag-breakingnews","tag-featured-news","tag-featurednews","tag-headlines","tag-ket","tag-latest-news","tag-latestnews","tag-lietuva","tag-lietuviu","tag-lithuania","tag-lithuanian","tag-lt","tag-naujienos","tag-news","tag-pareigunai","tag-policija","tag-populiariausios-naujienos","tag-populiariausiosnaujienos","tag-priemones","tag-reidai","tag-sausis","tag-top-stories","tag-topstories","tag-vairuotojai"],"share_on_mastodon":{"url":"https:\/\/pubeurope.com\/@lt\/115820034982808752","error":""},"_links":{"self":[{"href":"https:\/\/www.europesays.com\/lt\/wp-json\/wp\/v2\/posts\/74037","targetHints":{"allow":["GET"]}}],"collection":[{"href":"https:\/\/www.europesays.com\/lt\/wp-json\/wp\/v2\/posts"}],"about":[{"href":"https:\/\/www.europesays.com\/lt\/wp-json\/wp\/v2\/types\/post"}],"author":[{"embeddable":true,"href":"https:\/\/www.europesays.com\/lt\/wp-json\/wp\/v2\/users\/2"}],"replies":[{"embeddable":true,"href":"https:\/\/www.europesays.com\/lt\/wp-json\/wp\/v2\/comments?post=74037"}],"version-history":[{"count":0,"href":"https:\/\/www.europesays.com\/lt\/wp-json\/wp\/v2\/posts\/74037\/revisions"}],"wp:featuredmedia":[{"embeddable":true,"href":"https:\/\/www.europesays.com\/lt\/wp-json\/wp\/v2\/media\/74038"}],"wp:attachment":[{"href":"https:\/\/www.europesays.com\/lt\/wp-json\/wp\/v2\/media?parent=74037"}],"wp:term":[{"taxonomy":"category","embeddable":true,"href":"https:\/\/www.europesays.com\/lt\/wp-json\/wp\/v2\/categories?post=74037"},{"taxonomy":"post_tag","embeddable":true,"href":"https:\/\/www.europesays.com\/lt\/wp-json\/wp\/v2\/tags?post=74037"}],"curies":[{"name":"wp","href":"https:\/\/api.w.org\/{rel}","templated":true}]}}