{"id":74069,"date":"2026-01-01T13:51:08","date_gmt":"2026-01-01T13:51:08","guid":{"rendered":"https:\/\/www.europesays.com\/lt\/74069\/"},"modified":"2026-01-01T13:51:08","modified_gmt":"2026-01-01T13:51:08","slug":"didziausi-atleidimai-is-darbo-2025-aisiais-issiskyre-vienas-sektorius-delfi","status":"publish","type":"post","link":"https:\/\/www.europesays.com\/lt\/74069\/","title":{"rendered":"Did\u017eiausi atleidimai i\u0161 darbo 2025-aisiais: i\u0161siskyr\u0117 vienas sektorius &#8211; Delfi"},"content":{"rendered":"<ol>\n<li><a href=\"https:\/\/news.google.com\/rss\/articles\/CBMiugFBVV95cUxOQTZpYWZndW1OTy1ZdkIxR3U1TFBIcGxBZ3d5bFZrOXpXcUZZQ293Xy1HX1NMR0F1bk5PUFhIVkd0eGp5bzdfN0RwZ3JlLUtDb19nOGpNR2xKY3RYNjByLUtDNV8wd0VJc2hlQmJYYWRZell5am03XzBWTi1pWnF4YVphTzQtQ3hYT1BKVGt3WUZYWi0wdEhRelIydDdUaFFaVDFsTGZQTnV5ZEstU0xNOWJVTXNsYlBLcHc?oc=5\" target=\"_blank\" rel=\"nofollow noopener\">Did\u017eiausi atleidimai i\u0161 darbo 2025-aisiais: i\u0161siskyr\u0117 vienas sektorius<\/a>&nbsp;&nbsp;Delfi<\/li>\n<li><a href=\"https:\/\/news.google.com\/rss\/articles\/CBMi-AFBVV95cUxQb2xabTc4YWpMemJoT001SmlUb09RNURMczFhYjlMdFJSb3oyVFlEOWFEWWNES2xGalEtd2tNZWo4dC1DTFY5czFacllDWk8yS0NQOWlMY2VER0FmUjBHTW92TmlKX1o2UlRfYXpfSVl4QXFKX2pRUi1ZOFlVNEc4NHd2TWZnNTZ6UDRSa1plSlA2ZUFwWFU5NXRhRkhXV2pRNG9sTnY4b0JLc25vQlFFMzFldGdFTmpRaFJYR2xOX2pURnZ5emZrNXFMdmN6bnI1VG1Bd2l6eGxLeWhvSVJ3YXZxVVBBVHBjT1U0MDNvSWlBb1pQTHU1UQ?oc=5\" target=\"_blank\" rel=\"nofollow noopener\">Alfa ta\u0161kas. \u012evertino Lietuvos ekonomik\u0105: turime daryti visk\u0105, kad gr\u0105\u017eintume s\u0117km\u0117s istorij\u0105 atgal \u012f v\u0117\u017ees<\/a>&nbsp;&nbsp;Alfa<\/li>\n<li><a href=\"https:\/\/news.google.com\/rss\/articles\/CBMi6gFBVV95cUxQdU1nSjlHblVkYnNMYVFSejJKSDZRbTk4YnNUVk01WlRvN1JQTHlpZHNnN1RpVFp5WUVjS1NoMExUTk5Wa2xhcXljR01kWmVOSFpQVTBKNDRJdXIyWVFwQ3hZQzBidS16V3lFdnQ2SUpsdWhRTVYxREYwRTFUWEdKS1k0MkF1bUFXSWQwN0lpdzdpS0stTGNMaXZkRDRMT3NqbGVheFNPdEJ6Yl9ya1NkMzZxRTlTa1NfSTZyNF8tVGRZOWx1ZzFZdHU3bkFvNEtDSjExT3lReENjR2NndFRHdGdaMkpTZU5RMVE?oc=5\" target=\"_blank\" rel=\"nofollow noopener\">Darbuotoj\u0173 skai\u010dius nebeauga, atlyginim\u0173 augimas \u2013 l\u0117\u010diausias nuo 2014 met\u0173: vienas sektorius ekonomistams jau kelia nerim\u0105<\/a>&nbsp;&nbsp;15min.lt<\/li>\n<li><a href=\"https:\/\/news.google.com\/rss\/articles\/CBMizgFBVV95cUxNSGt6Y2JJb2Z2eUVhNmhmQUpCYXRJMlpBLTVQVlZKa2ZvT3kwbV9oazg4QmpnajBkQ01NNWFCMlo5U21HbEw4bTNJREZuT1FHQ1c4TndsRzJ3aXVJVGJldlloQ1FuZy1CV2U4QTdPeXBjRTFXcXVYMnVZZUNKT2tXQVE0dXpIMWptVHFSSHpfMlNhcjNiNjhKYUt3dU0zUVEyeURMUEktZEh3a1RJRFFOdlBFRFBhZXhnYkMzTTBFWVh5VUJ6Sm1UcmhlUGU5UQ?oc=5\" target=\"_blank\" rel=\"nofollow noopener\">Dar vieni geriausi metai ekonomikai? Ekspert\u0117 teigia \u2013 pesimistin\u0117s prognoz\u0117s nei\u0161sipild\u0117<\/a>&nbsp;&nbsp;LRT<\/li>\n<li><a href=\"https:\/\/news.google.com\/rss\/articles\/CBMiqwFBVV95cUxOMURnMkJlNXQ0NGdnVmtQUXNpak9rY0lHUVY5blJ3N0UwUjNkVHpXQ1VzMU9LbmZaNEhXWS04d1FycEhqSUtnTWpTUkU4c1hyZHo4RWZqRzdGRWEtLWhfeDFvYmluajlzYjJjRmozR3c2TGN3MEYzOWIyQ2hSV2RBWVpFSTdRRV9oTTlGZHhkclY4UjFSWUk2X2piMVpneGxDSGF3TE56aVBWSkk?oc=5\" target=\"_blank\" rel=\"nofollow noopener\">V. Janulevi\u010dius. 2025-ieji \u2013 metai, kai daugelis ekonomini\u0173 i\u0161\u0161\u016bki\u0173 i\u0161 teorini\u0173 virto praktiniais<\/a>&nbsp;&nbsp;JP.lt<\/li>\n<\/ol>\n","protected":false},"excerpt":{"rendered":"Did\u017eiausi atleidimai i\u0161 darbo 2025-aisiais: i\u0161siskyr\u0117 vienas sektorius&nbsp;&nbsp;Delfi Alfa ta\u0161kas. \u012evertino Lietuvos ekonomik\u0105: turime daryti visk\u0105, kad gr\u0105\u017eintume&hellip;\n","protected":false},"author":2,"featured_media":74070,"comment_status":"","ping_status":"","sticky":false,"template":"","format":"standard","meta":{"footnotes":"","_share_on_mastodon":"0"},"categories":[15],"tags":[16390,25,822,30,31,16388,16318,34,35,24,16389,32,33,37,39,36,38,40,23,22,16393,44,28,29,16387,16391,16392,26,27,824,46,74,75,76],"class_list":["post-74069","post","type-post","status-publish","format-standard","has-post-thumbnail","category-pasaulis","tag-amber-food","tag-antrastes","tag-bankrotas","tag-breaking-news","tag-breakingnews","tag-darbuotoju-atleidimas","tag-ecoservice","tag-featured-news","tag-featurednews","tag-headlines","tag-jurgis-ir-drakonas","tag-latest-news","tag-latestnews","tag-lietuva","tag-lietuviu","tag-lithuania","tag-lithuanian","tag-lt","tag-naujienos","tag-news","tag-opsec-online","tag-pasaulis","tag-populiariausios-naujienos","tag-populiariausiosnaujienos","tag-satrija","tag-sugamour","tag-teleperformance","tag-top-stories","tag-topstories","tag-uzimtumo-tarnyba","tag-verslas","tag-world","tag-world-news","tag-worldnews"],"share_on_mastodon":{"url":"","error":"Validation failed: Text character limit of 500 exceeded"},"_links":{"self":[{"href":"https:\/\/www.europesays.com\/lt\/wp-json\/wp\/v2\/posts\/74069","targetHints":{"allow":["GET"]}}],"collection":[{"href":"https:\/\/www.europesays.com\/lt\/wp-json\/wp\/v2\/posts"}],"about":[{"href":"https:\/\/www.europesays.com\/lt\/wp-json\/wp\/v2\/types\/post"}],"author":[{"embeddable":true,"href":"https:\/\/www.europesays.com\/lt\/wp-json\/wp\/v2\/users\/2"}],"replies":[{"embeddable":true,"href":"https:\/\/www.europesays.com\/lt\/wp-json\/wp\/v2\/comments?post=74069"}],"version-history":[{"count":0,"href":"https:\/\/www.europesays.com\/lt\/wp-json\/wp\/v2\/posts\/74069\/revisions"}],"wp:featuredmedia":[{"embeddable":true,"href":"https:\/\/www.europesays.com\/lt\/wp-json\/wp\/v2\/media\/74070"}],"wp:attachment":[{"href":"https:\/\/www.europesays.com\/lt\/wp-json\/wp\/v2\/media?parent=74069"}],"wp:term":[{"taxonomy":"category","embeddable":true,"href":"https:\/\/www.europesays.com\/lt\/wp-json\/wp\/v2\/categories?post=74069"},{"taxonomy":"post_tag","embeddable":true,"href":"https:\/\/www.europesays.com\/lt\/wp-json\/wp\/v2\/tags?post=74069"}],"curies":[{"name":"wp","href":"https:\/\/api.w.org\/{rel}","templated":true}]}}