{"id":74078,"date":"2026-01-01T14:03:11","date_gmt":"2026-01-01T14:03:11","guid":{"rendered":"https:\/\/www.europesays.com\/lt\/74078\/"},"modified":"2026-01-01T14:03:11","modified_gmt":"2026-01-01T14:03:11","slug":"tragiskai-zuvo-garsios-verslininkes-21-eriu-dukra-artimieji-sukresti","status":"publish","type":"post","link":"https:\/\/www.europesays.com\/lt\/74078\/","title":{"rendered":"Tragi\u0161kai \u017euvo garsios verslinink\u0117s 21-eri\u0173 dukra: artimieji sukr\u0117sti"},"content":{"rendered":"\n<p style=\"text-align:justify\">Du suaugusieji, buv\u0119 name gaisro metu, sugeb\u0117jo i\u0161sigelb\u0117ti nenukent\u0117j\u0119. Ta\u010diau Kayla, mylima draugijos \u201eSigma Delta Tau\u201c nar\u0117, rasta negyva.<\/p>\n<p> Kilo gaisras <\/p>\n<p style=\"text-align:justify\">Gaisras kilo gruod\u017eio 24 d., tre\u010diadienio ryt\u0105, prie\u0161 5 val., preliminariai gara\u017ee. Ugniagesi\u0173 vir\u0161ininkas Thomas Conroy ir kiti pareig\u016bnai teigia, kad gaisras, grei\u010diausiai, buvo nelaimingas atsitikimas.\u00a0Tyr\u0117jai nustat\u0117 kelis \u201ekar\u0161\u010dio ta\u0161kus\u201c, kurie gal\u0117jo prisid\u0117ti prie liepsn\u0173, ta\u010diau tiksli prie\u017eastis dar tiriama.<\/p>\n<p style=\"text-align:justify\">Apie 75 ugniagesiai i\u0161 viso regiono gesino liepsnas daugiau nei septynias valandas trij\u0173 auk\u0161t\u0173 name, skelbia PEOPLE.\u00a0<\/p>\n<p>    Instagram) &#8221; class=&#8221;articlePhoto&#8221;&gt;   <a href=\"https:\/\/www.tv3.lt\/Uploads\/UGallery\/photos\/c6\/35\/00\/ac\/c63500ac10a823565dcfba84c37c5733.jpg\" data-fancybox=\"photos-embed\" data-caption=\"\u017duvo garsios verslinink\u0117s 21-eri\u0173 dukra (nuotr. Instagram) \" target=\"_self\" rel=\"nofollow noopener\"> <img decoding=\"async\" class=\"photo-inside-article\" align=\"center\" alt=\"\u017duvo garsios verslinink\u0117s 21-eri\u0173 dukra (nuotr. Instagram) \" title=\"\u017duvo garsios verslinink\u0117s 21-eri\u0173 dukra (nuotr. Instagram) \" src=\"https:\/\/www.europesays.com\/lt\/wp-content\/uploads\/2026\/01\/c63500ac10a823565dcfba84c37c5733.jpg\" width=\"684\" height=\"654\" loading=\"lazy\" \/> <\/a>       <\/p>\n<p style=\"text-align:justify\">Kayla Corrigan studijavo rinkodaros vadyb\u0105 Sirak\u016bz\u0173 universiteto \u201eWhitman\u201c vadybos mokykloje ir planavo baigti studijas pavasar\u012f. Jos draugija socialiniuose tinkluose j\u0105 prisimin\u0117 kaip \u201egra\u017ei\u0105, \u0161ilt\u0105 ir r\u016bpesting\u0105 mergin\u0105\u201c, \u017einom\u0105 d\u0117l humoro ir gerumo.<\/p>\n<p style=\"text-align:justify\">Po Kaylos mirties prad\u0117ta \u201eGoFundMe\u201c akcija, skirta pad\u0117ti \u0161eimai, kurios namai ir turtas buvo sunaikinti.\u00a0Organizatorius ra\u0161\u0117: \u201e\u017dod\u017eiais ne\u012fmanoma i\u0161reik\u0161ti m\u016bs\u0173 skausmo ir \u0161oko d\u0117l \u0161ios netekties. Kayla visada liks m\u016bs\u0173 \u0161irdyse.\u201c<\/p>\n<p>\n                                        \u0160altinis:<br \/>\n                                                                                    tv3.lt\n                                                                                <\/p>\n<p>Kvie\u010diame atrasti nauj\u0105 tv3.lt turin\u012f! Nuo \u0161iol portale j\u016bs\u0173 laukia <a href=\"https:\/\/www.tv3.lt\/testai\" rel=\"nofollow noopener\" target=\"_blank\">kasdien nauji testai<\/a>   \u2013 i\u0161bandykite savo \u017einias ir smagiai praleiskite laik\u0105. <\/p>\n","protected":false},"excerpt":{"rendered":"Du suaugusieji, buv\u0119 name gaisro metu, sugeb\u0117jo i\u0161sigelb\u0117ti nenukent\u0117j\u0119. Ta\u010diau Kayla, mylima draugijos \u201eSigma Delta Tau\u201c nar\u0117, rasta&hellip;\n","protected":false},"author":2,"featured_media":74079,"comment_status":"","ping_status":"","sticky":false,"template":"","format":"standard","meta":{"footnotes":""},"categories":[15],"tags":[16394,25,30,31,57,43,34,35,55,48,24,54,51,49,50,32,33,37,39,36,38,40,45,23,22,44,28,29,53,42,56,47,26,27,41,46,58,74,75,76,52],"class_list":{"0":"post-74078","1":"post","2":"type-post","3":"status-publish","4":"format-standard","5":"has-post-thumbnail","7":"category-pasaulis","8":"tag-2026-01-01-121428","9":"tag-antrastes","10":"tag-breaking-news","11":"tag-breakingnews","12":"tag-daiktai","13":"tag-dienos-kronika","14":"tag-featured-news","15":"tag-featurednews","16":"tag-gatves-tekstai","17":"tag-gyvenimas","18":"tag-headlines","19":"tag-interneto-pievos","20":"tag-keliones","21":"tag-kultura","22":"tag-laisvalaikis","23":"tag-latest-news","24":"tag-latestnews","25":"tag-lietuva","26":"tag-lietuviu","27":"tag-lithuania","28":"tag-lithuanian","29":"tag-lt","30":"tag-mokslas-ir-it","31":"tag-naujienos","32":"tag-news","33":"tag-pasaulis","34":"tag-populiariausios-naujienos","35":"tag-populiariausiosnaujienos","36":"tag-projektai","37":"tag-rinktiniai-tekstai","38":"tag-simtmecio-portalas","39":"tag-sportas","40":"tag-top-stories","41":"tag-topstories","42":"tag-tv3-lt","43":"tag-verslas","44":"tag-video","45":"tag-world","46":"tag-world-news","47":"tag-worldnews","48":"tag-zaidimai"},"share_on_mastodon":{"url":"","error":"Validation failed: Text character limit of 500 exceeded"},"_links":{"self":[{"href":"https:\/\/www.europesays.com\/lt\/wp-json\/wp\/v2\/posts\/74078","targetHints":{"allow":["GET"]}}],"collection":[{"href":"https:\/\/www.europesays.com\/lt\/wp-json\/wp\/v2\/posts"}],"about":[{"href":"https:\/\/www.europesays.com\/lt\/wp-json\/wp\/v2\/types\/post"}],"author":[{"embeddable":true,"href":"https:\/\/www.europesays.com\/lt\/wp-json\/wp\/v2\/users\/2"}],"replies":[{"embeddable":true,"href":"https:\/\/www.europesays.com\/lt\/wp-json\/wp\/v2\/comments?post=74078"}],"version-history":[{"count":0,"href":"https:\/\/www.europesays.com\/lt\/wp-json\/wp\/v2\/posts\/74078\/revisions"}],"wp:featuredmedia":[{"embeddable":true,"href":"https:\/\/www.europesays.com\/lt\/wp-json\/wp\/v2\/media\/74079"}],"wp:attachment":[{"href":"https:\/\/www.europesays.com\/lt\/wp-json\/wp\/v2\/media?parent=74078"}],"wp:term":[{"taxonomy":"category","embeddable":true,"href":"https:\/\/www.europesays.com\/lt\/wp-json\/wp\/v2\/categories?post=74078"},{"taxonomy":"post_tag","embeddable":true,"href":"https:\/\/www.europesays.com\/lt\/wp-json\/wp\/v2\/tags?post=74078"}],"curies":[{"name":"wp","href":"https:\/\/api.w.org\/{rel}","templated":true}]}}