{"id":74088,"date":"2026-01-01T14:11:16","date_gmt":"2026-01-01T14:11:16","guid":{"rendered":"https:\/\/www.europesays.com\/lt\/74088\/"},"modified":"2026-01-01T14:11:16","modified_gmt":"2026-01-01T14:11:16","slug":"del-valanciuno-traumos-nusivyles-treneris-prognozavo-ispudinga-lietuvio-statistika","status":"publish","type":"post","link":"https:\/\/www.europesays.com\/lt\/74088\/","title":{"rendered":"D\u0117l Valan\u010di\u016bno traumos nusivyl\u0119s treneris prognozavo \u012fsp\u016bding\u0105 lietuvio statistik\u0105"},"content":{"rendered":"<p>Po sunkios pergal\u0117s prie\u0161 Toronto \u201eRaptors\u201c ekip\u0105 Denverio \u201eNuggets\u201c vyriausiasis treneris Davidas Adelmanas v\u0117l buvo priverstas kalb\u0117ti ne apie statistik\u0105, o apie medicinines problemas. Pagrindinis vakaro r\u016bpestis tapo vidurio puol\u0117jas Jonas Valan\u010di\u016bnas, kuris rungtyni\u0173 nebaig\u0117 d\u0117l blauzdos raumens traumos.<\/p>\n<p>\u201eNe\u017einau, kiek tai rimta, \u2013 po rungtyni\u0173 \u017eurnalistams sak\u0117 D. Adelmanas. \u2013 Mes jau tarsi prie to pripratome. Atrodo, kad kiekvien\u0105 vakar\u0105 ka\u017ekam kas nors nutinka.\u201c<\/p>\n<p>\u0160i trauma tapo dar vienu sm\u016bgiu alinant\u012f m\u0117nes\u012f i\u0161gyvenan\u010diam Denverio klubui.\u00a0<\/p>\n<p>\u201eTikiuosi, kad Jonas atsigaus tinkamai. Tikiuosi, kad tai n\u0117ra rimta, lygiai taip pat, kaip sakiau jau kokius 19 kart\u0173 \u0161\u012f m\u0117nes\u012f, \u2013 kalb\u0117jo D. Adelmanas. \u2013 Ta\u010diau situacija yra tokia, kokia yra. Tau r\u016bpi jis kaip \u017emogus, nori, kad jis pasveikt\u0173, o tada pasi\u017ei\u016bri \u012f sud\u0117t\u012f, pa\u017evelgi kitam \u017eaid\u0117jui \u012f akis ir sakai: \u201eGerai, tu laukei savo \u0161anso, eik ir \u017eaisk.\u201c<\/p>\n<p>Traumos laikas buvo ypa\u010d skaudus, nes J. Valan\u010di\u016bnas aik\u0161t\u0117je atrod\u0117 itin efektyviai. Prie\u0161 pasitraukdamas \u012f r\u016bbin\u0119 auk\u0161ta\u016bgis buvo pagrindin\u0117 \u201eNuggets\u201c j\u0117ga baudos aik\u0161tel\u0117je. Per 23 minutes jis peln\u0117 17 ta\u0161k\u0173 ir atkovojo 9 kamuolius.<\/p>\n<p>\u201eJis buvo puikus. \u0160\u012f vakar\u0105 ma\u010diau visi\u0161kai kitoki\u0105 jo energij\u0105, \u2013 pa\u017eym\u0117jo treneris. \u2013 Jei jis b\u016bt\u0173 su\u017eaid\u0119s tas 32 minutes, kurias planavau jam skirti, tikriausiai kalb\u0117tume apie 25 ta\u0161kus ir 12 atkovot\u0173 kamuoli\u0173. Tai yra tai, k\u0105 jis gali duoti, ypa\u010d kai var\u017eovai \u017eaid\u017eia ma\u017eais penketais, kaip buvo \u0161\u012fkart.\u201c<\/p>\n<p style=\"color:#cf4949;\">Per TV3 steb\u0117kite kiekvienas \u201e\u017dalgirio\u201c rungtynes Eurolygoje, o Go3 parodys visas kovas.<\/p>\n","protected":false},"excerpt":{"rendered":"Po sunkios pergal\u0117s prie\u0161 Toronto \u201eRaptors\u201c ekip\u0105 Denverio \u201eNuggets\u201c vyriausiasis treneris Davidas Adelmanas v\u0117l buvo priverstas kalb\u0117ti ne&hellip;\n","protected":false},"author":2,"featured_media":74089,"comment_status":"","ping_status":"","sticky":false,"template":"","format":"standard","meta":{"footnotes":""},"categories":[6],"tags":[25,30,31,57,43,34,35,55,48,24,54,51,49,50,32,33,37,39,36,38,40,45,23,22,44,28,29,53,42,56,47,112,26,27,46,58,52],"class_list":{"0":"post-74088","1":"post","2":"type-post","3":"status-publish","4":"format-standard","5":"has-post-thumbnail","7":"category-antrastes","8":"tag-antrastes","9":"tag-breaking-news","10":"tag-breakingnews","11":"tag-daiktai","12":"tag-dienos-kronika","13":"tag-featured-news","14":"tag-featurednews","15":"tag-gatves-tekstai","16":"tag-gyvenimas","17":"tag-headlines","18":"tag-interneto-pievos","19":"tag-keliones","20":"tag-kultura","21":"tag-laisvalaikis","22":"tag-latest-news","23":"tag-latestnews","24":"tag-lietuva","25":"tag-lietuviu","26":"tag-lithuania","27":"tag-lithuanian","28":"tag-lt","29":"tag-mokslas-ir-it","30":"tag-naujienos","31":"tag-news","32":"tag-pasaulis","33":"tag-populiariausios-naujienos","34":"tag-populiariausiosnaujienos","35":"tag-projektai","36":"tag-rinktiniai-tekstai","37":"tag-simtmecio-portalas","38":"tag-sportas","39":"tag-sportas-lt","40":"tag-top-stories","41":"tag-topstories","42":"tag-verslas","43":"tag-video","44":"tag-zaidimai"},"share_on_mastodon":{"url":"","error":"Validation failed: Text character limit of 500 exceeded"},"_links":{"self":[{"href":"https:\/\/www.europesays.com\/lt\/wp-json\/wp\/v2\/posts\/74088","targetHints":{"allow":["GET"]}}],"collection":[{"href":"https:\/\/www.europesays.com\/lt\/wp-json\/wp\/v2\/posts"}],"about":[{"href":"https:\/\/www.europesays.com\/lt\/wp-json\/wp\/v2\/types\/post"}],"author":[{"embeddable":true,"href":"https:\/\/www.europesays.com\/lt\/wp-json\/wp\/v2\/users\/2"}],"replies":[{"embeddable":true,"href":"https:\/\/www.europesays.com\/lt\/wp-json\/wp\/v2\/comments?post=74088"}],"version-history":[{"count":0,"href":"https:\/\/www.europesays.com\/lt\/wp-json\/wp\/v2\/posts\/74088\/revisions"}],"wp:featuredmedia":[{"embeddable":true,"href":"https:\/\/www.europesays.com\/lt\/wp-json\/wp\/v2\/media\/74089"}],"wp:attachment":[{"href":"https:\/\/www.europesays.com\/lt\/wp-json\/wp\/v2\/media?parent=74088"}],"wp:term":[{"taxonomy":"category","embeddable":true,"href":"https:\/\/www.europesays.com\/lt\/wp-json\/wp\/v2\/categories?post=74088"},{"taxonomy":"post_tag","embeddable":true,"href":"https:\/\/www.europesays.com\/lt\/wp-json\/wp\/v2\/tags?post=74088"}],"curies":[{"name":"wp","href":"https:\/\/api.w.org\/{rel}","templated":true}]}}