{"id":74090,"date":"2026-01-01T14:14:06","date_gmt":"2026-01-01T14:14:06","guid":{"rendered":"https:\/\/www.europesays.com\/lt\/74090\/"},"modified":"2026-01-01T14:14:06","modified_gmt":"2026-01-01T14:14:06","slug":"saugumas-svarbiau-uz-dizaina-kinija-uzdraudzia-automobiliu-gamintoju-pamegtas-duru-rankeneles","status":"publish","type":"post","link":"https:\/\/www.europesays.com\/lt\/74090\/","title":{"rendered":"Saugumas svarbiau u\u017e dizain\u0105: Kinija u\u017edraud\u017eia automobili\u0173 gamintoj\u0173 pam\u0117gtas dur\u0173 ranken\u0117les"},"content":{"rendered":"\n<p>Remiantis naujausiais duomenimis, nuo 2027 m. sausio m\u0117nesio \u0161alyje \u012fsigaliosiantis draudimas \u012fpareigos gamintojus u\u017etikrinti, kad visos <a href=\"https:\/\/www.tv3.lt\/rubrika\/naujienos\/verslas\/transportas\" target=\"_blank\" class=\"phrase\" rel=\"nofollow noopener\">transporto<\/a> priemon\u0117s tur\u0117t\u0173 patikim\u0105 mechanin\u012f dur\u0173 atidarymo b\u016bd\u0105, kuris veikt\u0173 net ir sugedus elektronikai.<\/p>\n<p>Daugiau naujien\u0173 i\u0161 automobili\u0173 pasaulio <a href=\"https:\/\/www.tv3.lt\/rubrika\/naujienos\/automanas\/automobiliu-naujienos?page=1\" target=\"_blank\" rel=\"nofollow noopener\">galite perskaityti \u201eAutomobili\u0173 naujienos\u201c rubrikoje.<\/a><\/p>\n<p>   Gelb\u0117toj\u0173 ko\u0161maras ir \u012f\u0161al\u0119 mechanizmai <\/p>\n<p>Pagrindinis \u0161io grie\u017eto sprendimo motyvas \u2013 gelb\u0117toj\u0173 darbas kritin\u0117se situacijose. Pasaulyje jau u\u017efiksuotas ne vienas tragi\u0161kas atvejis, kai po <a href=\"https:\/\/www.tv3.lt\/gaires\/avarija\" target=\"_blank\" class=\"phrase\" rel=\"nofollow noopener\">avarijos<\/a> automobilyje dingus elektros tiekimui, modernios elektronin\u0117s ranken\u0117l\u0117s likdavo \u012ftrauktos \u012f k\u0117bul\u0105, o gelb\u0117tojai negal\u0117davo greitai patekti \u012f salon\u0105 ir suteikti pagalbos nukent\u0117jusiesiems.<\/p>\n<p><a href=\"https:\/\/www.tv3.lt\/rubrika\/naujienos\/uzsienis\/kinija\" target=\"_blank\" class=\"phrase\" rel=\"nofollow noopener\">Kinijos<\/a> pramon\u0117s ir informacini\u0173 technologij\u0173 ministerijos (MIIT) parengtame reglamente numatyta, kad visi nauji automobiliai, sveriantys ma\u017eiau nei 3,5 tonos, prival\u0117s tur\u0117ti mechanin\u0119 sistem\u0105, leid\u017eian\u010di\u0105 duris atidaryti tiek i\u0161 i\u0161or\u0117s, tiek i\u0161 vidaus bet kokiomis aplinkyb\u0117mis.<\/p>\n<p>\u0160is sprendimas tur\u0117t\u0173 prad\u017eiuginti ir paprastus vartotojus, kurie neretai susiduria su kasdieniais nepatogumais. Nors i\u0161lendan\u010dios ranken\u0117l\u0117s atrodo efektingai, vairuotojai da\u017enai skund\u017eiasi d\u0117l l\u0117to j\u0173 veikimo, strigimo esant nepalankioms oro s\u0105lygoms (pavyzd\u017eiui, apled\u0117jus) ar net skausmingai prispaust\u0173 pir\u0161t\u0173.\u00a0<\/p>\n<p>   Sm\u016bgis \u201e<a href=\"https:\/\/www.autobilis.lt\/skelbimai\/naudoti-automobiliai\/tesla\" target=\"_blank\" class=\"phrase\" rel=\"nofollow noopener\">Tesla\u201c<\/a> ir kitiems gamintojams <\/p>\n<p>Naujasis reglamentas taps rimtu in\u017eineriniu i\u0161\u0161\u016bkiu daugeliui rinkos \u017eaid\u0117j\u0173, \u012fskaitant vietin\u0119 mil\u017ein\u0119 BYD ar vokie\u010di\u0173 \u201e<a href=\"https:\/\/www.autobilis.lt\/skelbimai\/naudoti-automobiliai\/mercedes-benz\" target=\"_blank\" class=\"phrase\" rel=\"nofollow noopener\">Mercedes-Benz\u201c<\/a>, kurie savo elektromobiliuose naudoja \u0161i\u0105 technologij\u0105. Ta\u010diau did\u017eiausias d\u0117mesys krypsta \u012f JAV elektromobili\u0173 pionier\u0119 <a href=\"https:\/\/www.tv3.lt\/gaires\/tesla\" target=\"_blank\" rel=\"nofollow noopener\">\u201eTesla\u201c<\/a>. Visi \u0161io gamintojo modeliai naudoja i\u0161skirtinai elektroniniu b\u016bdu valdomas, \u012f k\u0117bul\u0105 \u012fleistas ranken\u0117les, kurios tapo neatsiejama mark\u0117s \u012fvaizd\u017eio dalimi.<\/p>\n<p>Kadangi Kinija yra gyvybi\u0161kai svarbi rinka visiems didiesiems gamintojams, tik\u0117tina, kad \u0161is sprendimas tur\u0117s global\u0173 poveik\u012f. Automobili\u0173 koncernai, nor\u0117dami ir toliau prekiauti \u0161ioje \u0161alyje, bus priversti keisti k\u0117bulo dizain\u0105 ir dur\u0173 konstrukcij\u0105. Tai gali reik\u0161ti, kad artimiausiu metu ir <a href=\"https:\/\/www.tv3.lt\/rubrika\/naujienos\/uzsienis\/europa\" target=\"_blank\" class=\"phrase\" rel=\"nofollow noopener\">Europoje<\/a> pamatysime vis daugiau nauj\u0173 modeli\u0173, kurie gr\u012f\u017eta prie patikrint\u0173, mechani\u0161kai valdom\u0173 ranken\u0117li\u0173 sprendim\u0173.<\/p>\n<p>Patiko straipsnis? <a href=\"https:\/\/www.tv3.lt\/prenumeruoti\" rel=\"nofollow noopener\" target=\"_blank\">U\u017esiprenumeruokite m\u016bs\u0173 naujienlai\u0161k\u012f ir gaukite svarbiausias dienos naujienas bei \u012fdomiausius straipsnius kiekvien\u0105 darbo dien\u0105 11 val. Tiesiai \u012f J\u016bs\u0173 el. pa\u0161t\u0105!<\/a><\/p>\n","protected":false},"excerpt":{"rendered":"Remiantis naujausiais duomenimis, nuo 2027 m. sausio m\u0117nesio \u0161alyje \u012fsigaliosiantis draudimas \u012fpareigos gamintojus u\u017etikrinti, kad visos transporto priemon\u0117s&hellip;\n","protected":false},"author":2,"featured_media":74091,"comment_status":"","ping_status":"","sticky":false,"template":"","format":"standard","meta":{"footnotes":""},"categories":[17],"tags":[16395,81,57,43,55,48,54,51,49,50,37,39,36,38,40,45,23,44,53,42,56,47,41,46,58,52],"class_list":{"0":"post-74090","1":"post","2":"type-post","3":"status-publish","4":"format-standard","5":"has-post-thumbnail","7":"category-verslas","8":"tag-2026-01-01-160000","9":"tag-business","10":"tag-daiktai","11":"tag-dienos-kronika","12":"tag-gatves-tekstai","13":"tag-gyvenimas","14":"tag-interneto-pievos","15":"tag-keliones","16":"tag-kultura","17":"tag-laisvalaikis","18":"tag-lietuva","19":"tag-lietuviu","20":"tag-lithuania","21":"tag-lithuanian","22":"tag-lt","23":"tag-mokslas-ir-it","24":"tag-naujienos","25":"tag-pasaulis","26":"tag-projektai","27":"tag-rinktiniai-tekstai","28":"tag-simtmecio-portalas","29":"tag-sportas","30":"tag-tv3-lt","31":"tag-verslas","32":"tag-video","33":"tag-zaidimai"},"share_on_mastodon":{"url":"https:\/\/pubeurope.com\/@lt\/115820263031636012","error":""},"_links":{"self":[{"href":"https:\/\/www.europesays.com\/lt\/wp-json\/wp\/v2\/posts\/74090","targetHints":{"allow":["GET"]}}],"collection":[{"href":"https:\/\/www.europesays.com\/lt\/wp-json\/wp\/v2\/posts"}],"about":[{"href":"https:\/\/www.europesays.com\/lt\/wp-json\/wp\/v2\/types\/post"}],"author":[{"embeddable":true,"href":"https:\/\/www.europesays.com\/lt\/wp-json\/wp\/v2\/users\/2"}],"replies":[{"embeddable":true,"href":"https:\/\/www.europesays.com\/lt\/wp-json\/wp\/v2\/comments?post=74090"}],"version-history":[{"count":0,"href":"https:\/\/www.europesays.com\/lt\/wp-json\/wp\/v2\/posts\/74090\/revisions"}],"wp:featuredmedia":[{"embeddable":true,"href":"https:\/\/www.europesays.com\/lt\/wp-json\/wp\/v2\/media\/74091"}],"wp:attachment":[{"href":"https:\/\/www.europesays.com\/lt\/wp-json\/wp\/v2\/media?parent=74090"}],"wp:term":[{"taxonomy":"category","embeddable":true,"href":"https:\/\/www.europesays.com\/lt\/wp-json\/wp\/v2\/categories?post=74090"},{"taxonomy":"post_tag","embeddable":true,"href":"https:\/\/www.europesays.com\/lt\/wp-json\/wp\/v2\/tags?post=74090"}],"curies":[{"name":"wp","href":"https:\/\/api.w.org\/{rel}","templated":true}]}}