{"id":74289,"date":"2026-01-01T19:22:08","date_gmt":"2026-01-01T19:22:08","guid":{"rendered":"https:\/\/www.europesays.com\/lt\/74289\/"},"modified":"2026-01-01T19:22:08","modified_gmt":"2026-01-01T19:22:08","slug":"kaune-siauba-keliantis-motinos-ispejimas-stai-kaip-nepazistami-vyrai-fotografavo-jos-vaika","status":"publish","type":"post","link":"https:\/\/www.europesays.com\/lt\/74289\/","title":{"rendered":"Kaune \u2013 siaub\u0105 keliantis motinos \u012fsp\u0117jimas: \u0161tai kaip nepa\u017e\u012fstami vyrai fotografavo jos vaik\u0105"},"content":{"rendered":"\n<p>\u0160iuo metu \u0161is socialinio tinklo \u012fra\u0161as yra i\u0161trintas. Ta\u010diau, kaip nurod\u0117 portalas \u201eKauno diena\u201c, moteris dalinosi, kad \u012fvykis nutiko gruod\u017eio 15 d., kai ji apie 20.30 val. Kalnie\u010diuose, V. Landsbergio-\u017demkalnio g. lauk\u0117 savo vaiko po treniruot\u0117s.<\/p>\n<p>Moteris tikino, kad buvo sustojusi ir lauk\u0117 vaiko su \u012fjungtu avariniu signalu. Ta\u010diau tuomet priva\u017eiavo automobilis, kuriame s\u0117d\u0117jo 2 vyrai.<\/p>\n<p>I\u0161 prad\u017ei\u0173 moteris paman\u0117, kad tai <a href=\"https:\/\/www.tv3.lt\/gaires\/policija?page=1\" target=\"_blank\" rel=\"nofollow noopener\">policijos ekipa\u017eas<\/a>.<\/p>\n<p>\u201eVairuotojas i\u0161lipo i\u0161 automobilio, lipdamas \u012fjung\u0117 garsin\u012f signal\u0105, labai pana\u0161\u0173 \u012f policijos \u0161vytur\u0117lio gars\u0105, ir pri\u0117jo prie mano automobilio. Pagalvojau, policija\u201c, \u2013 ai\u0161kino ji.\u00a0<\/p>\n<p>Visgi vyras nebuvo apsireng\u0119s kaip pareig\u016bnas. O pri\u0117j\u0119s jis prad\u0117jo klausin\u0117ti moters kod\u0117l ji \u010dia stovi bei pagrasino jai i\u0161kviesti policij\u0105.\u00a0<\/p>\n<p>Be to, moteris tikino, kad vyrai nufilmavo ir jos automobil\u012f, ir jos vaik\u0105. O galiausiai nusprendus nepa\u017e\u012fstamiesiems i\u0161kviesti policij\u0105, abu vyrai pasi\u0161alino i\u0161 prad\u017ei\u0173 teig\u0119, kad tik juokavo.\u00a0<\/p>\n<p> Policija vien\u0105 i\u0161 vyr\u0173 atpa\u017eino <\/p>\n<p>Naujien\u0173 portalo <a href=\"https:\/\/www.tv3.lt\/programos\/tv3\/pilna\" target=\"_blank\" class=\"phrase\" rel=\"nofollow noopener\">tv3<\/a>.lt \u017eurnalistams <a href=\"https:\/\/www.tv3.lt\/gaires\/policija?page=1\" target=\"_blank\" rel=\"nofollow noopener\">Kauno VPK<\/a> atstov\u0117 Odeta Vaitkevi\u010dien\u0117 nurod\u0117, kad gruod\u017eio 15 d. i\u0161 ties\u0173 buvo gautas prane\u0161imas apie tok\u012f \u012fvyk\u012f.<\/p>\n<p>O kit\u0105 dien\u0105 pareig\u016bnams pavyko nustatyti vieno i\u0161 \u012fvykyje dalyvavusi\u0173 vyr\u0173 tapatyb\u0119. 1980 m. gim\u0119s vyras tur\u0117jo ir paai\u0161kinim\u0105, k\u0105 dar\u0117.\u00a0<\/p>\n<p>\u201eJis pareig\u016bnams teig\u0117, kad fiksavo keli\u0173 eismo taisykli\u0173 pa\u017eeidim\u0105\u201c, \u2013 teig\u0117 policijos atstov\u0117.<\/p>\n<p>Ji prid\u016br\u0117, kad \u0161iuo metu ikiteisminis tyrimas d\u0117l \u0161io \u012fvykio n\u0117ra prad\u0117tas, o pareig\u016bnai ai\u0161kinasi \u012fvykio aplinkybes.\u00a0<\/p>\n<p>Portalo \u201eKauno diena\u201c duomenimis, atpa\u017eintas vyras yra Bernardas Bu\u010das jaunesnysis, kuris anks\u010diau jau ne kart\u0105 yra susid\u016br\u0119s su policijos pareig\u016bnais.\u00a0<\/p>\n<p>\n                                        \u0160altinis:<br \/>\n                                                                                    tv3.lt\n                                                                                <\/p>\n<p>Kvie\u010diame atrasti nauj\u0105 tv3.lt turin\u012f! Nuo \u0161iol portale j\u016bs\u0173 laukia <a href=\"https:\/\/www.tv3.lt\/testai\" rel=\"nofollow noopener\" target=\"_blank\">kasdien nauji testai<\/a>   \u2013 i\u0161bandykite savo \u017einias ir smagiai praleiskite laik\u0105. <\/p>\n","protected":false},"excerpt":{"rendered":"\u0160iuo metu \u0161is socialinio tinklo \u012fra\u0161as yra i\u0161trintas. Ta\u010diau, kaip nurod\u0117 portalas \u201eKauno diena\u201c, moteris dalinosi, kad \u012fvykis&hellip;\n","protected":false},"author":2,"featured_media":74290,"comment_status":"","ping_status":"","sticky":false,"template":"","format":"standard","meta":{"footnotes":""},"categories":[13],"tags":[16460,25,30,31,57,43,34,35,55,48,24,54,51,49,50,32,33,37,39,36,38,40,45,23,22,44,28,29,53,42,56,47,26,27,41,46,58,52],"class_list":{"0":"post-74289","1":"post","2":"type-post","3":"status-publish","4":"format-standard","5":"has-post-thumbnail","7":"category-lietuva","8":"tag-2026-01-01-194500","9":"tag-antrastes","10":"tag-breaking-news","11":"tag-breakingnews","12":"tag-daiktai","13":"tag-dienos-kronika","14":"tag-featured-news","15":"tag-featurednews","16":"tag-gatves-tekstai","17":"tag-gyvenimas","18":"tag-headlines","19":"tag-interneto-pievos","20":"tag-keliones","21":"tag-kultura","22":"tag-laisvalaikis","23":"tag-latest-news","24":"tag-latestnews","25":"tag-lietuva","26":"tag-lietuviu","27":"tag-lithuania","28":"tag-lithuanian","29":"tag-lt","30":"tag-mokslas-ir-it","31":"tag-naujienos","32":"tag-news","33":"tag-pasaulis","34":"tag-populiariausios-naujienos","35":"tag-populiariausiosnaujienos","36":"tag-projektai","37":"tag-rinktiniai-tekstai","38":"tag-simtmecio-portalas","39":"tag-sportas","40":"tag-top-stories","41":"tag-topstories","42":"tag-tv3-lt","43":"tag-verslas","44":"tag-video","45":"tag-zaidimai"},"share_on_mastodon":{"url":"","error":"Validation failed: Text character limit of 500 exceeded"},"_links":{"self":[{"href":"https:\/\/www.europesays.com\/lt\/wp-json\/wp\/v2\/posts\/74289","targetHints":{"allow":["GET"]}}],"collection":[{"href":"https:\/\/www.europesays.com\/lt\/wp-json\/wp\/v2\/posts"}],"about":[{"href":"https:\/\/www.europesays.com\/lt\/wp-json\/wp\/v2\/types\/post"}],"author":[{"embeddable":true,"href":"https:\/\/www.europesays.com\/lt\/wp-json\/wp\/v2\/users\/2"}],"replies":[{"embeddable":true,"href":"https:\/\/www.europesays.com\/lt\/wp-json\/wp\/v2\/comments?post=74289"}],"version-history":[{"count":0,"href":"https:\/\/www.europesays.com\/lt\/wp-json\/wp\/v2\/posts\/74289\/revisions"}],"wp:featuredmedia":[{"embeddable":true,"href":"https:\/\/www.europesays.com\/lt\/wp-json\/wp\/v2\/media\/74290"}],"wp:attachment":[{"href":"https:\/\/www.europesays.com\/lt\/wp-json\/wp\/v2\/media?parent=74289"}],"wp:term":[{"taxonomy":"category","embeddable":true,"href":"https:\/\/www.europesays.com\/lt\/wp-json\/wp\/v2\/categories?post=74289"},{"taxonomy":"post_tag","embeddable":true,"href":"https:\/\/www.europesays.com\/lt\/wp-json\/wp\/v2\/tags?post=74289"}],"curies":[{"name":"wp","href":"https:\/\/api.w.org\/{rel}","templated":true}]}}