{"id":74301,"date":"2026-01-01T19:33:08","date_gmt":"2026-01-01T19:33:08","guid":{"rendered":"https:\/\/www.europesays.com\/lt\/74301\/"},"modified":"2026-01-01T19:33:08","modified_gmt":"2026-01-01T19:33:08","slug":"rusija-jau-turi-konkrecius-planus-sausiui-demesio-centre-charkivo-sritis","status":"publish","type":"post","link":"https:\/\/www.europesays.com\/lt\/74301\/","title":{"rendered":"Rusija jau turi konkre\u010dius planus sausiui: d\u0117mesio centre \u2013 Charkivo sritis"},"content":{"rendered":"<p>Pasak jo, pastarosiomis dienomis itin aktyvi\u0173 susir\u0117mim\u0173 nebuvo.<\/p>\n<p>\u201eRusai vykdo aktyv\u0173 persigrupavim\u0105. Atrodo, kad i\u0161 dviej\u0173 taktik\u0173 \u2013 arba bandyti mus terorizuoti per \u0161ventes, arba per \u0161ventes kiek suma\u017einti aktyvum\u0105 ir pereiti prie \u017evalgybini\u0173 veiksm\u0173 bei paj\u0117g\u0173 perdislokavimo \u2013 jie pasirinko antr\u0105j\u0105. I\u0161 esm\u0117s dabar jie daugiau d\u0117mesio skiria m\u016bs\u0173 gynybos linij\u0173 tikrinimui ir savo paj\u0117g\u0173 pergrupavimui\u201c, \u2013 sak\u0117 jis.<\/p>\n<p>Jis pabr\u0117\u017e\u0117, kad prie\u0161o elgesys visoje fronto linijoje nuo Sum\u0173 iki Donecko sri\u010di\u0173 ai\u0161kiai rodo, jog Rusija jau turi konkre\u010dius planus sausio m\u0117nesiui.<\/p>\n<p>\u201eJau akivaizdu, kad j\u0173 tikslai saus\u012f \u2013 apeiti Vov\u010dansk\u0105, likviduoti Ukrainos placdarm\u0105 \u012f rytus nuo Kupjansko, jud\u0117ti Lymano kryptimi ir slaptai prasiskverbti Lymane\u201c, \u2013 sak\u0117 jis.<\/p>\n<p>Jis prid\u016br\u0117, kad ruden\u012f prie\u0161ui nepavyko \u012fgyvendinti \u0161i\u0173 plan\u0173 ir nepavyks j\u0173 \u012fgyvendinti ir dabar.<\/p>\n<p>Jis taip pat teig\u0117, kad per pastar\u0105j\u0105 par\u0105 Dvori\u010dnos kaime Charkivo srityje aktyvi\u0173 puolim\u0173 nebuvo, ta\u010diau tai nerei\u0161kia, jog situacija ten rami.<\/p>\n<p>\u201eTai rei\u0161kia tik tai, kad rusai ruo\u0161iasi juos atnaujinti artimiausiomis dienomis\u201c, \u2013 paai\u0161kino jis.<\/p>\n<p>Jis pabr\u0117\u017e\u0117, kad \u0161iuo metu ypa\u010d svarbu neleisti prie\u0161ui persikelti per Oskilo up\u0119, nes jai u\u017e\u0161alus Rusijos paj\u0117gos gali bandyti j\u0105 kirsti net be vandens transporto priemoni\u0173.<\/p>\n<p>Komentuodamas prane\u0161imus apie Rusijos kari\u0173 perk\u0117lim\u0105 i\u0161 Svatov\u0117s krypties link Kupjansko, V. Trehubovas patvirtino, kad prie\u0161o paj\u0117g\u0173 perk\u0117limai i\u0161 ma\u017eiau aktyvi\u0173 kryp\u010di\u0173 ir i\u0161 Rusijos teritorijos tikrai fiksuojami.<\/p>\n<p>Jis nurod\u0117, kad Rusijos paj\u0117gos kasdien netenka apie 300\u2013350 kari\u0173.<\/p>\n<p>Kovos prie Vov\u010dansko<\/p>\n<p>Anks\u010diau Ukrainos ginkluotosios paj\u0117gos prane\u0161\u0117, kad situacija Vov\u010danske, Charkivo srityje, i\u0161lieka stabili, nors prie\u0161as bando apeiti miest\u0105 ir pl\u0117sti savo kontrol\u0117s zon\u0105.<\/p>\n<p>Tod\u0117l pagrindinis i\u0161\u0161\u016bkis \u0161iuo metu \u2013 ne tiesioginis Vov\u010dansko \u0161turmas, o nuolatiniai bandymai apsupti miest\u0105 ir sukurti placdarm\u0105 tolesn\u0117ms operacijoms.<\/p>\n<p>Ukrainos paj\u0117gos kontroliuoja situacij\u0105 ir greitai reaguoja \u012f bet kokius prie\u0161o bandymus \u017eengti \u012f priek\u012f.<\/p>\n<p>Vov\u010danske Rusijos kariai m\u0117gina ver\u017etis miesto pietvakarin\u0117je dalyje, kur vyksta intensyvios kovos.<\/p>\n","protected":false},"excerpt":{"rendered":"Pasak jo, pastarosiomis dienomis itin aktyvi\u0173 susir\u0117mim\u0173 nebuvo. \u201eRusai vykdo aktyv\u0173 persigrupavim\u0105. Atrodo, kad i\u0161 dviej\u0173 taktik\u0173 \u2013&hellip;\n","protected":false},"author":2,"featured_media":74302,"comment_status":"","ping_status":"","sticky":false,"template":"","format":"standard","meta":{"footnotes":""},"categories":[15],"tags":[25,30,31,11155,34,35,24,32,33,37,39,36,38,40,16461,23,22,44,28,29,119,26,27,360,16462,74,75,76],"class_list":{"0":"post-74301","1":"post","2":"type-post","3":"status-publish","4":"format-standard","5":"has-post-thumbnail","7":"category-pasaulis","8":"tag-antrastes","9":"tag-breaking-news","10":"tag-breakingnews","11":"tag-charkivo-sritis","12":"tag-featured-news","13":"tag-featurednews","14":"tag-headlines","15":"tag-latest-news","16":"tag-latestnews","17":"tag-lietuva","18":"tag-lietuviu","19":"tag-lithuania","20":"tag-lithuanian","21":"tag-lt","22":"tag-lymanas","23":"tag-naujienos","24":"tag-news","25":"tag-pasaulis","26":"tag-populiariausios-naujienos","27":"tag-populiariausiosnaujienos","28":"tag-rusija","29":"tag-top-stories","30":"tag-topstories","31":"tag-ukraina","32":"tag-vovcanskas","33":"tag-world","34":"tag-world-news","35":"tag-worldnews"},"share_on_mastodon":{"url":"https:\/\/pubeurope.com\/@lt\/115821517399078221","error":""},"_links":{"self":[{"href":"https:\/\/www.europesays.com\/lt\/wp-json\/wp\/v2\/posts\/74301","targetHints":{"allow":["GET"]}}],"collection":[{"href":"https:\/\/www.europesays.com\/lt\/wp-json\/wp\/v2\/posts"}],"about":[{"href":"https:\/\/www.europesays.com\/lt\/wp-json\/wp\/v2\/types\/post"}],"author":[{"embeddable":true,"href":"https:\/\/www.europesays.com\/lt\/wp-json\/wp\/v2\/users\/2"}],"replies":[{"embeddable":true,"href":"https:\/\/www.europesays.com\/lt\/wp-json\/wp\/v2\/comments?post=74301"}],"version-history":[{"count":0,"href":"https:\/\/www.europesays.com\/lt\/wp-json\/wp\/v2\/posts\/74301\/revisions"}],"wp:featuredmedia":[{"embeddable":true,"href":"https:\/\/www.europesays.com\/lt\/wp-json\/wp\/v2\/media\/74302"}],"wp:attachment":[{"href":"https:\/\/www.europesays.com\/lt\/wp-json\/wp\/v2\/media?parent=74301"}],"wp:term":[{"taxonomy":"category","embeddable":true,"href":"https:\/\/www.europesays.com\/lt\/wp-json\/wp\/v2\/categories?post=74301"},{"taxonomy":"post_tag","embeddable":true,"href":"https:\/\/www.europesays.com\/lt\/wp-json\/wp\/v2\/tags?post=74301"}],"curies":[{"name":"wp","href":"https:\/\/api.w.org\/{rel}","templated":true}]}}