{"id":74313,"date":"2026-01-01T20:11:33","date_gmt":"2026-01-01T20:11:33","guid":{"rendered":"https:\/\/www.europesays.com\/lt\/74313\/"},"modified":"2026-01-01T20:11:33","modified_gmt":"2026-01-01T20:11:33","slug":"vieniems-as-tadas-blinda-kitiems-banditas-sukrecianti-henriko-daktaro-ispazintis","status":"publish","type":"post","link":"https:\/\/www.europesays.com\/lt\/74313\/","title":{"rendered":"\u201eVieniems a\u0161 Tadas Blinda, kitiems \u2013 banditas\u201c: sukre\u010dianti Henriko Daktaro i\u0161pa\u017eintis"},"content":{"rendered":"\n<p>Henyt\u0117 pasidalijo mintimis apie gyvenim\u0105 u\u017e grot\u0173, kasdien\u0119 rutin\u0105 kal\u0117jime, praeities klaidas, i\u0161 kuri\u0173 dabar pasimokyt\u0173 ir b\u0117doje palikusius bei be gailes\u010dio i\u0161davusius draugus.<\/p>\n<p>O nuotrauk\u0173 galerijose galite pamatyti, kokiomis s\u0105lygomis gyvena nuteistieji <a href=\"https:\/\/www.tv3.lt\/rubrika\/naujienos\/lietuva\" target=\"_blank\" class=\"phrase\" rel=\"nofollow noopener\">Lietuvoje<\/a>.<\/p>\n<p>Pravieni\u0161ki\u0173 2-asis kal\u0117jimas, \u012fstaigos teritorija<\/p>\n<p>(64 nuotr.) <a style=\"width: 100%;\" itemprop=\"contentUrl\" data-size=\"0x0\" href=\"#gid=103454&amp;pid=1\" data-href=\"https:\/\/static4.inspektorius.lt\/usi\/800x600\/2\/40\/68\/30\/406830343d87b0c164b5aea15711a73f.jpg?v=4.2.7.308&amp;t=cr&amp;s=800x600&amp;m=2&amp;f=\/Uploads\/UGallery\/photos\/dc\/1f\/00\/45\/dc1f00451903014124463cdf8a583133.jpg\" rel=\"nofollow\" target=\"_blank\"><img decoding=\"async\" style=\"height: 96.216vw; width: 100%; object-fit: cover;\" itemprop=\"thumbnail\" class=\"newsPhoto300 portrait\" id=\"imgid-103454-2212542\" alt=\"1\" src=\"https:\/\/www.europesays.com\/lt\/wp-content\/uploads\/2026\/01\/dc1f00451903014124463cdf8a583133.jpg\" title=\"Pravieni\u0161ki\u0173 2-asis kal\u0117jimas Aleksandras Savickis\/Fotodiena\" loading=\"lazy\" \/> <\/a> <\/p>\n<p>Pravieni\u0161ki\u0173 2-asis kal\u0117jimas Aleksandras Savickis\/Fotodiena<\/p>\n<p>  <a itemprop=\"contentUrl\" data-size=\"0x0\" href=\"#gid=103454&amp;pid=2\" data-href=\"https:\/\/static4.inspektorius.lt\/usi\/800x600\/2\/2f\/83\/f7\/2f83f7e490ba516e62df87a07b965c6b.jpg?v=4.2.7.308&amp;t=cr&amp;s=800x600&amp;m=2&amp;f=\/Uploads\/UGallery\/photos\/80\/f6\/91\/cb\/80f691cb7f89676c2f5181bdde70f608.jpg\" rel=\"nofollow\" target=\"_blank\"><img decoding=\"async\" itemprop=\"thumbnail\" class=\"newsPhoto300 portrait\" id=\"imgid-103454-2212543\" alt=\"2\" src=\"https:\/\/www.europesays.com\/lt\/wp-content\/uploads\/2026\/01\/80f691cb7f89676c2f5181bdde70f608.jpg\" title=\"Pravieni\u0161ki\u0173 2-asis kal\u0117jimas Aleksandras Savickis\/Fotodiena\" loading=\"lazy\" \/> <\/a> <\/p>\n<p>Pravieni\u0161ki\u0173 2-asis kal\u0117jimas Aleksandras Savickis\/Fotodiena<\/p>\n<p>  <a itemprop=\"contentUrl\" data-size=\"0x0\" href=\"#gid=103454&amp;pid=3\" data-href=\"https:\/\/static4.inspektorius.lt\/usi\/800x600\/2\/65\/b0\/3b\/65b03be537df2833afd9010992fe4737.jpg?v=4.2.7.308&amp;t=cr&amp;s=800x600&amp;m=2&amp;f=\/Uploads\/UGallery\/photos\/bc\/d0\/1a\/16\/bcd01a16cf90ff71fbc032f65d63c2ad.jpg\" rel=\"nofollow\" target=\"_blank\"><img decoding=\"async\" itemprop=\"thumbnail\" class=\"newsPhoto300 portrait\" id=\"imgid-103454-2212544\" alt=\"3\" src=\"https:\/\/www.europesays.com\/lt\/wp-content\/uploads\/2026\/01\/bcd01a16cf90ff71fbc032f65d63c2ad.jpg\" title=\"Pravieni\u0161ki\u0173 2-asis kal\u0117jimas Aleksandras Savickis\/Fotodiena\" loading=\"lazy\" \/> <\/a> <\/p>\n<p>Pravieni\u0161ki\u0173 2-asis kal\u0117jimas Aleksandras Savickis\/Fotodiena<\/p>\n<p>  <a itemprop=\"contentUrl\" data-size=\"0x0\" href=\"#gid=103454&amp;pid=4\" data-href=\"https:\/\/static4.inspektorius.lt\/usi\/800x600\/2\/c6\/cb\/c7\/c6cbc7e40ef2339fde6e1a06b60bff10.jpg?v=4.2.7.308&amp;t=cr&amp;s=800x600&amp;m=2&amp;f=\/Uploads\/UGallery\/photos\/76\/d2\/7e\/3b\/76d27e3b66f244b87b434be24061d6a0.jpg\" rel=\"nofollow\" target=\"_blank\"><img decoding=\"async\" itemprop=\"thumbnail\" class=\"newsPhoto300 portrait\" id=\"imgid-103454-2212545\" alt=\"4\" src=\"https:\/\/www.europesays.com\/lt\/wp-content\/uploads\/2026\/01\/76d27e3b66f244b87b434be24061d6a0.jpg\" title=\"Pravieni\u0161ki\u0173 2-asis kal\u0117jimas Aleksandras Savickis\/Fotodiena\" loading=\"lazy\" \/> <\/a> <\/p>\n<p>Pravieni\u0161ki\u0173 2-asis kal\u0117jimas Aleksandras Savickis\/Fotodiena<\/p>\n<p>  <a itemprop=\"contentUrl\" data-size=\"0x0\" href=\"#gid=103454&amp;pid=5\" data-href=\"https:\/\/static4.inspektorius.lt\/usi\/800x600\/2\/12\/b7\/94\/12b794a43b443183ea2bc0edef08a5ba.jpg?v=4.2.7.308&amp;t=cr&amp;s=800x600&amp;m=2&amp;f=\/Uploads\/UGallery\/photos\/43\/f3\/a3\/eb\/43f3a3eb8458e59c4140e3011a8822c1.jpg\" rel=\"nofollow\" target=\"_blank\"><img decoding=\"async\" itemprop=\"thumbnail\" class=\"newsPhoto300 portrait\" id=\"imgid-103454-2212546\" alt=\"5\" src=\"https:\/\/www.europesays.com\/lt\/wp-content\/uploads\/2026\/01\/43f3a3eb8458e59c4140e3011a8822c1.jpg\" title=\"Pravieni\u0161ki\u0173 2-asis kal\u0117jimas Aleksandras Savickis\/Fotodiena\" loading=\"lazy\" \/> <\/a> <\/p>\n<p>Pravieni\u0161ki\u0173 2-asis kal\u0117jimas Aleksandras Savickis\/Fotodiena<\/p>\n<p>  <a itemprop=\"contentUrl\" data-size=\"0x0\" href=\"#gid=103454&amp;pid=6\" data-href=\"https:\/\/static4.inspektorius.lt\/usi\/800x600\/2\/ad\/70\/10\/ad70100d14f3901f20f6d76a352c97bf.jpg?v=4.2.7.308&amp;t=cr&amp;s=800x600&amp;m=2&amp;f=\/Uploads\/UGallery\/photos\/17\/b0\/61\/de\/17b061de86fd0212ef219462f16be3a6.jpg\" rel=\"nofollow\" target=\"_blank\"><img decoding=\"async\" itemprop=\"thumbnail\" class=\"newsPhoto300 portrait\" id=\"imgid-103454-2212547\" alt=\"6\" src=\"https:\/\/www.europesays.com\/lt\/wp-content\/uploads\/2026\/01\/17b061de86fd0212ef219462f16be3a6.jpg\" title=\"Pravieni\u0161ki\u0173 2-asis kal\u0117jimas Aleksandras Savickis\/Fotodiena\" loading=\"lazy\" \/> <\/a> <\/p>\n<p>Pravieni\u0161ki\u0173 2-asis kal\u0117jimas Aleksandras Savickis\/Fotodiena<\/p>\n<p>  <a itemprop=\"contentUrl\" data-size=\"0x0\" href=\"#gid=103454&amp;pid=7\" data-href=\"https:\/\/static4.inspektorius.lt\/usi\/800x600\/2\/81\/78\/21\/817821e89e371c29567af47c7ba4f808.jpg?v=4.2.7.308&amp;t=cr&amp;s=800x600&amp;m=2&amp;f=\/Uploads\/UGallery\/photos\/24\/b8\/9e\/ab\/24b89eab3f92f781da12af2b5c254a67.jpg\" rel=\"nofollow\" target=\"_blank\"><img decoding=\"async\" itemprop=\"thumbnail\" class=\"newsPhoto300 portrait\" id=\"imgid-103454-2212548\" alt=\"7\" src=\"https:\/\/www.europesays.com\/lt\/wp-content\/uploads\/2026\/01\/24b89eab3f92f781da12af2b5c254a67.jpg\" title=\"Pravieni\u0161ki\u0173 2-asis kal\u0117jimas Aleksandras Savickis\/Fotodiena\" loading=\"lazy\" \/> <\/a> <\/p>\n<p>Pravieni\u0161ki\u0173 2-asis kal\u0117jimas Aleksandras Savickis\/Fotodiena<\/p>\n<p>  <a itemprop=\"contentUrl\" data-size=\"0x0\" href=\"#gid=103454&amp;pid=8\" data-href=\"https:\/\/static4.inspektorius.lt\/usi\/800x600\/2\/12\/f4\/48\/12f448a592fc9718ec921364b250130c.jpg?v=4.2.7.308&amp;t=cr&amp;s=800x600&amp;m=2&amp;f=\/Uploads\/UGallery\/photos\/11\/67\/9e\/fd\/11679efd7c120ad4ff4db3b98ba7ee4b.jpg\" rel=\"nofollow\" target=\"_blank\"><img decoding=\"async\" itemprop=\"thumbnail\" class=\"newsPhoto300 portrait\" id=\"imgid-103454-2212549\" alt=\"8\" src=\"https:\/\/www.europesays.com\/lt\/wp-content\/uploads\/2026\/01\/11679efd7c120ad4ff4db3b98ba7ee4b.jpg\" title=\"Pravieni\u0161ki\u0173 2-asis kal\u0117jimas Aleksandras Savickis\/Fotodiena\" loading=\"lazy\" \/> <\/a> <\/p>\n<p>Pravieni\u0161ki\u0173 2-asis kal\u0117jimas Aleksandras Savickis\/Fotodiena<\/p>\n<p>  <a itemprop=\"contentUrl\" data-size=\"0x0\" href=\"#gid=103454&amp;pid=9\" data-href=\"https:\/\/static4.inspektorius.lt\/usi\/800x600\/2\/d5\/0e\/f0\/d50ef02917e8fe336c71a1a6dc55c358.jpg?v=4.2.7.308&amp;t=cr&amp;s=800x600&amp;m=2&amp;f=\/Uploads\/UGallery\/photos\/e4\/17\/10\/20\/e4171020349cfe589d71f64608ca3d2a.jpg\" rel=\"nofollow\" target=\"_blank\"><img decoding=\"async\" itemprop=\"thumbnail\" class=\"newsPhoto300 portrait\" id=\"imgid-103454-2212550\" alt=\"9\" src=\"https:\/\/www.europesays.com\/lt\/wp-content\/uploads\/2026\/01\/e4171020349cfe589d71f64608ca3d2a.jpg\" title=\"Pravieni\u0161ki\u0173 2-asis kal\u0117jimas Aleksandras Savickis\/Fotodiena\" loading=\"lazy\" \/> <\/a> <\/p>\n<p>Pravieni\u0161ki\u0173 2-asis kal\u0117jimas Aleksandras Savickis\/Fotodiena<\/p>\n<p>  <a itemprop=\"contentUrl\" data-size=\"0x0\" href=\"#gid=103454&amp;pid=10\" data-href=\"https:\/\/static4.inspektorius.lt\/usi\/800x600\/2\/8e\/eb\/ca\/8eebcafdacc7f0acdb70559cb5eea100.jpg?v=4.2.7.308&amp;t=cr&amp;s=800x600&amp;m=2&amp;f=\/Uploads\/UGallery\/photos\/dc\/ff\/cd\/ce\/dcffcdce180958cc18d2539bb6bef202.jpg\" rel=\"nofollow\" target=\"_blank\"><img decoding=\"async\" itemprop=\"thumbnail\" class=\"newsPhoto300 portrait\" id=\"imgid-103454-2212551\" alt=\"10\" src=\"https:\/\/www.europesays.com\/lt\/wp-content\/uploads\/2026\/01\/dcffcdce180958cc18d2539bb6bef202.jpg\" title=\"Pravieni\u0161ki\u0173 2-asis kal\u0117jimas Aleksandras Savickis\/Fotodiena\" loading=\"lazy\" \/> <\/a> <\/p>\n<p>Pravieni\u0161ki\u0173 2-asis kal\u0117jimas Aleksandras Savickis\/Fotodiena<\/p>\n<p>  <a itemprop=\"contentUrl\" data-size=\"0x0\" href=\"#gid=103454&amp;pid=11\" data-href=\"https:\/\/static4.inspektorius.lt\/usi\/800x600\/2\/16\/03\/19\/160319179755ca85f127698359cbb146.jpg?v=4.2.7.308&amp;t=cr&amp;s=800x600&amp;m=2&amp;f=\/Uploads\/UGallery\/photos\/71\/38\/d5\/cb\/7138d5cb8ce1a394cc114fe7873c6cf6.jpg\" rel=\"nofollow\" target=\"_blank\"><img decoding=\"async\" itemprop=\"thumbnail\" class=\"newsPhoto300 portrait\" id=\"imgid-103454-2212552\" alt=\"11\" src=\"https:\/\/www.europesays.com\/lt\/wp-content\/uploads\/2026\/01\/7138d5cb8ce1a394cc114fe7873c6cf6.jpg\" title=\"Pravieni\u0161ki\u0173 2-asis kal\u0117jimas Aleksandras Savickis\/Fotodiena\" loading=\"lazy\" \/> <\/a> <\/p>\n<p>Pravieni\u0161ki\u0173 2-asis kal\u0117jimas Aleksandras Savickis\/Fotodiena<\/p>\n<p>  <a itemprop=\"contentUrl\" data-size=\"0x0\" href=\"#gid=103454&amp;pid=12\" data-href=\"https:\/\/static4.inspektorius.lt\/usi\/800x600\/2\/2a\/11\/3a\/2a113aaf88d4d6877bad99fff381c836.jpg?v=4.2.7.308&amp;t=cr&amp;s=800x600&amp;m=2&amp;f=\/Uploads\/UGallery\/photos\/11\/2e\/36\/69\/112e36692573bde943c97aba9d8fe032.jpg\" rel=\"nofollow\" target=\"_blank\"><img decoding=\"async\" itemprop=\"thumbnail\" class=\"newsPhoto300 portrait\" id=\"imgid-103454-2212553\" alt=\"12\" src=\"https:\/\/www.europesays.com\/lt\/wp-content\/uploads\/2026\/01\/112e36692573bde943c97aba9d8fe032.jpg\" title=\"Pravieni\u0161ki\u0173 2-asis kal\u0117jimas Aleksandras Savickis\/Fotodiena\" loading=\"lazy\" \/> <\/a> <\/p>\n<p>Pravieni\u0161ki\u0173 2-asis kal\u0117jimas Aleksandras Savickis\/Fotodiena<\/p>\n<p>  <a itemprop=\"contentUrl\" data-size=\"0x0\" href=\"#gid=103454&amp;pid=13\" data-href=\"https:\/\/static4.inspektorius.lt\/usi\/800x600\/2\/88\/f3\/6a\/88f36ad453f44eaceb26fcad7fb7d745.jpg?v=4.2.7.308&amp;t=cr&amp;s=800x600&amp;m=2&amp;f=\/Uploads\/UGallery\/photos\/88\/0b\/08\/1b\/880b081be01afc1259155750fed6136b.jpg\" rel=\"nofollow\" target=\"_blank\"><img decoding=\"async\" itemprop=\"thumbnail\" class=\"newsPhoto300 portrait\" id=\"imgid-103454-2212554\" alt=\"13\" src=\"https:\/\/www.europesays.com\/lt\/wp-content\/uploads\/2026\/01\/880b081be01afc1259155750fed6136b.jpg\" title=\"Pravieni\u0161ki\u0173 2-asis kal\u0117jimas Aleksandras Savickis\/Fotodiena\" loading=\"lazy\" \/> <\/a> <\/p>\n<p>Pravieni\u0161ki\u0173 2-asis kal\u0117jimas Aleksandras Savickis\/Fotodiena<\/p>\n<p>  <a itemprop=\"contentUrl\" data-size=\"0x0\" href=\"#gid=103454&amp;pid=14\" data-href=\"https:\/\/static4.inspektorius.lt\/usi\/800x600\/2\/45\/63\/b2\/4563b2d7da88d0d5e368df9cae6efc6c.jpg?v=4.2.7.308&amp;t=cr&amp;s=800x600&amp;m=2&amp;f=\/Uploads\/UGallery\/photos\/60\/a5\/a5\/bf\/60a5a5bfdc372dc9e297b88bb27c22dc.jpg\" rel=\"nofollow\" target=\"_blank\"><img decoding=\"async\" itemprop=\"thumbnail\" class=\"newsPhoto300 portrait\" id=\"imgid-103454-2212555\" alt=\"14\" src=\"https:\/\/www.europesays.com\/lt\/wp-content\/uploads\/2026\/01\/60a5a5bfdc372dc9e297b88bb27c22dc.jpg\" title=\"Pravieni\u0161ki\u0173 2-asis kal\u0117jimas Aleksandras Savickis\/Fotodiena\" loading=\"lazy\" \/> <\/a> <\/p>\n<p>Pravieni\u0161ki\u0173 2-asis kal\u0117jimas Aleksandras Savickis\/Fotodiena<\/p>\n<p>  <a itemprop=\"contentUrl\" data-size=\"0x0\" href=\"#gid=103454&amp;pid=15\" data-href=\"https:\/\/static4.inspektorius.lt\/usi\/800x600\/2\/aa\/4d\/47\/aa4d475bc4a684b73a027584afaf9d6a.jpg?v=4.2.7.308&amp;t=cr&amp;s=800x600&amp;m=2&amp;f=\/Uploads\/UGallery\/photos\/07\/37\/6a\/f0\/07376af006f4d684b5eec377e9aa6ba7.jpg\" rel=\"nofollow\" target=\"_blank\"><img decoding=\"async\" itemprop=\"thumbnail\" class=\"newsPhoto300 portrait\" id=\"imgid-103454-2212556\" alt=\"15\" src=\"https:\/\/www.europesays.com\/lt\/wp-content\/uploads\/2026\/01\/07376af006f4d684b5eec377e9aa6ba7.jpg\" title=\"Pravieni\u0161ki\u0173 2-asis kal\u0117jimas Aleksandras Savickis\/Fotodiena\" loading=\"lazy\" \/> <\/a> <\/p>\n<p>Pravieni\u0161ki\u0173 2-asis kal\u0117jimas Aleksandras Savickis\/Fotodiena<\/p>\n<p>  <a itemprop=\"contentUrl\" data-size=\"0x0\" href=\"#gid=103454&amp;pid=16\" data-href=\"https:\/\/static4.inspektorius.lt\/usi\/800x600\/2\/20\/a0\/19\/20a019b906e5fa804d022701bdd8ad86.jpg?v=4.2.7.308&amp;t=cr&amp;s=800x600&amp;m=2&amp;f=\/Uploads\/UGallery\/photos\/b5\/14\/95\/f1\/b51495f170cb45196500855b7e4e9a03.jpg\" rel=\"nofollow\" target=\"_blank\"><img decoding=\"async\" itemprop=\"thumbnail\" class=\"newsPhoto300 portrait\" id=\"imgid-103454-2212557\" alt=\"16\" src=\"https:\/\/www.europesays.com\/lt\/wp-content\/uploads\/2026\/01\/b51495f170cb45196500855b7e4e9a03.jpg\" title=\"Pravieni\u0161ki\u0173 2-asis kal\u0117jimas Aleksandras Savickis\/Fotodiena\" loading=\"lazy\" \/> <\/a> <\/p>\n<p>Pravieni\u0161ki\u0173 2-asis kal\u0117jimas Aleksandras Savickis\/Fotodiena<\/p>\n<p>  <a itemprop=\"contentUrl\" data-size=\"0x0\" href=\"#gid=103454&amp;pid=17\" data-href=\"https:\/\/static4.inspektorius.lt\/usi\/800x600\/2\/47\/43\/46\/474346a888a4776f00a38509e02a681d.jpg?v=4.2.7.308&amp;t=cr&amp;s=800x600&amp;m=2&amp;f=\/Uploads\/UGallery\/photos\/0e\/25\/41\/31\/0e25413121e08827c4a7e206b98c0f03.jpg\" rel=\"nofollow\" target=\"_blank\"><img decoding=\"async\" itemprop=\"thumbnail\" class=\"newsPhoto300 portrait\" id=\"imgid-103454-2212558\" alt=\"17\" src=\"https:\/\/www.europesays.com\/lt\/wp-content\/uploads\/2026\/01\/0e25413121e08827c4a7e206b98c0f03.jpg\" title=\"Pravieni\u0161ki\u0173 2-asis kal\u0117jimas Aleksandras Savickis\/Fotodiena\" loading=\"lazy\" \/> <\/a> <\/p>\n<p>Pravieni\u0161ki\u0173 2-asis kal\u0117jimas Aleksandras Savickis\/Fotodiena<\/p>\n<p>  <a itemprop=\"contentUrl\" data-size=\"0x0\" href=\"#gid=103454&amp;pid=18\" data-href=\"https:\/\/static4.inspektorius.lt\/usi\/800x600\/2\/97\/c4\/7e\/97c47e9fe9a22b8400c10b8cc4d46c4c.jpg?v=4.2.7.308&amp;t=cr&amp;s=800x600&amp;m=2&amp;f=\/Uploads\/UGallery\/photos\/36\/74\/aa\/c5\/3674aac5b74cac265e462c0936784445.jpg\" rel=\"nofollow\" target=\"_blank\"><img decoding=\"async\" itemprop=\"thumbnail\" class=\"newsPhoto300 portrait\" id=\"imgid-103454-2212559\" alt=\"18\" src=\"https:\/\/www.europesays.com\/lt\/wp-content\/uploads\/2026\/01\/3674aac5b74cac265e462c0936784445.jpg\" title=\"Pravieni\u0161ki\u0173 2-asis kal\u0117jimas Aleksandras Savickis\/Fotodiena\" loading=\"lazy\" \/> <\/a> <\/p>\n<p>Pravieni\u0161ki\u0173 2-asis kal\u0117jimas Aleksandras Savickis\/Fotodiena<\/p>\n<p>  <a itemprop=\"contentUrl\" data-size=\"0x0\" href=\"#gid=103454&amp;pid=19\" data-href=\"https:\/\/static4.inspektorius.lt\/usi\/800x600\/2\/56\/a1\/89\/56a1893f932f4571c0e9a552d0e65a6d.jpg?v=4.2.7.308&amp;t=cr&amp;s=800x600&amp;m=2&amp;f=\/Uploads\/UGallery\/photos\/f4\/93\/8c\/93\/f4938c933fe7c9b2b95b61c67207e096.jpg\" rel=\"nofollow\" target=\"_blank\"><img decoding=\"async\" itemprop=\"thumbnail\" class=\"newsPhoto300 portrait\" id=\"imgid-103454-2212560\" alt=\"19\" src=\"https:\/\/www.europesays.com\/lt\/wp-content\/uploads\/2026\/01\/f4938c933fe7c9b2b95b61c67207e096.jpg\" title=\"Pravieni\u0161ki\u0173 2-asis kal\u0117jimas Aleksandras Savickis\/Fotodiena\" loading=\"lazy\" \/> <\/a> <\/p>\n<p>Pravieni\u0161ki\u0173 2-asis kal\u0117jimas Aleksandras Savickis\/Fotodiena<\/p>\n<p>  <a itemprop=\"contentUrl\" data-size=\"0x0\" href=\"#gid=103454&amp;pid=20\" data-href=\"https:\/\/static4.inspektorius.lt\/usi\/800x600\/2\/a0\/14\/54\/a01454809dfc7015f70b6002d636b046.jpg?v=4.2.7.308&amp;t=cr&amp;s=800x600&amp;m=2&amp;f=\/Uploads\/UGallery\/photos\/29\/87\/4c\/33\/29874c3317e5e6e27f5b2268b435fceb.jpg\" rel=\"nofollow\" target=\"_blank\"><img decoding=\"async\" itemprop=\"thumbnail\" class=\"newsPhoto300 portrait\" id=\"imgid-103454-2212561\" alt=\"20\" src=\"https:\/\/www.europesays.com\/lt\/wp-content\/uploads\/2026\/01\/29874c3317e5e6e27f5b2268b435fceb.jpg\" title=\"Pravieni\u0161ki\u0173 2-asis kal\u0117jimas Aleksandras Savickis\/Fotodiena\" loading=\"lazy\" \/> <\/a> <\/p>\n<p>Pravieni\u0161ki\u0173 2-asis kal\u0117jimas Aleksandras Savickis\/Fotodiena<\/p>\n<p>  <a itemprop=\"contentUrl\" data-size=\"0x0\" href=\"#gid=103454&amp;pid=21\" data-href=\"https:\/\/static4.inspektorius.lt\/usi\/800x600\/2\/d9\/5a\/16\/d95a1685987b53a0bef111023fac4668.jpg?v=4.2.7.308&amp;t=cr&amp;s=800x600&amp;m=2&amp;f=\/Uploads\/UGallery\/photos\/31\/be\/f3\/c2\/31bef3c21bf44028a216af463360f5ad.jpg\" rel=\"nofollow\" target=\"_blank\"><img decoding=\"async\" itemprop=\"thumbnail\" class=\"newsPhoto300 portrait\" id=\"imgid-103454-2212562\" alt=\"21\" src=\"https:\/\/www.europesays.com\/lt\/wp-content\/uploads\/2026\/01\/31bef3c21bf44028a216af463360f5ad.jpg\" title=\"Pravieni\u0161ki\u0173 2-asis kal\u0117jimas Aleksandras Savickis\/Fotodiena\" loading=\"lazy\" \/> <\/a> <\/p>\n<p>Pravieni\u0161ki\u0173 2-asis kal\u0117jimas Aleksandras Savickis\/Fotodiena<\/p>\n<p>  <a itemprop=\"contentUrl\" data-size=\"0x0\" href=\"#gid=103454&amp;pid=22\" data-href=\"https:\/\/static4.inspektorius.lt\/usi\/800x600\/2\/9e\/39\/e8\/9e39e81d4a79b3738e8c4ad28bdca81f.jpg?v=4.2.7.308&amp;t=cr&amp;s=800x600&amp;m=2&amp;f=\/Uploads\/UGallery\/photos\/01\/6d\/79\/f9\/016d79f9452318fa44e522fcc81e1b14.jpg\" rel=\"nofollow\" target=\"_blank\"><img decoding=\"async\" itemprop=\"thumbnail\" class=\"newsPhoto300 portrait\" id=\"imgid-103454-2212563\" alt=\"22\" src=\"https:\/\/www.europesays.com\/lt\/wp-content\/uploads\/2026\/01\/016d79f9452318fa44e522fcc81e1b14.jpg\" title=\"Pravieni\u0161ki\u0173 2-asis kal\u0117jimas Aleksandras Savickis\/Fotodiena\" loading=\"lazy\" \/> <\/a> <\/p>\n<p>Pravieni\u0161ki\u0173 2-asis kal\u0117jimas Aleksandras Savickis\/Fotodiena<\/p>\n<p>  <a itemprop=\"contentUrl\" data-size=\"0x0\" href=\"#gid=103454&amp;pid=23\" data-href=\"https:\/\/static4.inspektorius.lt\/usi\/800x600\/2\/02\/06\/3e\/02063e9d88e4614e7f50906a384a1a83.jpg?v=4.2.7.308&amp;t=cr&amp;s=800x600&amp;m=2&amp;f=\/Uploads\/UGallery\/photos\/90\/17\/73\/b5\/901773b5175fda62278e3abd721a019c.jpg\" rel=\"nofollow\" target=\"_blank\"><img decoding=\"async\" itemprop=\"thumbnail\" class=\"newsPhoto300 portrait\" id=\"imgid-103454-2212564\" alt=\"23\" src=\"https:\/\/www.europesays.com\/lt\/wp-content\/uploads\/2026\/01\/901773b5175fda62278e3abd721a019c.jpg\" title=\"Pravieni\u0161ki\u0173 2-asis kal\u0117jimas Aleksandras Savickis\/Fotodiena\" loading=\"lazy\" \/> <\/a> <\/p>\n<p>Pravieni\u0161ki\u0173 2-asis kal\u0117jimas Aleksandras Savickis\/Fotodiena<\/p>\n<p>  <a itemprop=\"contentUrl\" data-size=\"0x0\" href=\"#gid=103454&amp;pid=24\" data-href=\"https:\/\/static4.inspektorius.lt\/usi\/800x600\/2\/c7\/44\/fa\/c744fa98ec6c6554614a1d792645398c.jpg?v=4.2.7.308&amp;t=cr&amp;s=800x600&amp;m=2&amp;f=\/Uploads\/UGallery\/photos\/9c\/d3\/25\/26\/9cd325267c0614f2e5d071b11a7e1dcd.jpg\" rel=\"nofollow\" target=\"_blank\"><img decoding=\"async\" itemprop=\"thumbnail\" class=\"newsPhoto300 portrait\" id=\"imgid-103454-2212565\" alt=\"24\" src=\"https:\/\/www.europesays.com\/lt\/wp-content\/uploads\/2026\/01\/9cd325267c0614f2e5d071b11a7e1dcd.jpg\" title=\"Pravieni\u0161ki\u0173 2-asis kal\u0117jimas Aleksandras Savickis\/Fotodiena\" loading=\"lazy\" \/> <\/a> <\/p>\n<p>Pravieni\u0161ki\u0173 2-asis kal\u0117jimas Aleksandras Savickis\/Fotodiena<\/p>\n<p>  <a itemprop=\"contentUrl\" data-size=\"0x0\" href=\"#gid=103454&amp;pid=25\" data-href=\"https:\/\/static4.inspektorius.lt\/usi\/800x600\/2\/9b\/70\/61\/9b70617fb6685103d52128dbd83469b9.jpg?v=4.2.7.308&amp;t=cr&amp;s=800x600&amp;m=2&amp;f=\/Uploads\/UGallery\/photos\/d2\/51\/c9\/89\/d251c989ed256a9ad5aad1cd91c54a16.jpg\" rel=\"nofollow\" target=\"_blank\"><img decoding=\"async\" itemprop=\"thumbnail\" class=\"newsPhoto300 portrait\" id=\"imgid-103454-2212566\" alt=\"25\" src=\"https:\/\/www.europesays.com\/lt\/wp-content\/uploads\/2026\/01\/d251c989ed256a9ad5aad1cd91c54a16.jpg\" title=\"Pravieni\u0161ki\u0173 2-asis kal\u0117jimas Aleksandras Savickis\/Fotodiena\" loading=\"lazy\" \/> <\/a> <\/p>\n<p>Pravieni\u0161ki\u0173 2-asis kal\u0117jimas Aleksandras Savickis\/Fotodiena<\/p>\n<p>  <a itemprop=\"contentUrl\" data-size=\"0x0\" href=\"#gid=103454&amp;pid=26\" data-href=\"https:\/\/static4.inspektorius.lt\/usi\/800x600\/2\/e9\/74\/e7\/e974e758425af6757cd61585cfc995ab.jpg?v=4.2.7.308&amp;t=cr&amp;s=800x600&amp;m=2&amp;f=\/Uploads\/UGallery\/photos\/26\/af\/fd\/38\/26affd3813b2dbc6723a4a5691a72e31.jpg\" rel=\"nofollow\" target=\"_blank\"><img decoding=\"async\" itemprop=\"thumbnail\" class=\"newsPhoto300 portrait\" id=\"imgid-103454-2212567\" alt=\"26\" src=\"https:\/\/www.europesays.com\/lt\/wp-content\/uploads\/2026\/01\/26affd3813b2dbc6723a4a5691a72e31.jpg\" title=\"Pravieni\u0161ki\u0173 2-asis kal\u0117jimas Aleksandras Savickis\/Fotodiena\" loading=\"lazy\" \/> <\/a> <\/p>\n<p>Pravieni\u0161ki\u0173 2-asis kal\u0117jimas Aleksandras Savickis\/Fotodiena<\/p>\n<p>  <a itemprop=\"contentUrl\" data-size=\"0x0\" href=\"#gid=103454&amp;pid=27\" data-href=\"https:\/\/static4.inspektorius.lt\/usi\/800x600\/2\/2c\/e0\/ab\/2ce0abd3b829d629d17d7004f9c0d5bb.jpg?v=4.2.7.308&amp;t=cr&amp;s=800x600&amp;m=2&amp;f=\/Uploads\/UGallery\/photos\/e9\/c9\/3d\/53\/e9c93d53c2b7367e5a138dac4094a9ba.jpg\" rel=\"nofollow\" target=\"_blank\"><img decoding=\"async\" itemprop=\"thumbnail\" class=\"newsPhoto300 portrait\" id=\"imgid-103454-2212568\" alt=\"27\" src=\"https:\/\/www.europesays.com\/lt\/wp-content\/uploads\/2026\/01\/e9c93d53c2b7367e5a138dac4094a9ba.jpg\" title=\"Pravieni\u0161ki\u0173 2-asis kal\u0117jimas Aleksandras Savickis\/Fotodiena\" loading=\"lazy\" \/> <\/a> <\/p>\n<p>Pravieni\u0161ki\u0173 2-asis kal\u0117jimas Aleksandras Savickis\/Fotodiena<\/p>\n<p>  <a itemprop=\"contentUrl\" data-size=\"0x0\" href=\"#gid=103454&amp;pid=28\" data-href=\"https:\/\/static4.inspektorius.lt\/usi\/800x600\/2\/e8\/3e\/0e\/e83e0e468b9c12c96af3f086df909aba.jpg?v=4.2.7.308&amp;t=cr&amp;s=800x600&amp;m=2&amp;f=\/Uploads\/UGallery\/photos\/e2\/8f\/71\/04\/e28f71040def18ebd35b4f00c710fdd8.jpg\" rel=\"nofollow\" target=\"_blank\"><img decoding=\"async\" itemprop=\"thumbnail\" class=\"newsPhoto300 portrait\" id=\"imgid-103454-2212569\" alt=\"28\" src=\"https:\/\/www.europesays.com\/lt\/wp-content\/uploads\/2026\/01\/e28f71040def18ebd35b4f00c710fdd8.jpg\" title=\"Pravieni\u0161ki\u0173 2-asis kal\u0117jimas Aleksandras Savickis\/Fotodiena\" loading=\"lazy\" \/> <\/a> <\/p>\n<p>Pravieni\u0161ki\u0173 2-asis kal\u0117jimas Aleksandras Savickis\/Fotodiena<\/p>\n<p>  <a itemprop=\"contentUrl\" data-size=\"0x0\" href=\"#gid=103454&amp;pid=29\" data-href=\"https:\/\/static4.inspektorius.lt\/usi\/800x600\/2\/84\/23\/7b\/84237b1200fc209b2131ec801f02d989.jpg?v=4.2.7.308&amp;t=cr&amp;s=800x600&amp;m=2&amp;f=\/Uploads\/UGallery\/photos\/1f\/d7\/cf\/09\/1fd7cf098095fffcd1e7c1fb342fd77d.jpg\" rel=\"nofollow\" target=\"_blank\"><img decoding=\"async\" itemprop=\"thumbnail\" class=\"newsPhoto300 portrait\" id=\"imgid-103454-2212570\" alt=\"29\" src=\"https:\/\/www.europesays.com\/lt\/wp-content\/uploads\/2026\/01\/1fd7cf098095fffcd1e7c1fb342fd77d.jpg\" title=\"Pravieni\u0161ki\u0173 2-asis kal\u0117jimas Aleksandras Savickis\/Fotodiena\" loading=\"lazy\" \/> <\/a> <\/p>\n<p>Pravieni\u0161ki\u0173 2-asis kal\u0117jimas Aleksandras Savickis\/Fotodiena<\/p>\n<p>  <a itemprop=\"contentUrl\" data-size=\"0x0\" href=\"#gid=103454&amp;pid=30\" data-href=\"https:\/\/static4.inspektorius.lt\/usi\/800x600\/2\/57\/02\/6f\/57026f8936994858136f44eebefef7d4.jpg?v=4.2.7.308&amp;t=cr&amp;s=800x600&amp;m=2&amp;f=\/Uploads\/UGallery\/photos\/ed\/5c\/6d\/d6\/ed5c6dd64f8ae630ddb6e243b7bbea47.jpg\" rel=\"nofollow\" target=\"_blank\"><img decoding=\"async\" itemprop=\"thumbnail\" class=\"newsPhoto300 portrait\" id=\"imgid-103454-2212571\" alt=\"30\" src=\"https:\/\/www.europesays.com\/lt\/wp-content\/uploads\/2026\/01\/ed5c6dd64f8ae630ddb6e243b7bbea47.jpg\" title=\"Pravieni\u0161ki\u0173 2-asis kal\u0117jimas Aleksandras Savickis\/Fotodiena\" loading=\"lazy\" \/> <\/a> <\/p>\n<p>Pravieni\u0161ki\u0173 2-asis kal\u0117jimas Aleksandras Savickis\/Fotodiena<\/p>\n<p>  <a itemprop=\"contentUrl\" data-size=\"0x0\" href=\"#gid=103454&amp;pid=31\" data-href=\"https:\/\/static4.inspektorius.lt\/usi\/800x600\/2\/80\/ae\/77\/80ae77be3022c9b9ad155eb033030a52.jpg?v=4.2.7.308&amp;t=cr&amp;s=800x600&amp;m=2&amp;f=\/Uploads\/UGallery\/photos\/5c\/ef\/73\/b9\/5cef73b95d86a407b22d42701dc07611.jpg\" rel=\"nofollow\" target=\"_blank\"><img decoding=\"async\" itemprop=\"thumbnail\" class=\"newsPhoto300 portrait\" id=\"imgid-103454-2212572\" alt=\"31\" src=\"https:\/\/www.europesays.com\/lt\/wp-content\/uploads\/2026\/01\/5cef73b95d86a407b22d42701dc07611.jpg\" title=\"Pravieni\u0161ki\u0173 2-asis kal\u0117jimas Aleksandras Savickis\/Fotodiena\" loading=\"lazy\" \/> <\/a> <\/p>\n<p>Pravieni\u0161ki\u0173 2-asis kal\u0117jimas Aleksandras Savickis\/Fotodiena<\/p>\n<p>  <a itemprop=\"contentUrl\" data-size=\"0x0\" href=\"#gid=103454&amp;pid=32\" data-href=\"https:\/\/static4.inspektorius.lt\/usi\/800x600\/2\/51\/54\/70\/515470ff901806577258bf482d3d7ab0.jpg?v=4.2.7.308&amp;t=cr&amp;s=800x600&amp;m=2&amp;f=\/Uploads\/UGallery\/photos\/35\/e5\/e5\/a8\/35e5e5a816a4d0b655a141306e5732a8.jpg\" rel=\"nofollow\" target=\"_blank\"><img decoding=\"async\" itemprop=\"thumbnail\" class=\"newsPhoto300 portrait\" id=\"imgid-103454-2212573\" alt=\"32\" src=\"https:\/\/www.europesays.com\/lt\/wp-content\/uploads\/2026\/01\/35e5e5a816a4d0b655a141306e5732a8.jpg\" title=\"Pravieni\u0161ki\u0173 2-asis kal\u0117jimas Aleksandras Savickis\/Fotodiena\" loading=\"lazy\" \/> <\/a> <\/p>\n<p>Pravieni\u0161ki\u0173 2-asis kal\u0117jimas Aleksandras Savickis\/Fotodiena<\/p>\n<p>  <a itemprop=\"contentUrl\" data-size=\"0x0\" href=\"#gid=103454&amp;pid=33\" data-href=\"https:\/\/static4.inspektorius.lt\/usi\/800x600\/2\/bd\/e1\/35\/bde1350b89ab7a8d164ca6fbc44f3253.jpg?v=4.2.7.308&amp;t=cr&amp;s=800x600&amp;m=2&amp;f=\/Uploads\/UGallery\/photos\/31\/19\/40\/82\/31194082e1b11ab01cdf9cd8854b8d2e.jpg\" rel=\"nofollow\" target=\"_blank\"><img decoding=\"async\" itemprop=\"thumbnail\" class=\"newsPhoto300 portrait\" id=\"imgid-103454-2212574\" alt=\"33\" src=\"https:\/\/www.europesays.com\/lt\/wp-content\/uploads\/2026\/01\/31194082e1b11ab01cdf9cd8854b8d2e.jpg\" title=\"Pravieni\u0161ki\u0173 2-asis kal\u0117jimas Aleksandras Savickis\/Fotodiena\" loading=\"lazy\" \/> <\/a> <\/p>\n<p>Pravieni\u0161ki\u0173 2-asis kal\u0117jimas Aleksandras Savickis\/Fotodiena<\/p>\n<p>  <a itemprop=\"contentUrl\" data-size=\"0x0\" href=\"#gid=103454&amp;pid=34\" data-href=\"https:\/\/static4.inspektorius.lt\/usi\/800x600\/2\/1e\/4d\/ce\/1e4dceab9b2440600594fd535c29c956.jpg?v=4.2.7.308&amp;t=cr&amp;s=800x600&amp;m=2&amp;f=\/Uploads\/UGallery\/photos\/86\/40\/ef\/e1\/8640efe14e1ba1275b0b5181f0c43446.jpg\" rel=\"nofollow\" target=\"_blank\"><img decoding=\"async\" itemprop=\"thumbnail\" class=\"newsPhoto300 portrait\" id=\"imgid-103454-2212575\" alt=\"34\" src=\"https:\/\/www.europesays.com\/lt\/wp-content\/uploads\/2026\/01\/8640efe14e1ba1275b0b5181f0c43446.jpg\" title=\"Pravieni\u0161ki\u0173 2-asis kal\u0117jimas Aleksandras Savickis\/Fotodiena\" loading=\"lazy\" \/> <\/a> <\/p>\n<p>Pravieni\u0161ki\u0173 2-asis kal\u0117jimas Aleksandras Savickis\/Fotodiena<\/p>\n<p>  <a itemprop=\"contentUrl\" data-size=\"0x0\" href=\"#gid=103454&amp;pid=35\" data-href=\"https:\/\/static4.inspektorius.lt\/usi\/800x600\/2\/57\/42\/c5\/5742c51d07108562f9a65546cd5590d8.jpg?v=4.2.7.308&amp;t=cr&amp;s=800x600&amp;m=2&amp;f=\/Uploads\/UGallery\/photos\/da\/39\/ff\/8a\/da39ff8ab68d6d8bead1256d39da585b.jpg\" rel=\"nofollow\" target=\"_blank\"><img decoding=\"async\" itemprop=\"thumbnail\" class=\"newsPhoto300 portrait\" id=\"imgid-103454-2212576\" alt=\"35\" src=\"https:\/\/www.europesays.com\/lt\/wp-content\/uploads\/2026\/01\/da39ff8ab68d6d8bead1256d39da585b.jpg\" title=\"Pravieni\u0161ki\u0173 2-asis kal\u0117jimas Aleksandras Savickis\/Fotodiena\" loading=\"lazy\" \/> <\/a> <\/p>\n<p>Pravieni\u0161ki\u0173 2-asis kal\u0117jimas Aleksandras Savickis\/Fotodiena<\/p>\n<p>  <a itemprop=\"contentUrl\" data-size=\"0x0\" href=\"#gid=103454&amp;pid=36\" data-href=\"https:\/\/static4.inspektorius.lt\/usi\/800x600\/2\/31\/27\/58\/31275817e16ac31bd71520f1f89dd531.jpg?v=4.2.7.308&amp;t=cr&amp;s=800x600&amp;m=2&amp;f=\/Uploads\/UGallery\/photos\/bb\/6d\/e9\/56\/bb6de95690d1101081392b75001d0333.jpg\" rel=\"nofollow\" target=\"_blank\"><img decoding=\"async\" itemprop=\"thumbnail\" class=\"newsPhoto300 portrait\" id=\"imgid-103454-2212577\" alt=\"36\" src=\"https:\/\/www.europesays.com\/lt\/wp-content\/uploads\/2026\/01\/bb6de95690d1101081392b75001d0333.jpg\" title=\"Pravieni\u0161ki\u0173 2-asis kal\u0117jimas Aleksandras Savickis\/Fotodiena\" loading=\"lazy\" \/> <\/a> <\/p>\n<p>Pravieni\u0161ki\u0173 2-asis kal\u0117jimas Aleksandras Savickis\/Fotodiena<\/p>\n<p>  <a itemprop=\"contentUrl\" data-size=\"0x0\" href=\"#gid=103454&amp;pid=37\" data-href=\"https:\/\/static4.inspektorius.lt\/usi\/800x600\/2\/0d\/36\/e3\/0d36e38ffe229c251f0aacdf439c8c16.jpg?v=4.2.7.308&amp;t=cr&amp;s=800x600&amp;m=2&amp;f=\/Uploads\/UGallery\/photos\/c3\/ac\/a7\/12\/c3aca712eb50cfab7ecd170447db6b9c.jpg\" rel=\"nofollow\" target=\"_blank\"><img decoding=\"async\" itemprop=\"thumbnail\" class=\"newsPhoto300 portrait\" id=\"imgid-103454-2212578\" alt=\"37\" src=\"https:\/\/www.europesays.com\/lt\/wp-content\/uploads\/2026\/01\/c3aca712eb50cfab7ecd170447db6b9c.jpg\" title=\"Pravieni\u0161ki\u0173 2-asis kal\u0117jimas Aleksandras Savickis\/Fotodiena\" loading=\"lazy\" \/> <\/a> <\/p>\n<p>Pravieni\u0161ki\u0173 2-asis kal\u0117jimas Aleksandras Savickis\/Fotodiena<\/p>\n<p>  <a itemprop=\"contentUrl\" data-size=\"0x0\" href=\"#gid=103454&amp;pid=38\" data-href=\"https:\/\/static4.inspektorius.lt\/usi\/800x600\/2\/f8\/56\/37\/f856370b2fd6379e13caa2476ae58ca1.jpg?v=4.2.7.308&amp;t=cr&amp;s=800x600&amp;m=2&amp;f=\/Uploads\/UGallery\/photos\/9d\/f7\/4a\/61\/9df74a61395b77836031016738207a67.jpg\" rel=\"nofollow\" target=\"_blank\"><img decoding=\"async\" itemprop=\"thumbnail\" class=\"newsPhoto300 portrait\" id=\"imgid-103454-2212579\" alt=\"38\" src=\"https:\/\/www.europesays.com\/lt\/wp-content\/uploads\/2026\/01\/9df74a61395b77836031016738207a67.jpg\" title=\"Pravieni\u0161ki\u0173 2-asis kal\u0117jimas Aleksandras Savickis\/Fotodiena\" loading=\"lazy\" \/> <\/a> <\/p>\n<p>Pravieni\u0161ki\u0173 2-asis kal\u0117jimas Aleksandras Savickis\/Fotodiena<\/p>\n<p>  <a itemprop=\"contentUrl\" data-size=\"0x0\" href=\"#gid=103454&amp;pid=39\" data-href=\"https:\/\/static4.inspektorius.lt\/usi\/800x600\/2\/c7\/b9\/60\/c7b960968c75a4c3a3d70bcb75b352b4.jpg?v=4.2.7.308&amp;t=cr&amp;s=800x600&amp;m=2&amp;f=\/Uploads\/UGallery\/photos\/69\/5d\/c7\/da\/695dc7dadd5bbda500f4827469330324.jpg\" rel=\"nofollow\" target=\"_blank\"><img decoding=\"async\" itemprop=\"thumbnail\" class=\"newsPhoto300 portrait\" id=\"imgid-103454-2212580\" alt=\"39\" src=\"https:\/\/www.europesays.com\/lt\/wp-content\/uploads\/2026\/01\/695dc7dadd5bbda500f4827469330324.jpg\" title=\"Pravieni\u0161ki\u0173 2-asis kal\u0117jimas Aleksandras Savickis\/Fotodiena\" loading=\"lazy\" \/> <\/a> <\/p>\n<p>Pravieni\u0161ki\u0173 2-asis kal\u0117jimas Aleksandras Savickis\/Fotodiena<\/p>\n<p>  <a itemprop=\"contentUrl\" data-size=\"0x0\" href=\"#gid=103454&amp;pid=40\" data-href=\"https:\/\/static4.inspektorius.lt\/usi\/800x600\/2\/b1\/fc\/66\/b1fc66fb45142d3d87175f1890e3b4ec.jpg?v=4.2.7.308&amp;t=cr&amp;s=800x600&amp;m=2&amp;f=\/Uploads\/UGallery\/photos\/63\/90\/f0\/ad\/6390f0ad6d649bc2fb30919711f63649.jpg\" rel=\"nofollow\" target=\"_blank\"><img decoding=\"async\" itemprop=\"thumbnail\" class=\"newsPhoto300 portrait\" id=\"imgid-103454-2212581\" alt=\"40\" src=\"https:\/\/www.europesays.com\/lt\/wp-content\/uploads\/2026\/01\/6390f0ad6d649bc2fb30919711f63649.jpg\" title=\"Pravieni\u0161ki\u0173 2-asis kal\u0117jimas Aleksandras Savickis\/Fotodiena\" loading=\"lazy\" \/> <\/a> <\/p>\n<p>Pravieni\u0161ki\u0173 2-asis kal\u0117jimas Aleksandras Savickis\/Fotodiena<\/p>\n<p>  <a itemprop=\"contentUrl\" data-size=\"0x0\" href=\"#gid=103454&amp;pid=41\" data-href=\"https:\/\/static4.inspektorius.lt\/usi\/800x600\/2\/da\/26\/12\/da2612bb3ea03a4a7b4c8fd944946bba.jpg?v=4.2.7.308&amp;t=cr&amp;s=800x600&amp;m=2&amp;f=\/Uploads\/UGallery\/photos\/c9\/12\/15\/5e\/c912155e89ef450846d3c0f9e9df8ee8.jpg\" rel=\"nofollow\" target=\"_blank\"><img decoding=\"async\" itemprop=\"thumbnail\" class=\"newsPhoto300 portrait\" id=\"imgid-103454-2212582\" alt=\"41\" src=\"https:\/\/www.europesays.com\/lt\/wp-content\/uploads\/2026\/01\/c912155e89ef450846d3c0f9e9df8ee8.jpg\" title=\"Pravieni\u0161ki\u0173 2-asis kal\u0117jimas Aleksandras Savickis\/Fotodiena\" loading=\"lazy\" \/> <\/a> <\/p>\n<p>Pravieni\u0161ki\u0173 2-asis kal\u0117jimas Aleksandras Savickis\/Fotodiena<\/p>\n<p>  <a itemprop=\"contentUrl\" data-size=\"0x0\" href=\"#gid=103454&amp;pid=42\" data-href=\"https:\/\/static4.inspektorius.lt\/usi\/800x600\/2\/e3\/5e\/c6\/e35ec65f90c33cef19e944663c589ab2.jpg?v=4.2.7.308&amp;t=cr&amp;s=800x600&amp;m=2&amp;f=\/Uploads\/UGallery\/photos\/35\/d9\/7b\/0a\/35d97b0aa1e2904a08eef00f61519c85.jpg\" rel=\"nofollow\" target=\"_blank\"><img decoding=\"async\" itemprop=\"thumbnail\" class=\"newsPhoto300 portrait\" id=\"imgid-103454-2212583\" alt=\"42\" src=\"https:\/\/www.europesays.com\/lt\/wp-content\/uploads\/2026\/01\/35d97b0aa1e2904a08eef00f61519c85.jpg\" title=\"Pravieni\u0161ki\u0173 2-asis kal\u0117jimas Aleksandras Savickis\/Fotodiena\" loading=\"lazy\" \/> <\/a> <\/p>\n<p>Pravieni\u0161ki\u0173 2-asis kal\u0117jimas Aleksandras Savickis\/Fotodiena<\/p>\n<p>  <a itemprop=\"contentUrl\" data-size=\"0x0\" href=\"#gid=103454&amp;pid=43\" data-href=\"https:\/\/static4.inspektorius.lt\/usi\/800x600\/2\/be\/30\/df\/be30dfa24155ed8b02ff8dce4ef32c17.jpg?v=4.2.7.308&amp;t=cr&amp;s=800x600&amp;m=2&amp;f=\/Uploads\/UGallery\/photos\/77\/0c\/2c\/56\/770c2c56c246aec63b8dd8d0c793094f.jpg\" rel=\"nofollow\" target=\"_blank\"><img decoding=\"async\" itemprop=\"thumbnail\" class=\"newsPhoto300 portrait\" id=\"imgid-103454-2212584\" alt=\"43\" src=\"https:\/\/www.europesays.com\/lt\/wp-content\/uploads\/2026\/01\/770c2c56c246aec63b8dd8d0c793094f.jpg\" title=\"Pravieni\u0161ki\u0173 2-asis kal\u0117jimas Aleksandras Savickis\/Fotodiena\" loading=\"lazy\" \/> <\/a> <\/p>\n<p>Pravieni\u0161ki\u0173 2-asis kal\u0117jimas Aleksandras Savickis\/Fotodiena<\/p>\n<p>  <a itemprop=\"contentUrl\" data-size=\"0x0\" href=\"#gid=103454&amp;pid=44\" data-href=\"https:\/\/static4.inspektorius.lt\/usi\/800x600\/2\/74\/5c\/1e\/745c1ed4949262859e27d76e903963f2.jpg?v=4.2.7.308&amp;t=cr&amp;s=800x600&amp;m=2&amp;f=\/Uploads\/UGallery\/photos\/af\/cc\/a6\/c5\/afcca6c5218d15568a24101e72fd9f8b.jpg\" rel=\"nofollow\" target=\"_blank\"><img decoding=\"async\" itemprop=\"thumbnail\" class=\"newsPhoto300 portrait\" id=\"imgid-103454-2212585\" alt=\"44\" src=\"https:\/\/www.europesays.com\/lt\/wp-content\/uploads\/2026\/01\/afcca6c5218d15568a24101e72fd9f8b.jpg\" title=\"Pravieni\u0161ki\u0173 2-asis kal\u0117jimas Aleksandras Savickis\/Fotodiena\" loading=\"lazy\" \/> <\/a> <\/p>\n<p>Pravieni\u0161ki\u0173 2-asis kal\u0117jimas Aleksandras Savickis\/Fotodiena<\/p>\n<p>  <a itemprop=\"contentUrl\" data-size=\"0x0\" href=\"#gid=103454&amp;pid=45\" data-href=\"https:\/\/static4.inspektorius.lt\/usi\/800x600\/2\/a2\/07\/2d\/a2072dd25bd38aae1f11daf658d62d16.jpg?v=4.2.7.308&amp;t=cr&amp;s=800x600&amp;m=2&amp;f=\/Uploads\/UGallery\/photos\/0f\/28\/79\/d9\/0f2879d9c87be7b281ab707619802359.jpg\" rel=\"nofollow\" target=\"_blank\"><img decoding=\"async\" itemprop=\"thumbnail\" class=\"newsPhoto300 portrait\" id=\"imgid-103454-2212586\" alt=\"45\" src=\"https:\/\/www.europesays.com\/lt\/wp-content\/uploads\/2026\/01\/0f2879d9c87be7b281ab707619802359.jpg\" title=\"Pravieni\u0161ki\u0173 2-asis kal\u0117jimas Aleksandras Savickis\/Fotodiena\" loading=\"lazy\" \/> <\/a> <\/p>\n<p>Pravieni\u0161ki\u0173 2-asis kal\u0117jimas Aleksandras Savickis\/Fotodiena<\/p>\n<p>  <a itemprop=\"contentUrl\" data-size=\"0x0\" href=\"#gid=103454&amp;pid=46\" data-href=\"https:\/\/static4.inspektorius.lt\/usi\/800x600\/2\/c4\/01\/f5\/c401f55a4fe8e7993780775896f045bb.jpg?v=4.2.7.308&amp;t=cr&amp;s=800x600&amp;m=2&amp;f=\/Uploads\/UGallery\/photos\/af\/85\/8f\/19\/af858f1945999bbce27285f38d757bbc.jpg\" rel=\"nofollow\" target=\"_blank\"><img decoding=\"async\" itemprop=\"thumbnail\" class=\"newsPhoto300 portrait\" id=\"imgid-103454-2212587\" alt=\"46\" src=\"https:\/\/www.europesays.com\/lt\/wp-content\/uploads\/2026\/01\/af858f1945999bbce27285f38d757bbc.jpg\" title=\"Pravieni\u0161ki\u0173 2-asis kal\u0117jimas Aleksandras Savickis\/Fotodiena\" loading=\"lazy\" \/> <\/a> <\/p>\n<p>Pravieni\u0161ki\u0173 2-asis kal\u0117jimas Aleksandras Savickis\/Fotodiena<\/p>\n<p>  <a itemprop=\"contentUrl\" data-size=\"0x0\" href=\"#gid=103454&amp;pid=47\" data-href=\"https:\/\/static4.inspektorius.lt\/usi\/800x600\/2\/a2\/a0\/22\/a2a022c6448feb945bf7e9d4d5fd544e.jpg?v=4.2.7.308&amp;t=cr&amp;s=800x600&amp;m=2&amp;f=\/Uploads\/UGallery\/photos\/0a\/80\/c9\/46\/0a80c94621eabcb8b9165486e10d90ab.jpg\" rel=\"nofollow\" target=\"_blank\"><img decoding=\"async\" itemprop=\"thumbnail\" class=\"newsPhoto300 portrait\" id=\"imgid-103454-2212588\" alt=\"47\" src=\"https:\/\/www.europesays.com\/lt\/wp-content\/uploads\/2026\/01\/0a80c94621eabcb8b9165486e10d90ab.jpg\" title=\"Pravieni\u0161ki\u0173 2-asis kal\u0117jimas Aleksandras Savickis\/Fotodiena\" loading=\"lazy\" \/> <\/a> <\/p>\n<p>Pravieni\u0161ki\u0173 2-asis kal\u0117jimas Aleksandras Savickis\/Fotodiena<\/p>\n<p>  <a itemprop=\"contentUrl\" data-size=\"0x0\" href=\"#gid=103454&amp;pid=48\" data-href=\"https:\/\/static4.inspektorius.lt\/usi\/800x600\/2\/e5\/03\/7c\/e5037c9ddba750a19ffe9d6a3057a778.jpg?v=4.2.7.308&amp;t=cr&amp;s=800x600&amp;m=2&amp;f=\/Uploads\/UGallery\/photos\/bc\/3f\/c7\/9a\/bc3fc79a019861cfa37f0e99b5b4e738.jpg\" rel=\"nofollow\" target=\"_blank\"><img decoding=\"async\" itemprop=\"thumbnail\" class=\"newsPhoto300 portrait\" id=\"imgid-103454-2212589\" alt=\"48\" src=\"https:\/\/www.europesays.com\/lt\/wp-content\/uploads\/2026\/01\/bc3fc79a019861cfa37f0e99b5b4e738.jpg\" title=\"Pravieni\u0161ki\u0173 2-asis kal\u0117jimas Aleksandras Savickis\/Fotodiena\" loading=\"lazy\" \/> <\/a> <\/p>\n<p>Pravieni\u0161ki\u0173 2-asis kal\u0117jimas Aleksandras Savickis\/Fotodiena<\/p>\n<p>  <a itemprop=\"contentUrl\" data-size=\"0x0\" href=\"#gid=103454&amp;pid=49\" data-href=\"https:\/\/static4.inspektorius.lt\/usi\/800x600\/2\/54\/bc\/6a\/54bc6ac24761cf8a88975ddfba327ab2.jpg?v=4.2.7.308&amp;t=cr&amp;s=800x600&amp;m=2&amp;f=\/Uploads\/UGallery\/photos\/d6\/10\/fa\/1b\/d610fa1b34df2d84250f052b810831aa.jpg\" rel=\"nofollow\" target=\"_blank\"><img decoding=\"async\" itemprop=\"thumbnail\" class=\"newsPhoto300 portrait\" id=\"imgid-103454-2212590\" alt=\"49\" src=\"https:\/\/www.europesays.com\/lt\/wp-content\/uploads\/2026\/01\/d610fa1b34df2d84250f052b810831aa.jpg\" title=\"Pravieni\u0161ki\u0173 2-asis kal\u0117jimas Aleksandras Savickis\/Fotodiena\" loading=\"lazy\" \/> <\/a> <\/p>\n<p>Pravieni\u0161ki\u0173 2-asis kal\u0117jimas Aleksandras Savickis\/Fotodiena<\/p>\n<p>  <a itemprop=\"contentUrl\" data-size=\"0x0\" href=\"#gid=103454&amp;pid=50\" data-href=\"https:\/\/static4.inspektorius.lt\/usi\/800x600\/2\/26\/ba\/bb\/26babb69e464d8e9d3dc4a16429712bc.jpg?v=4.2.7.308&amp;t=cr&amp;s=800x600&amp;m=2&amp;f=\/Uploads\/UGallery\/photos\/97\/39\/8f\/78\/97398f78f26e2f538434f1bd0d7efa08.jpg\" rel=\"nofollow\" target=\"_blank\"><img decoding=\"async\" itemprop=\"thumbnail\" class=\"newsPhoto300 portrait\" id=\"imgid-103454-2212591\" alt=\"50\" src=\"https:\/\/www.europesays.com\/lt\/wp-content\/uploads\/2026\/01\/97398f78f26e2f538434f1bd0d7efa08.jpg\" title=\"Pravieni\u0161ki\u0173 2-asis kal\u0117jimas Aleksandras Savickis\/Fotodiena\" loading=\"lazy\" \/> <\/a> <\/p>\n<p>Pravieni\u0161ki\u0173 2-asis kal\u0117jimas Aleksandras Savickis\/Fotodiena<\/p>\n<p>  <a itemprop=\"contentUrl\" data-size=\"0x0\" href=\"#gid=103454&amp;pid=51\" data-href=\"https:\/\/static4.inspektorius.lt\/usi\/800x600\/2\/f6\/94\/e2\/f694e27111eb47a508ef9f529fb4018a.jpg?v=4.2.7.308&amp;t=cr&amp;s=800x600&amp;m=2&amp;f=\/Uploads\/UGallery\/photos\/99\/db\/a1\/8e\/99dba18e7c2c7cb09428627be89066bc.jpg\" rel=\"nofollow\" target=\"_blank\"><img decoding=\"async\" itemprop=\"thumbnail\" class=\"newsPhoto300 portrait\" id=\"imgid-103454-2212592\" alt=\"51\" src=\"https:\/\/www.europesays.com\/lt\/wp-content\/uploads\/2026\/01\/99dba18e7c2c7cb09428627be89066bc.jpg\" title=\"Pravieni\u0161ki\u0173 2-asis kal\u0117jimas Aleksandras Savickis\/Fotodiena\" loading=\"lazy\" \/> <\/a> <\/p>\n<p>Pravieni\u0161ki\u0173 2-asis kal\u0117jimas Aleksandras Savickis\/Fotodiena<\/p>\n<p>  <a itemprop=\"contentUrl\" data-size=\"0x0\" href=\"#gid=103454&amp;pid=52\" data-href=\"https:\/\/static4.inspektorius.lt\/usi\/800x600\/2\/8c\/6e\/fd\/8c6efd74a9377f37fb3d1fe9c5009114.jpg?v=4.2.7.308&amp;t=cr&amp;s=800x600&amp;m=2&amp;f=\/Uploads\/UGallery\/photos\/71\/1a\/5e\/69\/711a5e6964787e7af534be8828fb2f3b.jpg\" rel=\"nofollow\" target=\"_blank\"><img decoding=\"async\" itemprop=\"thumbnail\" class=\"newsPhoto300 portrait\" id=\"imgid-103454-2212593\" alt=\"52\" src=\"https:\/\/www.europesays.com\/lt\/wp-content\/uploads\/2026\/01\/711a5e6964787e7af534be8828fb2f3b.jpg\" title=\"Pravieni\u0161ki\u0173 2-asis kal\u0117jimas Aleksandras Savickis\/Fotodiena\" loading=\"lazy\" \/> <\/a> <\/p>\n<p>Pravieni\u0161ki\u0173 2-asis kal\u0117jimas Aleksandras Savickis\/Fotodiena<\/p>\n<p>  <a itemprop=\"contentUrl\" data-size=\"0x0\" href=\"#gid=103454&amp;pid=53\" data-href=\"https:\/\/static4.inspektorius.lt\/usi\/800x600\/2\/a8\/81\/ed\/a881ed05b7c193a1aa46f482b813314f.jpg?v=4.2.7.308&amp;t=cr&amp;s=800x600&amp;m=2&amp;f=\/Uploads\/UGallery\/photos\/d8\/84\/cf\/0b\/d884cf0b0b82e2795fd32ea512f481bd.jpg\" rel=\"nofollow\" target=\"_blank\"><img decoding=\"async\" itemprop=\"thumbnail\" class=\"newsPhoto300 portrait\" id=\"imgid-103454-2212594\" alt=\"53\" src=\"https:\/\/www.europesays.com\/lt\/wp-content\/uploads\/2026\/01\/d884cf0b0b82e2795fd32ea512f481bd.jpg\" title=\"Pravieni\u0161ki\u0173 2-asis kal\u0117jimas Aleksandras Savickis\/Fotodiena\" loading=\"lazy\" \/> <\/a> <\/p>\n<p>Pravieni\u0161ki\u0173 2-asis kal\u0117jimas Aleksandras Savickis\/Fotodiena<\/p>\n<p>  <a itemprop=\"contentUrl\" data-size=\"0x0\" href=\"#gid=103454&amp;pid=54\" data-href=\"https:\/\/static4.inspektorius.lt\/usi\/800x600\/2\/a7\/12\/50\/a712509452d00f6b000e5a6e83b2e5d2.jpg?v=4.2.7.308&amp;t=cr&amp;s=800x600&amp;m=2&amp;f=\/Uploads\/UGallery\/photos\/ba\/00\/6d\/2f\/ba006d2f817554883fd2ab09c5b71699.jpg\" rel=\"nofollow\" target=\"_blank\"><img decoding=\"async\" itemprop=\"thumbnail\" class=\"newsPhoto300 portrait\" id=\"imgid-103454-2212595\" alt=\"54\" src=\"https:\/\/www.europesays.com\/lt\/wp-content\/uploads\/2026\/01\/ba006d2f817554883fd2ab09c5b71699.jpg\" title=\"Pravieni\u0161ki\u0173 2-asis kal\u0117jimas Aleksandras Savickis\/Fotodiena\" loading=\"lazy\" \/> <\/a> <\/p>\n<p>Pravieni\u0161ki\u0173 2-asis kal\u0117jimas Aleksandras Savickis\/Fotodiena<\/p>\n<p>  <a itemprop=\"contentUrl\" data-size=\"0x0\" href=\"#gid=103454&amp;pid=55\" data-href=\"https:\/\/static4.inspektorius.lt\/usi\/800x600\/2\/8d\/67\/41\/8d6741aa280f2a8d04e68249ddc83ca8.jpg?v=4.2.7.308&amp;t=cr&amp;s=800x600&amp;m=2&amp;f=\/Uploads\/UGallery\/photos\/1b\/88\/fe\/b6\/1b88feb656099b6bf3943553c4657e51.jpg\" rel=\"nofollow\" target=\"_blank\"><img decoding=\"async\" itemprop=\"thumbnail\" class=\"newsPhoto300 portrait\" id=\"imgid-103454-2212596\" alt=\"55\" src=\"https:\/\/www.europesays.com\/lt\/wp-content\/uploads\/2026\/01\/1b88feb656099b6bf3943553c4657e51.jpg\" title=\"Pravieni\u0161ki\u0173 2-asis kal\u0117jimas Aleksandras Savickis\/Fotodiena\" loading=\"lazy\" \/> <\/a> <\/p>\n<p>Pravieni\u0161ki\u0173 2-asis kal\u0117jimas Aleksandras Savickis\/Fotodiena<\/p>\n<p>  <a itemprop=\"contentUrl\" data-size=\"0x0\" href=\"#gid=103454&amp;pid=56\" data-href=\"https:\/\/static4.inspektorius.lt\/usi\/800x600\/2\/43\/42\/95\/434295db2014eea7a0785a6c124f9f85.jpg?v=4.2.7.308&amp;t=cr&amp;s=800x600&amp;m=2&amp;f=\/Uploads\/UGallery\/photos\/1f\/60\/47\/c7\/1f6047c7d392777c31f694136f590625.jpg\" rel=\"nofollow\" target=\"_blank\"><img decoding=\"async\" itemprop=\"thumbnail\" class=\"newsPhoto300 portrait\" id=\"imgid-103454-2212597\" alt=\"56\" src=\"https:\/\/www.europesays.com\/lt\/wp-content\/uploads\/2026\/01\/1f6047c7d392777c31f694136f590625.jpg\" title=\"Pravieni\u0161ki\u0173 2-asis kal\u0117jimas Aleksandras Savickis\/Fotodiena\" loading=\"lazy\" \/> <\/a> <\/p>\n<p>Pravieni\u0161ki\u0173 2-asis kal\u0117jimas Aleksandras Savickis\/Fotodiena<\/p>\n<p>  <a itemprop=\"contentUrl\" data-size=\"0x0\" href=\"#gid=103454&amp;pid=57\" data-href=\"https:\/\/static4.inspektorius.lt\/usi\/800x600\/2\/45\/8e\/41\/458e41b9811f9cbb5b580ff3645a4e02.jpg?v=4.2.7.308&amp;t=cr&amp;s=800x600&amp;m=2&amp;f=\/Uploads\/UGallery\/photos\/62\/c1\/cf\/14\/62c1cf14c1547dfa3b6caa14e8ce89d6.jpg\" rel=\"nofollow\" target=\"_blank\"><img decoding=\"async\" itemprop=\"thumbnail\" class=\"newsPhoto300 portrait\" id=\"imgid-103454-2212598\" alt=\"57\" src=\"https:\/\/www.europesays.com\/lt\/wp-content\/uploads\/2026\/01\/62c1cf14c1547dfa3b6caa14e8ce89d6.jpg\" title=\"Pravieni\u0161ki\u0173 2-asis kal\u0117jimas Aleksandras Savickis\/Fotodiena\" loading=\"lazy\" \/> <\/a> <\/p>\n<p>Pravieni\u0161ki\u0173 2-asis kal\u0117jimas Aleksandras Savickis\/Fotodiena<\/p>\n<p>  <a itemprop=\"contentUrl\" data-size=\"0x0\" href=\"#gid=103454&amp;pid=58\" data-href=\"https:\/\/static4.inspektorius.lt\/usi\/800x600\/2\/99\/25\/22\/992522d44a68440c332a9c9748e6d435.jpg?v=4.2.7.308&amp;t=cr&amp;s=800x600&amp;m=2&amp;f=\/Uploads\/UGallery\/photos\/fa\/a2\/6e\/71\/faa26e714e2a7b0ca4c62a87c8b4ae6a.jpg\" rel=\"nofollow\" target=\"_blank\"><img decoding=\"async\" itemprop=\"thumbnail\" class=\"newsPhoto300 portrait\" id=\"imgid-103454-2212599\" alt=\"58\" src=\"https:\/\/www.europesays.com\/lt\/wp-content\/uploads\/2026\/01\/faa26e714e2a7b0ca4c62a87c8b4ae6a.jpg\" title=\"Pravieni\u0161ki\u0173 2-asis kal\u0117jimas Aleksandras Savickis\/Fotodiena\" loading=\"lazy\" \/> <\/a> <\/p>\n<p>Pravieni\u0161ki\u0173 2-asis kal\u0117jimas Aleksandras Savickis\/Fotodiena<\/p>\n<p>  <a itemprop=\"contentUrl\" data-size=\"0x0\" href=\"#gid=103454&amp;pid=59\" data-href=\"https:\/\/static4.inspektorius.lt\/usi\/800x600\/2\/36\/21\/44\/3621443b50e6a25b999d83a7bfeb344e.jpg?v=4.2.7.308&amp;t=cr&amp;s=800x600&amp;m=2&amp;f=\/Uploads\/UGallery\/photos\/bc\/53\/5a\/01\/bc535a01409e81bf5308628d905947d2.jpg\" rel=\"nofollow\" target=\"_blank\"><img decoding=\"async\" itemprop=\"thumbnail\" class=\"newsPhoto300 portrait\" id=\"imgid-103454-2212600\" alt=\"59\" src=\"https:\/\/www.europesays.com\/lt\/wp-content\/uploads\/2026\/01\/bc535a01409e81bf5308628d905947d2.jpg\" title=\"Pravieni\u0161ki\u0173 2-asis kal\u0117jimas Aleksandras Savickis\/Fotodiena\" loading=\"lazy\" \/> <\/a> <\/p>\n<p>Pravieni\u0161ki\u0173 2-asis kal\u0117jimas Aleksandras Savickis\/Fotodiena<\/p>\n<p>  <a itemprop=\"contentUrl\" data-size=\"0x0\" href=\"#gid=103454&amp;pid=60\" data-href=\"https:\/\/static4.inspektorius.lt\/usi\/800x600\/2\/92\/bc\/0d\/92bc0dea3a120b12281e7fe3ba00a4a9.jpg?v=4.2.7.308&amp;t=cr&amp;s=800x600&amp;m=2&amp;f=\/Uploads\/UGallery\/photos\/c7\/ea\/2b\/12\/c7ea2b1255bb7abfaee77adde82fce02.jpg\" rel=\"nofollow\" target=\"_blank\"><img decoding=\"async\" itemprop=\"thumbnail\" class=\"newsPhoto300 portrait\" id=\"imgid-103454-2212601\" alt=\"60\" src=\"https:\/\/www.europesays.com\/lt\/wp-content\/uploads\/2026\/01\/c7ea2b1255bb7abfaee77adde82fce02.jpg\" title=\"Pravieni\u0161ki\u0173 2-asis kal\u0117jimas Aleksandras Savickis\/Fotodiena\" loading=\"lazy\" \/> <\/a> <\/p>\n<p>Pravieni\u0161ki\u0173 2-asis kal\u0117jimas Aleksandras Savickis\/Fotodiena<\/p>\n<p>  <a itemprop=\"contentUrl\" data-size=\"0x0\" href=\"#gid=103454&amp;pid=61\" data-href=\"https:\/\/static4.inspektorius.lt\/usi\/800x600\/2\/8c\/cc\/25\/8ccc25caa75fb5d7d465095e4f74d1bf.jpg?v=4.2.7.308&amp;t=cr&amp;s=800x600&amp;m=2&amp;f=\/Uploads\/UGallery\/photos\/21\/d3\/fd\/3b\/21d3fd3b25137df3c6a2a3a162b3cff3.jpg\" rel=\"nofollow\" target=\"_blank\"><img decoding=\"async\" itemprop=\"thumbnail\" class=\"newsPhoto300 portrait\" id=\"imgid-103454-2212602\" alt=\"61\" src=\"https:\/\/www.europesays.com\/lt\/wp-content\/uploads\/2026\/01\/21d3fd3b25137df3c6a2a3a162b3cff3.jpg\" title=\"Pravieni\u0161ki\u0173 2-asis kal\u0117jimas Aleksandras Savickis\/Fotodiena\" loading=\"lazy\" \/> <\/a> <\/p>\n<p>Pravieni\u0161ki\u0173 2-asis kal\u0117jimas Aleksandras Savickis\/Fotodiena<\/p>\n<p>  <a itemprop=\"contentUrl\" data-size=\"0x0\" href=\"#gid=103454&amp;pid=62\" data-href=\"https:\/\/static4.inspektorius.lt\/usi\/800x600\/2\/54\/25\/87\/542587e730069079953f4feed348ae67.jpg?v=4.2.7.308&amp;t=cr&amp;s=800x600&amp;m=2&amp;f=\/Uploads\/UGallery\/photos\/9e\/7b\/8f\/5a\/9e7b8f5ac82861ed4f8f93a687906982.jpg\" rel=\"nofollow\" target=\"_blank\"><img decoding=\"async\" itemprop=\"thumbnail\" class=\"newsPhoto300 portrait\" id=\"imgid-103454-2212603\" alt=\"62\" src=\"https:\/\/www.europesays.com\/lt\/wp-content\/uploads\/2026\/01\/9e7b8f5ac82861ed4f8f93a687906982.jpg\" title=\"Pravieni\u0161ki\u0173 2-asis kal\u0117jimas Aleksandras Savickis\/Fotodiena\" loading=\"lazy\" \/> <\/a> <\/p>\n<p>Pravieni\u0161ki\u0173 2-asis kal\u0117jimas Aleksandras Savickis\/Fotodiena<\/p>\n<p>  <a itemprop=\"contentUrl\" data-size=\"0x0\" href=\"#gid=103454&amp;pid=63\" data-href=\"https:\/\/static4.inspektorius.lt\/usi\/800x600\/2\/51\/a2\/07\/51a207a40b8e3d9b892e4cfa287520dc.jpg?v=4.2.7.308&amp;t=cr&amp;s=800x600&amp;m=2&amp;f=\/Uploads\/UGallery\/photos\/6c\/0a\/17\/f6\/6c0a17f61772a632d6a320523c0bf35c.jpg\" rel=\"nofollow\" target=\"_blank\"><img decoding=\"async\" itemprop=\"thumbnail\" class=\"newsPhoto300 portrait\" id=\"imgid-103454-2212604\" alt=\"63\" src=\"https:\/\/www.europesays.com\/lt\/wp-content\/uploads\/2026\/01\/6c0a17f61772a632d6a320523c0bf35c.jpg\" title=\"Pravieni\u0161ki\u0173 2-asis kal\u0117jimas Aleksandras Savickis\/Fotodiena\" loading=\"lazy\" \/> <\/a> <\/p>\n<p>Pravieni\u0161ki\u0173 2-asis kal\u0117jimas Aleksandras Savickis\/Fotodiena<\/p>\n<p>  <a itemprop=\"contentUrl\" data-size=\"0x0\" href=\"#gid=103454&amp;pid=64\" data-href=\"https:\/\/static4.inspektorius.lt\/usi\/800x600\/2\/a1\/51\/be\/a151be7c245ef49674843aed77dfc6eb.jpg?v=4.2.7.308&amp;t=cr&amp;s=800x600&amp;m=2&amp;f=\/Uploads\/UGallery\/photos\/b3\/e7\/23\/c3\/b3e723c3311c3a816d31ec59f12ae9da.jpg\" rel=\"nofollow\" target=\"_blank\"><img decoding=\"async\" itemprop=\"thumbnail\" class=\"newsPhoto300 portrait\" id=\"imgid-103454-2212605\" alt=\"64\" src=\"https:\/\/www.europesays.com\/lt\/wp-content\/uploads\/2026\/01\/b3e723c3311c3a816d31ec59f12ae9da.jpg\" title=\"Pravieni\u0161ki\u0173 2-asis kal\u0117jimas Aleksandras Savickis\/Fotodiena\" loading=\"lazy\" \/> <\/a> <\/p>\n<p>Pravieni\u0161ki\u0173 2-asis kal\u0117jimas Aleksandras Savickis\/Fotodiena<\/p>\n<p style=\"text-align:justify\">Papasakokite, koks yra j\u016bs\u0173 dienos re\u017eimas kal\u0117jime?<\/p>\n<p style=\"text-align:justify\">Esu vyturys. M\u0117gstu eiti anksti miegoti. Apie 20.30 val. b\u016bna patikrinimas, tai koki\u0105 21 val. guliu lovoje, o 21.30 val. jau u\u017emiegu. Bet a\u0161 atsikeliu 4 ryto. I\u0161kart arbatos pasidarau, su vienu saldainiu.<\/p>\n<p style=\"text-align:justify\">Virtuv\u0117je nieko neb\u016bna, tai ramiai pasigaminu valgyti. 6.30 val. mums atidaro duris, kad gal\u0117tume i\u0161eiti \u012f lauk\u0105. Tada iki kokios 8 val. pasportuoju. B\u0117gioti negaliu, nes skauda koj\u0105, tai tik pavaik\u0161tau.<\/p>\n<p style=\"text-align:justify\">Su svarmenimis \u201epamu\u0161in\u0117ju\u201c, kad \u201eu\u017edirb\u010diau\u201c ant pusry\u010di\u0173. 1,5 val. pasportuoju, tada i\u0161alkstu. Tai kiekvien\u0105 dien\u0105 taip mank\u0161tinuosi. Vieni joga u\u017esiima, a\u0161 pavaik\u0161tau, su \u201ehanteliais\u201c padirbu. Po pusry\u010di\u0173 b\u016bna patikrinimas. Tada valand\u0105 pamiegu. Popiet 4 valandas einu dirbti.<\/p>\n<p>Pravieni\u0161ki\u0173 1-asis kal\u0117jimas, TOG skyrius<\/p>\n<p>(79 nuotr.) <a style=\"height: 63vw;\" itemprop=\"contentUrl\" data-size=\"0x0\" href=\"#gid=103453&amp;pid=1\" data-href=\"https:\/\/static4.inspektorius.lt\/usi\/800x600\/2\/42\/be\/5e\/42be5ee70ec3233f5d1b7f9aa7ad7f12.jpg?v=4.2.7.308&amp;t=cr&amp;s=800x600&amp;m=2&amp;f=\/Uploads\/UGallery\/photos\/6d\/57\/e7\/e4\/6d57e7e417e887ec247858d94018658b.jpg\" rel=\"nofollow\" target=\"_blank\"><img decoding=\"async\" style=\"height: 63vw; object-fit: cover;\" itemprop=\"thumbnail\" class=\"newsPhoto300 landscape\" id=\"imgid-103453-2212445\" alt=\"1\" src=\"https:\/\/www.europesays.com\/lt\/wp-content\/uploads\/2026\/01\/6d57e7e417e887ec247858d94018658b.jpg\" title=\"Pravieni\u0161ki\u0173 1-asis kal\u0117jimas, TOG skyrius Aleksandras Savickis\/Fotodiena\" loading=\"lazy\" \/> <\/a> <\/p>\n<p>Pravieni\u0161ki\u0173 1-asis kal\u0117jimas, TOG skyrius Aleksandras Savickis\/Fotodiena<\/p>\n<p>  <a itemprop=\"contentUrl\" data-size=\"0x0\" href=\"#gid=103453&amp;pid=2\" data-href=\"https:\/\/static4.inspektorius.lt\/usi\/800x600\/2\/7a\/c7\/41\/7ac74154030531f7558779cc89eeefdb.jpg?v=4.2.7.308&amp;t=cr&amp;s=800x600&amp;m=2&amp;f=\/Uploads\/UGallery\/photos\/ce\/75\/43\/82\/ce75438247206c7ff3e72495f76cdc86.jpg\" rel=\"nofollow\" target=\"_blank\"><img decoding=\"async\" itemprop=\"thumbnail\" class=\"newsPhoto300 portrait\" id=\"imgid-103453-2212446\" alt=\"2\" src=\"https:\/\/www.europesays.com\/lt\/wp-content\/uploads\/2026\/01\/ce75438247206c7ff3e72495f76cdc86.jpg\" title=\"Pravieni\u0161ki\u0173 1-asis kal\u0117jimas, TOG skyrius Aleksandras Savickis\/Fotodiena\" loading=\"lazy\" \/> <\/a> <\/p>\n<p>Pravieni\u0161ki\u0173 1-asis kal\u0117jimas, TOG skyrius Aleksandras Savickis\/Fotodiena<\/p>\n<p>  <a itemprop=\"contentUrl\" data-size=\"0x0\" href=\"#gid=103453&amp;pid=3\" data-href=\"https:\/\/static4.inspektorius.lt\/usi\/800x600\/2\/ee\/73\/a4\/ee73a4e5d2def385806df91e4538b04a.jpg?v=4.2.7.308&amp;t=cr&amp;s=800x600&amp;m=2&amp;f=\/Uploads\/UGallery\/photos\/1e\/25\/a3\/42\/1e25a342ca1b03b7b123155256cd4b10.jpg\" rel=\"nofollow\" target=\"_blank\"><img decoding=\"async\" itemprop=\"thumbnail\" class=\"newsPhoto300 portrait\" id=\"imgid-103453-2212447\" alt=\"3\" src=\"https:\/\/www.europesays.com\/lt\/wp-content\/uploads\/2026\/01\/1e25a342ca1b03b7b123155256cd4b10.jpg\" title=\"Pravieni\u0161ki\u0173 1-asis kal\u0117jimas, TOG skyrius Aleksandras Savickis\/Fotodiena\" loading=\"lazy\" \/> <\/a> <\/p>\n<p>Pravieni\u0161ki\u0173 1-asis kal\u0117jimas, TOG skyrius Aleksandras Savickis\/Fotodiena<\/p>\n<p>  <a itemprop=\"contentUrl\" data-size=\"0x0\" href=\"#gid=103453&amp;pid=4\" data-href=\"https:\/\/static4.inspektorius.lt\/usi\/800x600\/2\/f7\/08\/0e\/f7080eb94bb275529197e3d8eb428787.jpg?v=4.2.7.308&amp;t=cr&amp;s=800x600&amp;m=2&amp;f=\/Uploads\/UGallery\/photos\/8c\/de\/32\/c6\/8cde32c6b80263f2f0072b1a9cd72d83.jpg\" rel=\"nofollow\" target=\"_blank\"><img decoding=\"async\" itemprop=\"thumbnail\" class=\"newsPhoto300 portrait\" id=\"imgid-103453-2212448\" alt=\"4\" src=\"https:\/\/www.europesays.com\/lt\/wp-content\/uploads\/2026\/01\/8cde32c6b80263f2f0072b1a9cd72d83.jpg\" title=\"Pravieni\u0161ki\u0173 1-asis kal\u0117jimas, TOG skyrius Aleksandras Savickis\/Fotodiena\" loading=\"lazy\" \/> <\/a> <\/p>\n<p>Pravieni\u0161ki\u0173 1-asis kal\u0117jimas, TOG skyrius Aleksandras Savickis\/Fotodiena<\/p>\n<p>  <a itemprop=\"contentUrl\" data-size=\"0x0\" href=\"#gid=103453&amp;pid=5\" data-href=\"https:\/\/static4.inspektorius.lt\/usi\/800x600\/2\/2d\/83\/0c\/2d830c6afa22574a7bfa1783767cb7d7.jpg?v=4.2.7.308&amp;t=cr&amp;s=800x600&amp;m=2&amp;f=\/Uploads\/UGallery\/photos\/3a\/98\/61\/9a\/3a98619ab1ad485d453f45c4d62e2aed.jpg\" rel=\"nofollow\" target=\"_blank\"><img decoding=\"async\" itemprop=\"thumbnail\" class=\"newsPhoto300 portrait\" id=\"imgid-103453-2212449\" alt=\"5\" src=\"https:\/\/www.europesays.com\/lt\/wp-content\/uploads\/2026\/01\/3a98619ab1ad485d453f45c4d62e2aed.jpg\" title=\"Pravieni\u0161ki\u0173 1-asis kal\u0117jimas, TOG skyrius Aleksandras Savickis\/Fotodiena\" loading=\"lazy\" \/> <\/a> <\/p>\n<p>Pravieni\u0161ki\u0173 1-asis kal\u0117jimas, TOG skyrius Aleksandras Savickis\/Fotodiena<\/p>\n<p>  <a itemprop=\"contentUrl\" data-size=\"0x0\" href=\"#gid=103453&amp;pid=6\" data-href=\"https:\/\/static4.inspektorius.lt\/usi\/800x600\/2\/db\/f5\/bd\/dbf5bdd164ae638af24b58ea23b5ce35.jpg?v=4.2.7.308&amp;t=cr&amp;s=800x600&amp;m=2&amp;f=\/Uploads\/UGallery\/photos\/ec\/09\/38\/bb\/ec0938bb0ef7d34ccd6119ce7d75335f.jpg\" rel=\"nofollow\" target=\"_blank\"><img decoding=\"async\" itemprop=\"thumbnail\" class=\"newsPhoto300 portrait\" id=\"imgid-103453-2212450\" alt=\"6\" src=\"https:\/\/www.europesays.com\/lt\/wp-content\/uploads\/2026\/01\/ec0938bb0ef7d34ccd6119ce7d75335f.jpg\" title=\"Pravieni\u0161ki\u0173 1-asis kal\u0117jimas, TOG skyrius Aleksandras Savickis\/Fotodiena\" loading=\"lazy\" \/> <\/a> <\/p>\n<p>Pravieni\u0161ki\u0173 1-asis kal\u0117jimas, TOG skyrius Aleksandras Savickis\/Fotodiena<\/p>\n<p>  <a itemprop=\"contentUrl\" data-size=\"0x0\" href=\"#gid=103453&amp;pid=7\" data-href=\"https:\/\/static4.inspektorius.lt\/usi\/800x600\/2\/d2\/c3\/41\/d2c341225a94ce1fba21e27f00588005.jpg?v=4.2.7.308&amp;t=cr&amp;s=800x600&amp;m=2&amp;f=\/Uploads\/UGallery\/photos\/ee\/a9\/2f\/4b\/eea92f4b6f594baeeec6e375227cd429.jpg\" rel=\"nofollow\" target=\"_blank\"><img decoding=\"async\" itemprop=\"thumbnail\" class=\"newsPhoto300 portrait\" id=\"imgid-103453-2212451\" alt=\"7\" src=\"https:\/\/www.europesays.com\/lt\/wp-content\/uploads\/2026\/01\/eea92f4b6f594baeeec6e375227cd429.jpg\" title=\"Pravieni\u0161ki\u0173 1-asis kal\u0117jimas, TOG skyrius Aleksandras Savickis\/Fotodiena\" loading=\"lazy\" \/> <\/a> <\/p>\n<p>Pravieni\u0161ki\u0173 1-asis kal\u0117jimas, TOG skyrius Aleksandras Savickis\/Fotodiena<\/p>\n<p>  <a itemprop=\"contentUrl\" data-size=\"0x0\" href=\"#gid=103453&amp;pid=8\" data-href=\"https:\/\/static4.inspektorius.lt\/usi\/800x600\/2\/3a\/b8\/f3\/3ab8f36941530501a72e14e54a687747.jpg?v=4.2.7.308&amp;t=cr&amp;s=800x600&amp;m=2&amp;f=\/Uploads\/UGallery\/photos\/55\/51\/2a\/2b\/55512a2b963b08c33796904665c5127a.jpg\" rel=\"nofollow\" target=\"_blank\"><img decoding=\"async\" itemprop=\"thumbnail\" class=\"newsPhoto300 portrait\" id=\"imgid-103453-2212452\" alt=\"8\" src=\"https:\/\/www.europesays.com\/lt\/wp-content\/uploads\/2026\/01\/55512a2b963b08c33796904665c5127a.jpg\" title=\"Pravieni\u0161ki\u0173 1-asis kal\u0117jimas, TOG skyrius Aleksandras Savickis\/Fotodiena\" loading=\"lazy\" \/> <\/a> <\/p>\n<p>Pravieni\u0161ki\u0173 1-asis kal\u0117jimas, TOG skyrius Aleksandras Savickis\/Fotodiena<\/p>\n<p>  <a itemprop=\"contentUrl\" data-size=\"0x0\" href=\"#gid=103453&amp;pid=9\" data-href=\"https:\/\/static4.inspektorius.lt\/usi\/800x600\/2\/9b\/20\/f4\/9b20f41976de7207af65ecb1ad9942c1.jpg?v=4.2.7.308&amp;t=cr&amp;s=800x600&amp;m=2&amp;f=\/Uploads\/UGallery\/photos\/c6\/36\/08\/2e\/c636082e21faf00ef5520b16f9d4e4cc.jpg\" rel=\"nofollow\" target=\"_blank\"><img decoding=\"async\" itemprop=\"thumbnail\" class=\"newsPhoto300 portrait\" id=\"imgid-103453-2212453\" alt=\"9\" src=\"https:\/\/www.europesays.com\/lt\/wp-content\/uploads\/2026\/01\/c636082e21faf00ef5520b16f9d4e4cc.jpg\" title=\"Pravieni\u0161ki\u0173 1-asis kal\u0117jimas, TOG skyrius Aleksandras Savickis\/Fotodiena\" loading=\"lazy\" \/> <\/a> <\/p>\n<p>Pravieni\u0161ki\u0173 1-asis kal\u0117jimas, TOG skyrius Aleksandras Savickis\/Fotodiena<\/p>\n<p>  <a itemprop=\"contentUrl\" data-size=\"0x0\" href=\"#gid=103453&amp;pid=10\" data-href=\"https:\/\/static4.inspektorius.lt\/usi\/800x600\/2\/8f\/b7\/b2\/8fb7b2f2851b3dc714cd3ea0e378123c.jpg?v=4.2.7.308&amp;t=cr&amp;s=800x600&amp;m=2&amp;f=\/Uploads\/UGallery\/photos\/56\/46\/b4\/cf\/5646b4cfc4722f5f434a064c5f435e15.jpg\" rel=\"nofollow\" target=\"_blank\"><img decoding=\"async\" itemprop=\"thumbnail\" class=\"newsPhoto300 portrait\" id=\"imgid-103453-2212454\" alt=\"10\" src=\"https:\/\/www.europesays.com\/lt\/wp-content\/uploads\/2026\/01\/5646b4cfc4722f5f434a064c5f435e15.jpg\" title=\"Pravieni\u0161ki\u0173 1-asis kal\u0117jimas, TOG skyrius Aleksandras Savickis\/Fotodiena\" loading=\"lazy\" \/> <\/a> <\/p>\n<p>Pravieni\u0161ki\u0173 1-asis kal\u0117jimas, TOG skyrius Aleksandras Savickis\/Fotodiena<\/p>\n<p>  <a itemprop=\"contentUrl\" data-size=\"0x0\" href=\"#gid=103453&amp;pid=11\" data-href=\"https:\/\/static4.inspektorius.lt\/usi\/800x600\/2\/f9\/76\/dc\/f976dcc4a430afdafe13adfbaf04ad56.jpg?v=4.2.7.308&amp;t=cr&amp;s=800x600&amp;m=2&amp;f=\/Uploads\/UGallery\/photos\/18\/48\/c9\/9f\/1848c99f3ea4c0bf516f4909210ca9f3.jpg\" rel=\"nofollow\" target=\"_blank\"><img decoding=\"async\" itemprop=\"thumbnail\" class=\"newsPhoto300 portrait\" id=\"imgid-103453-2212455\" alt=\"11\" src=\"https:\/\/www.europesays.com\/lt\/wp-content\/uploads\/2026\/01\/1848c99f3ea4c0bf516f4909210ca9f3.jpg\" title=\"Pravieni\u0161ki\u0173 1-asis kal\u0117jimas, TOG skyrius Aleksandras Savickis\/Fotodiena\" loading=\"lazy\" \/> <\/a> <\/p>\n<p>Pravieni\u0161ki\u0173 1-asis kal\u0117jimas, TOG skyrius Aleksandras Savickis\/Fotodiena<\/p>\n<p>  <a itemprop=\"contentUrl\" data-size=\"0x0\" href=\"#gid=103453&amp;pid=12\" data-href=\"https:\/\/static4.inspektorius.lt\/usi\/800x600\/2\/74\/3f\/2b\/743f2b93198d623514814365ec0187f4.jpg?v=4.2.7.308&amp;t=cr&amp;s=800x600&amp;m=2&amp;f=\/Uploads\/UGallery\/photos\/07\/6c\/13\/71\/076c13714efd469167b14b4124539a41.jpg\" rel=\"nofollow\" target=\"_blank\"><img decoding=\"async\" itemprop=\"thumbnail\" class=\"newsPhoto300 portrait\" id=\"imgid-103453-2212456\" alt=\"12\" src=\"https:\/\/www.europesays.com\/lt\/wp-content\/uploads\/2026\/01\/076c13714efd469167b14b4124539a41.jpg\" title=\"Pravieni\u0161ki\u0173 1-asis kal\u0117jimas, TOG skyrius Aleksandras Savickis\/Fotodiena\" loading=\"lazy\" \/> <\/a> <\/p>\n<p>Pravieni\u0161ki\u0173 1-asis kal\u0117jimas, TOG skyrius Aleksandras Savickis\/Fotodiena<\/p>\n<p>  <a itemprop=\"contentUrl\" data-size=\"0x0\" href=\"#gid=103453&amp;pid=13\" data-href=\"https:\/\/static4.inspektorius.lt\/usi\/800x600\/2\/0c\/a1\/4f\/0ca14fa199d5bc9b9312bbb52e47c72b.jpg?v=4.2.7.308&amp;t=cr&amp;s=800x600&amp;m=2&amp;f=\/Uploads\/UGallery\/photos\/5e\/b5\/dc\/1d\/5eb5dc1dfb653b2c687dc8ac4453a9fc.jpg\" rel=\"nofollow\" target=\"_blank\"><img decoding=\"async\" itemprop=\"thumbnail\" class=\"newsPhoto300 portrait\" id=\"imgid-103453-2212457\" alt=\"13\" src=\"https:\/\/www.europesays.com\/lt\/wp-content\/uploads\/2026\/01\/5eb5dc1dfb653b2c687dc8ac4453a9fc.jpg\" title=\"Pravieni\u0161ki\u0173 1-asis kal\u0117jimas, TOG skyrius Aleksandras Savickis\/Fotodiena\" loading=\"lazy\" \/> <\/a> <\/p>\n<p>Pravieni\u0161ki\u0173 1-asis kal\u0117jimas, TOG skyrius Aleksandras Savickis\/Fotodiena<\/p>\n<p>  <a itemprop=\"contentUrl\" data-size=\"0x0\" href=\"#gid=103453&amp;pid=14\" data-href=\"https:\/\/static4.inspektorius.lt\/usi\/800x600\/2\/dc\/79\/84\/dc7984a82395be1f324d43eb4e1cdd97.jpg?v=4.2.7.308&amp;t=cr&amp;s=800x600&amp;m=2&amp;f=\/Uploads\/UGallery\/photos\/df\/00\/36\/42\/df003642384033414247a560af66d07e.jpg\" rel=\"nofollow\" target=\"_blank\"><img decoding=\"async\" itemprop=\"thumbnail\" class=\"newsPhoto300 portrait\" id=\"imgid-103453-2212458\" alt=\"14\" src=\"https:\/\/www.europesays.com\/lt\/wp-content\/uploads\/2026\/01\/df003642384033414247a560af66d07e.jpg\" title=\"Pravieni\u0161ki\u0173 1-asis kal\u0117jimas, TOG skyrius Aleksandras Savickis\/Fotodiena\" loading=\"lazy\" \/> <\/a> <\/p>\n<p>Pravieni\u0161ki\u0173 1-asis kal\u0117jimas, TOG skyrius Aleksandras Savickis\/Fotodiena<\/p>\n<p>  <a itemprop=\"contentUrl\" data-size=\"0x0\" href=\"#gid=103453&amp;pid=15\" data-href=\"https:\/\/static4.inspektorius.lt\/usi\/800x600\/2\/c6\/6e\/f0\/c66ef03674bcc18c1912b6018a19743c.jpg?v=4.2.7.308&amp;t=cr&amp;s=800x600&amp;m=2&amp;f=\/Uploads\/UGallery\/photos\/89\/16\/90\/bb\/891690bba44c0e0c85f6b9409be38fa7.jpg\" rel=\"nofollow\" target=\"_blank\"><img decoding=\"async\" itemprop=\"thumbnail\" class=\"newsPhoto300 portrait\" id=\"imgid-103453-2212459\" alt=\"15\" src=\"https:\/\/www.europesays.com\/lt\/wp-content\/uploads\/2026\/01\/891690bba44c0e0c85f6b9409be38fa7.jpg\" title=\"Pravieni\u0161ki\u0173 1-asis kal\u0117jimas, TOG skyrius Aleksandras Savickis\/Fotodiena\" loading=\"lazy\" \/> <\/a> <\/p>\n<p>Pravieni\u0161ki\u0173 1-asis kal\u0117jimas, TOG skyrius Aleksandras Savickis\/Fotodiena<\/p>\n<p>  <a itemprop=\"contentUrl\" data-size=\"0x0\" href=\"#gid=103453&amp;pid=16\" data-href=\"https:\/\/static4.inspektorius.lt\/usi\/800x600\/2\/3b\/24\/af\/3b24af26bd485b78d15d3ed60b7a287f.jpg?v=4.2.7.308&amp;t=cr&amp;s=800x600&amp;m=2&amp;f=\/Uploads\/UGallery\/photos\/fd\/7e\/34\/0d\/fd7e340d3839d6df961a9b3af14d861a.jpg\" rel=\"nofollow\" target=\"_blank\"><img decoding=\"async\" itemprop=\"thumbnail\" class=\"newsPhoto300 portrait\" id=\"imgid-103453-2212460\" alt=\"16\" src=\"https:\/\/www.europesays.com\/lt\/wp-content\/uploads\/2026\/01\/fd7e340d3839d6df961a9b3af14d861a.jpg\" title=\"Pravieni\u0161ki\u0173 1-asis kal\u0117jimas, TOG skyrius Aleksandras Savickis\/Fotodiena\" loading=\"lazy\" \/> <\/a> <\/p>\n<p>Pravieni\u0161ki\u0173 1-asis kal\u0117jimas, TOG skyrius Aleksandras Savickis\/Fotodiena<\/p>\n<p>  <a itemprop=\"contentUrl\" data-size=\"0x0\" href=\"#gid=103453&amp;pid=17\" data-href=\"https:\/\/static4.inspektorius.lt\/usi\/800x600\/2\/67\/fa\/09\/67fa09b628fc7399cdb409d42ee5aab8.jpg?v=4.2.7.308&amp;t=cr&amp;s=800x600&amp;m=2&amp;f=\/Uploads\/UGallery\/photos\/60\/46\/59\/0b\/6046590be2442204c222d69fd9e0f05d.jpg\" rel=\"nofollow\" target=\"_blank\"><img decoding=\"async\" itemprop=\"thumbnail\" class=\"newsPhoto300 portrait\" id=\"imgid-103453-2212461\" alt=\"17\" src=\"https:\/\/www.europesays.com\/lt\/wp-content\/uploads\/2026\/01\/6046590be2442204c222d69fd9e0f05d.jpg\" title=\"Pravieni\u0161ki\u0173 1-asis kal\u0117jimas, TOG skyrius Aleksandras Savickis\/Fotodiena\" loading=\"lazy\" \/> <\/a> <\/p>\n<p>Pravieni\u0161ki\u0173 1-asis kal\u0117jimas, TOG skyrius Aleksandras Savickis\/Fotodiena<\/p>\n<p>  <a itemprop=\"contentUrl\" data-size=\"0x0\" href=\"#gid=103453&amp;pid=18\" data-href=\"https:\/\/static4.inspektorius.lt\/usi\/800x600\/2\/37\/d3\/c1\/37d3c17b60a5c1146df66feea89d0351.jpg?v=4.2.7.308&amp;t=cr&amp;s=800x600&amp;m=2&amp;f=\/Uploads\/UGallery\/photos\/dc\/76\/4d\/9f\/dc764d9f936c457bd05839d1e90d6679.jpg\" rel=\"nofollow\" target=\"_blank\"><img decoding=\"async\" itemprop=\"thumbnail\" class=\"newsPhoto300 portrait\" id=\"imgid-103453-2212463\" alt=\"18\" src=\"https:\/\/www.europesays.com\/lt\/wp-content\/uploads\/2026\/01\/dc764d9f936c457bd05839d1e90d6679.jpg\" title=\"Pravieni\u0161ki\u0173 1-asis kal\u0117jimas, TOG skyrius Aleksandras Savickis\/Fotodiena\" loading=\"lazy\" \/> <\/a> <\/p>\n<p>Pravieni\u0161ki\u0173 1-asis kal\u0117jimas, TOG skyrius Aleksandras Savickis\/Fotodiena<\/p>\n<p>  <a itemprop=\"contentUrl\" data-size=\"0x0\" href=\"#gid=103453&amp;pid=19\" data-href=\"https:\/\/static4.inspektorius.lt\/usi\/800x600\/2\/22\/9a\/3c\/229a3c653062481297f80c311a09199a.jpg?v=4.2.7.308&amp;t=cr&amp;s=800x600&amp;m=2&amp;f=\/Uploads\/UGallery\/photos\/26\/95\/74\/81\/26957481fe3a7cfc02224b51f9940acf.jpg\" rel=\"nofollow\" target=\"_blank\"><img decoding=\"async\" itemprop=\"thumbnail\" class=\"newsPhoto300 portrait\" id=\"imgid-103453-2212464\" alt=\"19\" src=\"https:\/\/www.europesays.com\/lt\/wp-content\/uploads\/2026\/01\/26957481fe3a7cfc02224b51f9940acf.jpg\" title=\"Pravieni\u0161ki\u0173 1-asis kal\u0117jimas, TOG skyrius Aleksandras Savickis\/Fotodiena\" loading=\"lazy\" \/> <\/a> <\/p>\n<p>Pravieni\u0161ki\u0173 1-asis kal\u0117jimas, TOG skyrius Aleksandras Savickis\/Fotodiena<\/p>\n<p>  <a itemprop=\"contentUrl\" data-size=\"0x0\" href=\"#gid=103453&amp;pid=20\" data-href=\"https:\/\/static4.inspektorius.lt\/usi\/800x600\/2\/fe\/a0\/c8\/fea0c8e70601c6ae12df611dc3ffaec1.jpg?v=4.2.7.308&amp;t=cr&amp;s=800x600&amp;m=2&amp;f=\/Uploads\/UGallery\/photos\/3d\/68\/fb\/b0\/3d68fbb0a306a20c70c46e995ac3dfd4.jpg\" rel=\"nofollow\" target=\"_blank\"><img decoding=\"async\" itemprop=\"thumbnail\" class=\"newsPhoto300 portrait\" id=\"imgid-103453-2212465\" alt=\"20\" src=\"https:\/\/www.europesays.com\/lt\/wp-content\/uploads\/2026\/01\/3d68fbb0a306a20c70c46e995ac3dfd4.jpg\" title=\"Pravieni\u0161ki\u0173 1-asis kal\u0117jimas, TOG skyrius Aleksandras Savickis\/Fotodiena\" loading=\"lazy\" \/> <\/a> <\/p>\n<p>Pravieni\u0161ki\u0173 1-asis kal\u0117jimas, TOG skyrius Aleksandras Savickis\/Fotodiena<\/p>\n<p>  <a itemprop=\"contentUrl\" data-size=\"0x0\" href=\"#gid=103453&amp;pid=21\" data-href=\"https:\/\/static4.inspektorius.lt\/usi\/800x600\/2\/d1\/ad\/96\/d1ad96c6baac19f24d20f4aeedc2424a.jpg?v=4.2.7.308&amp;t=cr&amp;s=800x600&amp;m=2&amp;f=\/Uploads\/UGallery\/photos\/37\/0e\/f3\/89\/370ef3897d0d85584665749e8281fbf1.jpg\" rel=\"nofollow\" target=\"_blank\"><img decoding=\"async\" itemprop=\"thumbnail\" class=\"newsPhoto300 portrait\" id=\"imgid-103453-2212466\" alt=\"21\" src=\"https:\/\/www.europesays.com\/lt\/wp-content\/uploads\/2026\/01\/370ef3897d0d85584665749e8281fbf1.jpg\" title=\"Pravieni\u0161ki\u0173 1-asis kal\u0117jimas, TOG skyrius Aleksandras Savickis\/Fotodiena\" loading=\"lazy\" \/> <\/a> <\/p>\n<p>Pravieni\u0161ki\u0173 1-asis kal\u0117jimas, TOG skyrius Aleksandras Savickis\/Fotodiena<\/p>\n<p>  <a itemprop=\"contentUrl\" data-size=\"0x0\" href=\"#gid=103453&amp;pid=22\" data-href=\"https:\/\/static4.inspektorius.lt\/usi\/800x600\/2\/9b\/a3\/23\/9ba323d03a33c81c046021f083b6793b.jpg?v=4.2.7.308&amp;t=cr&amp;s=800x600&amp;m=2&amp;f=\/Uploads\/UGallery\/photos\/d4\/ca\/33\/51\/d4ca3351b22d332eccd3618e65691bcf.jpg\" rel=\"nofollow\" target=\"_blank\"><img decoding=\"async\" itemprop=\"thumbnail\" class=\"newsPhoto300 portrait\" id=\"imgid-103453-2212467\" alt=\"22\" src=\"https:\/\/www.europesays.com\/lt\/wp-content\/uploads\/2026\/01\/d4ca3351b22d332eccd3618e65691bcf.jpg\" title=\"Pravieni\u0161ki\u0173 1-asis kal\u0117jimas, TOG skyrius Aleksandras Savickis\/Fotodiena\" loading=\"lazy\" \/> <\/a> <\/p>\n<p>Pravieni\u0161ki\u0173 1-asis kal\u0117jimas, TOG skyrius Aleksandras Savickis\/Fotodiena<\/p>\n<p>  <a itemprop=\"contentUrl\" data-size=\"0x0\" href=\"#gid=103453&amp;pid=23\" data-href=\"https:\/\/static4.inspektorius.lt\/usi\/800x600\/2\/f5\/1a\/93\/f51a934a9c4d65cce52dd854598301ac.jpg?v=4.2.7.308&amp;t=cr&amp;s=800x600&amp;m=2&amp;f=\/Uploads\/UGallery\/photos\/31\/73\/15\/2b\/3173152b2a66ad747ad6184a7d5fcaac.jpg\" rel=\"nofollow\" target=\"_blank\"><img decoding=\"async\" itemprop=\"thumbnail\" class=\"newsPhoto300 portrait\" id=\"imgid-103453-2212468\" alt=\"23\" src=\"https:\/\/www.europesays.com\/lt\/wp-content\/uploads\/2026\/01\/3173152b2a66ad747ad6184a7d5fcaac.jpg\" title=\"Pravieni\u0161ki\u0173 1-asis kal\u0117jimas, TOG skyrius Aleksandras Savickis\/Fotodiena\" loading=\"lazy\" \/> <\/a> <\/p>\n<p>Pravieni\u0161ki\u0173 1-asis kal\u0117jimas, TOG skyrius Aleksandras Savickis\/Fotodiena<\/p>\n<p>  <a itemprop=\"contentUrl\" data-size=\"0x0\" href=\"#gid=103453&amp;pid=24\" data-href=\"https:\/\/static4.inspektorius.lt\/usi\/800x600\/2\/69\/ba\/d8\/69bad8abea462ea71acdf01c6ac2398d.jpg?v=4.2.7.308&amp;t=cr&amp;s=800x600&amp;m=2&amp;f=\/Uploads\/UGallery\/photos\/f7\/d6\/1e\/b3\/f7d61eb3462b68e58b115016110e55f4.jpg\" rel=\"nofollow\" target=\"_blank\"><img decoding=\"async\" itemprop=\"thumbnail\" class=\"newsPhoto300 portrait\" id=\"imgid-103453-2212469\" alt=\"24\" src=\"https:\/\/www.europesays.com\/lt\/wp-content\/uploads\/2026\/01\/f7d61eb3462b68e58b115016110e55f4.jpg\" title=\"Pravieni\u0161ki\u0173 1-asis kal\u0117jimas, TOG skyrius Aleksandras Savickis\/Fotodiena\" loading=\"lazy\" \/> <\/a> <\/p>\n<p>Pravieni\u0161ki\u0173 1-asis kal\u0117jimas, TOG skyrius Aleksandras Savickis\/Fotodiena<\/p>\n<p>  <a itemprop=\"contentUrl\" data-size=\"0x0\" href=\"#gid=103453&amp;pid=25\" data-href=\"https:\/\/static4.inspektorius.lt\/usi\/800x600\/2\/61\/b9\/53\/61b953d6ee9d1448b8f1966ec1747008.jpg?v=4.2.7.308&amp;t=cr&amp;s=800x600&amp;m=2&amp;f=\/Uploads\/UGallery\/photos\/05\/36\/a9\/d1\/0536a9d1580eeed75ac310020aca23bf.jpg\" rel=\"nofollow\" target=\"_blank\"><img decoding=\"async\" itemprop=\"thumbnail\" class=\"newsPhoto300 portrait\" id=\"imgid-103453-2212470\" alt=\"25\" src=\"https:\/\/www.europesays.com\/lt\/wp-content\/uploads\/2026\/01\/0536a9d1580eeed75ac310020aca23bf.jpg\" title=\"Pravieni\u0161ki\u0173 1-asis kal\u0117jimas, TOG skyrius Aleksandras Savickis\/Fotodiena\" loading=\"lazy\" \/> <\/a> <\/p>\n<p>Pravieni\u0161ki\u0173 1-asis kal\u0117jimas, TOG skyrius Aleksandras Savickis\/Fotodiena<\/p>\n<p>  <a itemprop=\"contentUrl\" data-size=\"0x0\" href=\"#gid=103453&amp;pid=26\" data-href=\"https:\/\/static4.inspektorius.lt\/usi\/800x600\/2\/6c\/c9\/67\/6cc9673a3cc71e4381bc16d3ba465f31.jpg?v=4.2.7.308&amp;t=cr&amp;s=800x600&amp;m=2&amp;f=\/Uploads\/UGallery\/photos\/12\/2d\/88\/0e\/122d880e548d3170c5d34688201b72be.jpg\" rel=\"nofollow\" target=\"_blank\"><img decoding=\"async\" itemprop=\"thumbnail\" class=\"newsPhoto300 portrait\" id=\"imgid-103453-2212471\" alt=\"26\" src=\"https:\/\/www.europesays.com\/lt\/wp-content\/uploads\/2026\/01\/122d880e548d3170c5d34688201b72be.jpg\" title=\"Pravieni\u0161ki\u0173 1-asis kal\u0117jimas, TOG skyrius Aleksandras Savickis\/Fotodiena\" loading=\"lazy\" \/> <\/a> <\/p>\n<p>Pravieni\u0161ki\u0173 1-asis kal\u0117jimas, TOG skyrius Aleksandras Savickis\/Fotodiena<\/p>\n<p>  <a itemprop=\"contentUrl\" data-size=\"0x0\" href=\"#gid=103453&amp;pid=27\" data-href=\"https:\/\/static4.inspektorius.lt\/usi\/800x600\/2\/82\/1c\/ce\/821cceec3a437035b0f345c2688cbe85.jpg?v=4.2.7.308&amp;t=cr&amp;s=800x600&amp;m=2&amp;f=\/Uploads\/UGallery\/photos\/01\/f5\/46\/d7\/01f546d7320fc7ecf7c0e6fa1806457d.jpg\" rel=\"nofollow\" target=\"_blank\"><img decoding=\"async\" itemprop=\"thumbnail\" class=\"newsPhoto300 portrait\" id=\"imgid-103453-2212472\" alt=\"27\" src=\"https:\/\/www.europesays.com\/lt\/wp-content\/uploads\/2026\/01\/01f546d7320fc7ecf7c0e6fa1806457d.jpg\" title=\"Pravieni\u0161ki\u0173 1-asis kal\u0117jimas, TOG skyrius Aleksandras Savickis\/Fotodiena\" loading=\"lazy\" \/> <\/a> <\/p>\n<p>Pravieni\u0161ki\u0173 1-asis kal\u0117jimas, TOG skyrius Aleksandras Savickis\/Fotodiena<\/p>\n<p>  <a itemprop=\"contentUrl\" data-size=\"0x0\" href=\"#gid=103453&amp;pid=28\" data-href=\"https:\/\/static4.inspektorius.lt\/usi\/800x600\/2\/16\/6e\/e8\/166ee8ff1da395650459e280e7528832.jpg?v=4.2.7.308&amp;t=cr&amp;s=800x600&amp;m=2&amp;f=\/Uploads\/UGallery\/photos\/5a\/3a\/55\/fb\/5a3a55fb6fbaee46496a673c4ca20554.jpg\" rel=\"nofollow\" target=\"_blank\"><img decoding=\"async\" itemprop=\"thumbnail\" class=\"newsPhoto300 portrait\" id=\"imgid-103453-2212474\" alt=\"28\" src=\"https:\/\/www.europesays.com\/lt\/wp-content\/uploads\/2026\/01\/5a3a55fb6fbaee46496a673c4ca20554.jpg\" title=\"Pravieni\u0161ki\u0173 1-asis kal\u0117jimas, TOG skyrius Aleksandras Savickis\/Fotodiena\" loading=\"lazy\" \/> <\/a> <\/p>\n<p>Pravieni\u0161ki\u0173 1-asis kal\u0117jimas, TOG skyrius Aleksandras Savickis\/Fotodiena<\/p>\n<p>  <a itemprop=\"contentUrl\" data-size=\"0x0\" href=\"#gid=103453&amp;pid=29\" data-href=\"https:\/\/static4.inspektorius.lt\/usi\/800x600\/2\/b6\/0e\/e0\/b60ee0a9cd907070197752cf1a6234bd.jpg?v=4.2.7.308&amp;t=cr&amp;s=800x600&amp;m=2&amp;f=\/Uploads\/UGallery\/photos\/d2\/16\/28\/c7\/d21628c709ae7914a859a59b60471d7f.jpg\" rel=\"nofollow\" target=\"_blank\"><img decoding=\"async\" itemprop=\"thumbnail\" class=\"newsPhoto300 portrait\" id=\"imgid-103453-2212475\" alt=\"29\" src=\"https:\/\/www.europesays.com\/lt\/wp-content\/uploads\/2026\/01\/d21628c709ae7914a859a59b60471d7f.jpg\" title=\"Pravieni\u0161ki\u0173 1-asis kal\u0117jimas, TOG skyrius Aleksandras Savickis\/Fotodiena\" loading=\"lazy\" \/> <\/a> <\/p>\n<p>Pravieni\u0161ki\u0173 1-asis kal\u0117jimas, TOG skyrius Aleksandras Savickis\/Fotodiena<\/p>\n<p>  <a itemprop=\"contentUrl\" data-size=\"0x0\" href=\"#gid=103453&amp;pid=30\" data-href=\"https:\/\/static4.inspektorius.lt\/usi\/800x600\/2\/dd\/50\/17\/dd5017130558596c302b98487d066ce5.jpg?v=4.2.7.308&amp;t=cr&amp;s=800x600&amp;m=2&amp;f=\/Uploads\/UGallery\/photos\/d0\/75\/3d\/bb\/d0753dbbc0543fda46ad92f63cb993c8.jpg\" rel=\"nofollow\" target=\"_blank\"><img decoding=\"async\" itemprop=\"thumbnail\" class=\"newsPhoto300 portrait\" id=\"imgid-103453-2212476\" alt=\"30\" src=\"https:\/\/www.europesays.com\/lt\/wp-content\/uploads\/2026\/01\/d0753dbbc0543fda46ad92f63cb993c8.jpg\" title=\"Pravieni\u0161ki\u0173 1-asis kal\u0117jimas, TOG skyrius Aleksandras Savickis\/Fotodiena\" loading=\"lazy\" \/> <\/a> <\/p>\n<p>Pravieni\u0161ki\u0173 1-asis kal\u0117jimas, TOG skyrius Aleksandras Savickis\/Fotodiena<\/p>\n<p>  <a itemprop=\"contentUrl\" data-size=\"0x0\" href=\"#gid=103453&amp;pid=31\" data-href=\"https:\/\/static4.inspektorius.lt\/usi\/800x600\/2\/34\/43\/ae\/3443aef82cd8113bfd66271a9535d9a5.jpg?v=4.2.7.308&amp;t=cr&amp;s=800x600&amp;m=2&amp;f=\/Uploads\/UGallery\/photos\/46\/02\/f9\/81\/4602f981f701a4da532ef4eee08fd9f8.jpg\" rel=\"nofollow\" target=\"_blank\"><img decoding=\"async\" itemprop=\"thumbnail\" class=\"newsPhoto300 portrait\" id=\"imgid-103453-2212478\" alt=\"31\" src=\"https:\/\/www.europesays.com\/lt\/wp-content\/uploads\/2026\/01\/4602f981f701a4da532ef4eee08fd9f8.jpg\" title=\"Pravieni\u0161ki\u0173 1-asis kal\u0117jimas, TOG skyrius Aleksandras Savickis\/Fotodiena\" loading=\"lazy\" \/> <\/a> <\/p>\n<p>Pravieni\u0161ki\u0173 1-asis kal\u0117jimas, TOG skyrius Aleksandras Savickis\/Fotodiena<\/p>\n<p>  <a itemprop=\"contentUrl\" data-size=\"0x0\" href=\"#gid=103453&amp;pid=32\" data-href=\"https:\/\/static4.inspektorius.lt\/usi\/800x600\/2\/4d\/61\/0c\/4d610cd58720e427d8e3fee21887a8c2.jpg?v=4.2.7.308&amp;t=cr&amp;s=800x600&amp;m=2&amp;f=\/Uploads\/UGallery\/photos\/80\/70\/94\/3c\/8070943c2e8d39cef5a433b591bfc557.jpg\" rel=\"nofollow\" target=\"_blank\"><img decoding=\"async\" itemprop=\"thumbnail\" class=\"newsPhoto300 portrait\" id=\"imgid-103453-2212479\" alt=\"32\" src=\"https:\/\/www.europesays.com\/lt\/wp-content\/uploads\/2026\/01\/8070943c2e8d39cef5a433b591bfc557.jpg\" title=\"Pravieni\u0161ki\u0173 1-asis kal\u0117jimas, TOG skyrius Aleksandras Savickis\/Fotodiena\" loading=\"lazy\" \/> <\/a> <\/p>\n<p>Pravieni\u0161ki\u0173 1-asis kal\u0117jimas, TOG skyrius Aleksandras Savickis\/Fotodiena<\/p>\n<p>  <a itemprop=\"contentUrl\" data-size=\"0x0\" href=\"#gid=103453&amp;pid=33\" data-href=\"https:\/\/static4.inspektorius.lt\/usi\/800x600\/2\/80\/fa\/d0\/80fad0dcfe1ad509d364ca6b0074ea1f.jpg?v=4.2.7.308&amp;t=cr&amp;s=800x600&amp;m=2&amp;f=\/Uploads\/UGallery\/photos\/36\/3c\/ec\/c6\/363cecc6694e443ee8d3e559cba1b014.jpg\" rel=\"nofollow\" target=\"_blank\"><img decoding=\"async\" itemprop=\"thumbnail\" class=\"newsPhoto300 portrait\" id=\"imgid-103453-2212480\" alt=\"33\" src=\"https:\/\/www.europesays.com\/lt\/wp-content\/uploads\/2026\/01\/363cecc6694e443ee8d3e559cba1b014.jpg\" title=\"Pravieni\u0161ki\u0173 1-asis kal\u0117jimas, TOG skyrius Aleksandras Savickis\/Fotodiena\" loading=\"lazy\" \/> <\/a> <\/p>\n<p>Pravieni\u0161ki\u0173 1-asis kal\u0117jimas, TOG skyrius Aleksandras Savickis\/Fotodiena<\/p>\n<p>  <a itemprop=\"contentUrl\" data-size=\"0x0\" href=\"#gid=103453&amp;pid=34\" data-href=\"https:\/\/static4.inspektorius.lt\/usi\/800x600\/2\/1a\/f3\/98\/1af3988e76416b879b23ec0d3b8ad43e.jpg?v=4.2.7.308&amp;t=cr&amp;s=800x600&amp;m=2&amp;f=\/Uploads\/UGallery\/photos\/f2\/d9\/0e\/46\/f2d90e46b040fc9ea2ac865c367a248c.jpg\" rel=\"nofollow\" target=\"_blank\"><img decoding=\"async\" itemprop=\"thumbnail\" class=\"newsPhoto300 portrait\" id=\"imgid-103453-2212481\" alt=\"34\" src=\"https:\/\/www.europesays.com\/lt\/wp-content\/uploads\/2026\/01\/f2d90e46b040fc9ea2ac865c367a248c.jpg\" title=\"Pravieni\u0161ki\u0173 1-asis kal\u0117jimas, TOG skyrius Aleksandras Savickis\/Fotodiena\" loading=\"lazy\" \/> <\/a> <\/p>\n<p>Pravieni\u0161ki\u0173 1-asis kal\u0117jimas, TOG skyrius Aleksandras Savickis\/Fotodiena<\/p>\n<p>  <a itemprop=\"contentUrl\" data-size=\"0x0\" href=\"#gid=103453&amp;pid=35\" data-href=\"https:\/\/static4.inspektorius.lt\/usi\/800x600\/2\/3c\/e2\/d0\/3ce2d0df387a4b66842bc36b21e64c05.jpg?v=4.2.7.308&amp;t=cr&amp;s=800x600&amp;m=2&amp;f=\/Uploads\/UGallery\/photos\/a2\/03\/ff\/19\/a203ff19c800d06f7d11e2bb8393316d.jpg\" rel=\"nofollow\" target=\"_blank\"><img decoding=\"async\" itemprop=\"thumbnail\" class=\"newsPhoto300 portrait\" id=\"imgid-103453-2212482\" alt=\"35\" src=\"https:\/\/www.europesays.com\/lt\/wp-content\/uploads\/2026\/01\/a203ff19c800d06f7d11e2bb8393316d.jpg\" title=\"Pravieni\u0161ki\u0173 1-asis kal\u0117jimas, TOG skyrius Aleksandras Savickis\/Fotodiena\" loading=\"lazy\" \/> <\/a> <\/p>\n<p>Pravieni\u0161ki\u0173 1-asis kal\u0117jimas, TOG skyrius Aleksandras Savickis\/Fotodiena<\/p>\n<p>  <a itemprop=\"contentUrl\" data-size=\"0x0\" href=\"#gid=103453&amp;pid=36\" data-href=\"https:\/\/static4.inspektorius.lt\/usi\/800x600\/2\/dd\/b4\/52\/ddb452bca76f217b4c13ee31f12e73dd.jpg?v=4.2.7.308&amp;t=cr&amp;s=800x600&amp;m=2&amp;f=\/Uploads\/UGallery\/photos\/ae\/89\/1a\/2d\/ae891a2d5886103e23bc61e6af32c005.jpg\" rel=\"nofollow\" target=\"_blank\"><img decoding=\"async\" itemprop=\"thumbnail\" class=\"newsPhoto300 portrait\" id=\"imgid-103453-2212483\" alt=\"36\" src=\"https:\/\/www.europesays.com\/lt\/wp-content\/uploads\/2026\/01\/ae891a2d5886103e23bc61e6af32c005.jpg\" title=\"Pravieni\u0161ki\u0173 1-asis kal\u0117jimas, TOG skyrius Aleksandras Savickis\/Fotodiena\" loading=\"lazy\" \/> <\/a> <\/p>\n<p>Pravieni\u0161ki\u0173 1-asis kal\u0117jimas, TOG skyrius Aleksandras Savickis\/Fotodiena<\/p>\n<p>  <a itemprop=\"contentUrl\" data-size=\"0x0\" href=\"#gid=103453&amp;pid=37\" data-href=\"https:\/\/static4.inspektorius.lt\/usi\/800x600\/2\/70\/af\/1c\/70af1c1f165d721cd279de36e9bd321b.jpg?v=4.2.7.308&amp;t=cr&amp;s=800x600&amp;m=2&amp;f=\/Uploads\/UGallery\/photos\/99\/9a\/54\/f8\/999a54f84a5e6acead1f4d352972d767.jpg\" rel=\"nofollow\" target=\"_blank\"><img decoding=\"async\" itemprop=\"thumbnail\" class=\"newsPhoto300 portrait\" id=\"imgid-103453-2212484\" alt=\"37\" src=\"https:\/\/www.europesays.com\/lt\/wp-content\/uploads\/2026\/01\/999a54f84a5e6acead1f4d352972d767.jpg\" title=\"Pravieni\u0161ki\u0173 1-asis kal\u0117jimas, TOG skyrius Aleksandras Savickis\/Fotodiena\" loading=\"lazy\" \/> <\/a> <\/p>\n<p>Pravieni\u0161ki\u0173 1-asis kal\u0117jimas, TOG skyrius Aleksandras Savickis\/Fotodiena<\/p>\n<p>  <a itemprop=\"contentUrl\" data-size=\"0x0\" href=\"#gid=103453&amp;pid=38\" data-href=\"https:\/\/static4.inspektorius.lt\/usi\/800x600\/2\/05\/65\/87\/0565872b69c7eb2faf7e717daff396ba.jpg?v=4.2.7.308&amp;t=cr&amp;s=800x600&amp;m=2&amp;f=\/Uploads\/UGallery\/photos\/fa\/c7\/5d\/40\/fac75d402649fe457714e608910887f1.jpg\" rel=\"nofollow\" target=\"_blank\"><img decoding=\"async\" itemprop=\"thumbnail\" class=\"newsPhoto300 portrait\" id=\"imgid-103453-2212485\" alt=\"38\" src=\"https:\/\/www.europesays.com\/lt\/wp-content\/uploads\/2026\/01\/fac75d402649fe457714e608910887f1.jpg\" title=\"Pravieni\u0161ki\u0173 1-asis kal\u0117jimas, TOG skyrius Aleksandras Savickis\/Fotodiena\" loading=\"lazy\" \/> <\/a> <\/p>\n<p>Pravieni\u0161ki\u0173 1-asis kal\u0117jimas, TOG skyrius Aleksandras Savickis\/Fotodiena<\/p>\n<p>  <a itemprop=\"contentUrl\" data-size=\"0x0\" href=\"#gid=103453&amp;pid=39\" data-href=\"https:\/\/static4.inspektorius.lt\/usi\/800x600\/2\/3e\/80\/d4\/3e80d4216728dccc6b77c4c8d1995275.jpg?v=4.2.7.308&amp;t=cr&amp;s=800x600&amp;m=2&amp;f=\/Uploads\/UGallery\/photos\/f0\/59\/55\/d3\/f05955d3eee915962d41e1dbc7be7d57.jpg\" rel=\"nofollow\" target=\"_blank\"><img decoding=\"async\" itemprop=\"thumbnail\" class=\"newsPhoto300 portrait\" id=\"imgid-103453-2212486\" alt=\"39\" src=\"https:\/\/www.europesays.com\/lt\/wp-content\/uploads\/2026\/01\/f05955d3eee915962d41e1dbc7be7d57.jpg\" title=\"Pravieni\u0161ki\u0173 1-asis kal\u0117jimas, TOG skyrius Aleksandras Savickis\/Fotodiena\" loading=\"lazy\" \/> <\/a> <\/p>\n<p>Pravieni\u0161ki\u0173 1-asis kal\u0117jimas, TOG skyrius Aleksandras Savickis\/Fotodiena<\/p>\n<p>  <a itemprop=\"contentUrl\" data-size=\"0x0\" href=\"#gid=103453&amp;pid=40\" data-href=\"https:\/\/static4.inspektorius.lt\/usi\/800x600\/2\/b5\/cb\/35\/b5cb35604c95277cb117c3ec4397692e.jpg?v=4.2.7.308&amp;t=cr&amp;s=800x600&amp;m=2&amp;f=\/Uploads\/UGallery\/photos\/ea\/42\/83\/d5\/ea4283d5a1b135ccf1fbc1f30cf5c853.jpg\" rel=\"nofollow\" target=\"_blank\"><img decoding=\"async\" itemprop=\"thumbnail\" class=\"newsPhoto300 portrait\" id=\"imgid-103453-2212488\" alt=\"40\" src=\"https:\/\/www.europesays.com\/lt\/wp-content\/uploads\/2026\/01\/ea4283d5a1b135ccf1fbc1f30cf5c853.jpg\" title=\"Pravieni\u0161ki\u0173 1-asis kal\u0117jimas, TOG skyrius Aleksandras Savickis\/Fotodiena\" loading=\"lazy\" \/> <\/a> <\/p>\n<p>Pravieni\u0161ki\u0173 1-asis kal\u0117jimas, TOG skyrius Aleksandras Savickis\/Fotodiena<\/p>\n<p>  <a itemprop=\"contentUrl\" data-size=\"0x0\" href=\"#gid=103453&amp;pid=41\" data-href=\"https:\/\/static4.inspektorius.lt\/usi\/800x600\/2\/82\/4a\/9c\/824a9c95012f3ebd30f2cbd163616da4.jpg?v=4.2.7.308&amp;t=cr&amp;s=800x600&amp;m=2&amp;f=\/Uploads\/UGallery\/photos\/80\/c4\/53\/f8\/80c453f8aee7bf5b2dcbfa6e4167e1d4.jpg\" rel=\"nofollow\" target=\"_blank\"><img decoding=\"async\" itemprop=\"thumbnail\" class=\"newsPhoto300 portrait\" id=\"imgid-103453-2212489\" alt=\"41\" src=\"https:\/\/www.europesays.com\/lt\/wp-content\/uploads\/2026\/01\/80c453f8aee7bf5b2dcbfa6e4167e1d4.jpg\" title=\"Pravieni\u0161ki\u0173 1-asis kal\u0117jimas, TOG skyrius Aleksandras Savickis\/Fotodiena\" loading=\"lazy\" \/> <\/a> <\/p>\n<p>Pravieni\u0161ki\u0173 1-asis kal\u0117jimas, TOG skyrius Aleksandras Savickis\/Fotodiena<\/p>\n<p>  <a itemprop=\"contentUrl\" data-size=\"0x0\" href=\"#gid=103453&amp;pid=42\" data-href=\"https:\/\/static4.inspektorius.lt\/usi\/800x600\/2\/4b\/fe\/d0\/4bfed077e2ac30ec7695e3f2b39140e6.jpg?v=4.2.7.308&amp;t=cr&amp;s=800x600&amp;m=2&amp;f=\/Uploads\/UGallery\/photos\/49\/49\/01\/00\/49490100da9ea27a54cc16d1c4db101f.jpg\" rel=\"nofollow\" target=\"_blank\"><img decoding=\"async\" itemprop=\"thumbnail\" class=\"newsPhoto300 portrait\" id=\"imgid-103453-2212490\" alt=\"42\" src=\"https:\/\/www.europesays.com\/lt\/wp-content\/uploads\/2026\/01\/49490100da9ea27a54cc16d1c4db101f.jpg\" title=\"Pravieni\u0161ki\u0173 1-asis kal\u0117jimas, TOG skyrius Aleksandras Savickis\/Fotodiena\" loading=\"lazy\" \/> <\/a> <\/p>\n<p>Pravieni\u0161ki\u0173 1-asis kal\u0117jimas, TOG skyrius Aleksandras Savickis\/Fotodiena<\/p>\n<p>  <a itemprop=\"contentUrl\" data-size=\"0x0\" href=\"#gid=103453&amp;pid=43\" data-href=\"https:\/\/static4.inspektorius.lt\/usi\/800x600\/2\/7f\/83\/2c\/7f832cd4a4a6dde316974d566b57daa6.jpg?v=4.2.7.308&amp;t=cr&amp;s=800x600&amp;m=2&amp;f=\/Uploads\/UGallery\/photos\/cc\/43\/f9\/bd\/cc43f9bd4efd0925c2b297937531691b.jpg\" rel=\"nofollow\" target=\"_blank\"><img decoding=\"async\" itemprop=\"thumbnail\" class=\"newsPhoto300 portrait\" id=\"imgid-103453-2212491\" alt=\"43\" src=\"https:\/\/www.europesays.com\/lt\/wp-content\/uploads\/2026\/01\/cc43f9bd4efd0925c2b297937531691b.jpg\" title=\"Pravieni\u0161ki\u0173 1-asis kal\u0117jimas, TOG skyrius Aleksandras Savickis\/Fotodiena\" loading=\"lazy\" \/> <\/a> <\/p>\n<p>Pravieni\u0161ki\u0173 1-asis kal\u0117jimas, TOG skyrius Aleksandras Savickis\/Fotodiena<\/p>\n<p>  <a itemprop=\"contentUrl\" data-size=\"0x0\" href=\"#gid=103453&amp;pid=44\" data-href=\"https:\/\/static4.inspektorius.lt\/usi\/800x600\/2\/07\/f1\/67\/07f16740f691e9815b46997639df01b9.jpg?v=4.2.7.308&amp;t=cr&amp;s=800x600&amp;m=2&amp;f=\/Uploads\/UGallery\/photos\/fa\/af\/28\/f3\/faaf28f3c114fbf596f8e1d10864494c.jpg\" rel=\"nofollow\" target=\"_blank\"><img decoding=\"async\" itemprop=\"thumbnail\" class=\"newsPhoto300 portrait\" id=\"imgid-103453-2212492\" alt=\"44\" src=\"https:\/\/www.europesays.com\/lt\/wp-content\/uploads\/2026\/01\/faaf28f3c114fbf596f8e1d10864494c.jpg\" title=\"Pravieni\u0161ki\u0173 1-asis kal\u0117jimas, TOG skyrius Aleksandras Savickis\/Fotodiena\" loading=\"lazy\" \/> <\/a> <\/p>\n<p>Pravieni\u0161ki\u0173 1-asis kal\u0117jimas, TOG skyrius Aleksandras Savickis\/Fotodiena<\/p>\n<p>  <a itemprop=\"contentUrl\" data-size=\"0x0\" href=\"#gid=103453&amp;pid=45\" data-href=\"https:\/\/static4.inspektorius.lt\/usi\/800x600\/2\/27\/a9\/75\/27a9758f956b2800b04ee6ae5d17b875.jpg?v=4.2.7.308&amp;t=cr&amp;s=800x600&amp;m=2&amp;f=\/Uploads\/UGallery\/photos\/71\/10\/e0\/41\/7110e041d02e5bbbeb03aae4d482a640.jpg\" rel=\"nofollow\" target=\"_blank\"><img decoding=\"async\" itemprop=\"thumbnail\" class=\"newsPhoto300 portrait\" id=\"imgid-103453-2212493\" alt=\"45\" src=\"https:\/\/www.europesays.com\/lt\/wp-content\/uploads\/2026\/01\/7110e041d02e5bbbeb03aae4d482a640.jpg\" title=\"Pravieni\u0161ki\u0173 1-asis kal\u0117jimas, TOG skyrius Aleksandras Savickis\/Fotodiena\" loading=\"lazy\" \/> <\/a> <\/p>\n<p>Pravieni\u0161ki\u0173 1-asis kal\u0117jimas, TOG skyrius Aleksandras Savickis\/Fotodiena<\/p>\n<p>  <a itemprop=\"contentUrl\" data-size=\"0x0\" href=\"#gid=103453&amp;pid=46\" data-href=\"https:\/\/static4.inspektorius.lt\/usi\/800x600\/2\/9d\/91\/ab\/9d91ab78a096c1eba003f258e909b096.jpg?v=4.2.7.308&amp;t=cr&amp;s=800x600&amp;m=2&amp;f=\/Uploads\/UGallery\/photos\/cd\/0f\/6f\/e1\/cd0f6fe111ede64fa4a37a52b56d9fb6.jpg\" rel=\"nofollow\" target=\"_blank\"><img decoding=\"async\" itemprop=\"thumbnail\" class=\"newsPhoto300 portrait\" id=\"imgid-103453-2212495\" alt=\"46\" src=\"https:\/\/www.europesays.com\/lt\/wp-content\/uploads\/2026\/01\/cd0f6fe111ede64fa4a37a52b56d9fb6.jpg\" title=\"Pravieni\u0161ki\u0173 1-asis kal\u0117jimas, TOG skyrius Aleksandras Savickis\/Fotodiena\" loading=\"lazy\" \/> <\/a> <\/p>\n<p>Pravieni\u0161ki\u0173 1-asis kal\u0117jimas, TOG skyrius Aleksandras Savickis\/Fotodiena<\/p>\n<p>  <a itemprop=\"contentUrl\" data-size=\"0x0\" href=\"#gid=103453&amp;pid=47\" data-href=\"https:\/\/static4.inspektorius.lt\/usi\/800x600\/2\/4a\/b0\/5a\/4ab05aa896977fd8b3ec7c9137f8c10c.jpg?v=4.2.7.308&amp;t=cr&amp;s=800x600&amp;m=2&amp;f=\/Uploads\/UGallery\/photos\/76\/28\/95\/8c\/7628958c25344580ef19cce54f19e420.jpg\" rel=\"nofollow\" target=\"_blank\"><img decoding=\"async\" itemprop=\"thumbnail\" class=\"newsPhoto300 portrait\" id=\"imgid-103453-2212498\" alt=\"47\" src=\"https:\/\/www.europesays.com\/lt\/wp-content\/uploads\/2026\/01\/7628958c25344580ef19cce54f19e420.jpg\" title=\"Pravieni\u0161ki\u0173 1-asis kal\u0117jimas, TOG skyrius Aleksandras Savickis\/Fotodiena\" loading=\"lazy\" \/> <\/a> <\/p>\n<p>Pravieni\u0161ki\u0173 1-asis kal\u0117jimas, TOG skyrius Aleksandras Savickis\/Fotodiena<\/p>\n<p>  <a itemprop=\"contentUrl\" data-size=\"0x0\" href=\"#gid=103453&amp;pid=48\" data-href=\"https:\/\/static4.inspektorius.lt\/usi\/800x600\/2\/6c\/c5\/3b\/6cc53bad3e7e9e844a24869dfef2fd8f.jpg?v=4.2.7.308&amp;t=cr&amp;s=800x600&amp;m=2&amp;f=\/Uploads\/UGallery\/photos\/43\/dc\/33\/40\/43dc3340c53358b052083dffdc73b4ed.jpg\" rel=\"nofollow\" target=\"_blank\"><img decoding=\"async\" itemprop=\"thumbnail\" class=\"newsPhoto300 portrait\" id=\"imgid-103453-2212499\" alt=\"48\" src=\"https:\/\/www.europesays.com\/lt\/wp-content\/uploads\/2026\/01\/43dc3340c53358b052083dffdc73b4ed.jpg\" title=\"Pravieni\u0161ki\u0173 1-asis kal\u0117jimas, TOG skyrius Aleksandras Savickis\/Fotodiena\" loading=\"lazy\" \/> <\/a> <\/p>\n<p>Pravieni\u0161ki\u0173 1-asis kal\u0117jimas, TOG skyrius Aleksandras Savickis\/Fotodiena<\/p>\n<p>  <a itemprop=\"contentUrl\" data-size=\"0x0\" href=\"#gid=103453&amp;pid=49\" data-href=\"https:\/\/static4.inspektorius.lt\/usi\/800x600\/2\/58\/d0\/55\/58d05512632d772935c89d1285b82c5d.jpg?v=4.2.7.308&amp;t=cr&amp;s=800x600&amp;m=2&amp;f=\/Uploads\/UGallery\/photos\/6a\/38\/40\/e8\/6a3840e81736f324a90b87bd1a03fef6.jpg\" rel=\"nofollow\" target=\"_blank\"><img decoding=\"async\" itemprop=\"thumbnail\" class=\"newsPhoto300 portrait\" id=\"imgid-103453-2212500\" alt=\"49\" src=\"https:\/\/www.europesays.com\/lt\/wp-content\/uploads\/2026\/01\/6a3840e81736f324a90b87bd1a03fef6.jpg\" title=\"Pravieni\u0161ki\u0173 1-asis kal\u0117jimas, TOG skyrius Aleksandras Savickis\/Fotodiena\" loading=\"lazy\" \/> <\/a> <\/p>\n<p>Pravieni\u0161ki\u0173 1-asis kal\u0117jimas, TOG skyrius Aleksandras Savickis\/Fotodiena<\/p>\n<p>  <a itemprop=\"contentUrl\" data-size=\"0x0\" href=\"#gid=103453&amp;pid=50\" data-href=\"https:\/\/static4.inspektorius.lt\/usi\/800x600\/2\/4c\/c8\/57\/4cc857140f7a870e976a2b28e7e76cf5.jpg?v=4.2.7.308&amp;t=cr&amp;s=800x600&amp;m=2&amp;f=\/Uploads\/UGallery\/photos\/08\/09\/1a\/62\/08091a62862bef7390809bd2f71a6b00.jpg\" rel=\"nofollow\" target=\"_blank\"><img decoding=\"async\" itemprop=\"thumbnail\" class=\"newsPhoto300 portrait\" id=\"imgid-103453-2212501\" alt=\"50\" src=\"https:\/\/www.europesays.com\/lt\/wp-content\/uploads\/2026\/01\/08091a62862bef7390809bd2f71a6b00.jpg\" title=\"Pravieni\u0161ki\u0173 1-asis kal\u0117jimas, TOG skyrius Aleksandras Savickis\/Fotodiena\" loading=\"lazy\" \/> <\/a> <\/p>\n<p>Pravieni\u0161ki\u0173 1-asis kal\u0117jimas, TOG skyrius Aleksandras Savickis\/Fotodiena<\/p>\n<p>  <a itemprop=\"contentUrl\" data-size=\"0x0\" href=\"#gid=103453&amp;pid=51\" data-href=\"https:\/\/static4.inspektorius.lt\/usi\/800x600\/2\/7c\/ee\/93\/7cee93d31ca56e281a02594adf2c01b3.jpg?v=4.2.7.308&amp;t=cr&amp;s=800x600&amp;m=2&amp;f=\/Uploads\/UGallery\/photos\/bc\/91\/0a\/7c\/bc910a7cb04d5d90c5aaee2bd6befb01.jpg\" rel=\"nofollow\" target=\"_blank\"><img decoding=\"async\" itemprop=\"thumbnail\" class=\"newsPhoto300 portrait\" id=\"imgid-103453-2212502\" alt=\"51\" src=\"https:\/\/www.europesays.com\/lt\/wp-content\/uploads\/2026\/01\/bc910a7cb04d5d90c5aaee2bd6befb01.jpg\" title=\"Pravieni\u0161ki\u0173 1-asis kal\u0117jimas, TOG skyrius Aleksandras Savickis\/Fotodiena\" loading=\"lazy\" \/> <\/a> <\/p>\n<p>Pravieni\u0161ki\u0173 1-asis kal\u0117jimas, TOG skyrius Aleksandras Savickis\/Fotodiena<\/p>\n<p>  <a itemprop=\"contentUrl\" data-size=\"0x0\" href=\"#gid=103453&amp;pid=52\" data-href=\"https:\/\/static4.inspektorius.lt\/usi\/800x600\/2\/d4\/3c\/3c\/d43c3c086250b9cccfbd8071fc2ec228.jpg?v=4.2.7.308&amp;t=cr&amp;s=800x600&amp;m=2&amp;f=\/Uploads\/UGallery\/photos\/be\/ef\/16\/d2\/beef16d2816f7dcb42722256adf26266.jpg\" rel=\"nofollow\" target=\"_blank\"><img decoding=\"async\" itemprop=\"thumbnail\" class=\"newsPhoto300 portrait\" id=\"imgid-103453-2212503\" alt=\"52\" src=\"https:\/\/www.europesays.com\/lt\/wp-content\/uploads\/2026\/01\/beef16d2816f7dcb42722256adf26266.jpg\" title=\"Pravieni\u0161ki\u0173 1-asis kal\u0117jimas, TOG skyrius Aleksandras Savickis\/Fotodiena\" loading=\"lazy\" \/> <\/a> <\/p>\n<p>Pravieni\u0161ki\u0173 1-asis kal\u0117jimas, TOG skyrius Aleksandras Savickis\/Fotodiena<\/p>\n<p>  <a itemprop=\"contentUrl\" data-size=\"0x0\" href=\"#gid=103453&amp;pid=53\" data-href=\"https:\/\/static4.inspektorius.lt\/usi\/800x600\/2\/7f\/fb\/29\/7ffb2975038ab82f0f6107f99370a6c7.jpg?v=4.2.7.308&amp;t=cr&amp;s=800x600&amp;m=2&amp;f=\/Uploads\/UGallery\/photos\/49\/7a\/7c\/ee\/497a7ceec50cb2c2e1f8ffd1962c4d03.jpg\" rel=\"nofollow\" target=\"_blank\"><img decoding=\"async\" itemprop=\"thumbnail\" class=\"newsPhoto300 portrait\" id=\"imgid-103453-2212505\" alt=\"53\" src=\"https:\/\/www.europesays.com\/lt\/wp-content\/uploads\/2026\/01\/497a7ceec50cb2c2e1f8ffd1962c4d03.jpg\" title=\"Pravieni\u0161ki\u0173 1-asis kal\u0117jimas, TOG skyrius Aleksandras Savickis\/Fotodiena\" loading=\"lazy\" \/> <\/a> <\/p>\n<p>Pravieni\u0161ki\u0173 1-asis kal\u0117jimas, TOG skyrius Aleksandras Savickis\/Fotodiena<\/p>\n<p>  <a itemprop=\"contentUrl\" data-size=\"0x0\" href=\"#gid=103453&amp;pid=54\" data-href=\"https:\/\/static4.inspektorius.lt\/usi\/800x600\/2\/15\/d2\/db\/15d2dbe2f232cfc0149a73a0356df96e.jpg?v=4.2.7.308&amp;t=cr&amp;s=800x600&amp;m=2&amp;f=\/Uploads\/UGallery\/photos\/1d\/b9\/71\/fc\/1db971fce7da77470bcf3fee31f69be4.jpg\" rel=\"nofollow\" target=\"_blank\"><img decoding=\"async\" itemprop=\"thumbnail\" class=\"newsPhoto300 portrait\" id=\"imgid-103453-2212506\" alt=\"54\" src=\"https:\/\/www.europesays.com\/lt\/wp-content\/uploads\/2026\/01\/1db971fce7da77470bcf3fee31f69be4.jpg\" title=\"Pravieni\u0161ki\u0173 1-asis kal\u0117jimas, TOG skyrius Aleksandras Savickis\/Fotodiena\" loading=\"lazy\" \/> <\/a> <\/p>\n<p>Pravieni\u0161ki\u0173 1-asis kal\u0117jimas, TOG skyrius Aleksandras Savickis\/Fotodiena<\/p>\n<p>  <a itemprop=\"contentUrl\" data-size=\"0x0\" href=\"#gid=103453&amp;pid=55\" data-href=\"https:\/\/static4.inspektorius.lt\/usi\/800x600\/2\/1a\/91\/e7\/1a91e75d57a9ea873dd1ca7a68a3f453.jpg?v=4.2.7.308&amp;t=cr&amp;s=800x600&amp;m=2&amp;f=\/Uploads\/UGallery\/photos\/c0\/fa\/ed\/f0\/c0faedf07305ad19596e972c23b60c4d.jpg\" rel=\"nofollow\" target=\"_blank\"><img decoding=\"async\" itemprop=\"thumbnail\" class=\"newsPhoto300 portrait\" id=\"imgid-103453-2212507\" alt=\"55\" src=\"https:\/\/www.europesays.com\/lt\/wp-content\/uploads\/2026\/01\/c0faedf07305ad19596e972c23b60c4d.jpg\" title=\"Pravieni\u0161ki\u0173 1-asis kal\u0117jimas, TOG skyrius Aleksandras Savickis\/Fotodiena\" loading=\"lazy\" \/> <\/a> <\/p>\n<p>Pravieni\u0161ki\u0173 1-asis kal\u0117jimas, TOG skyrius Aleksandras Savickis\/Fotodiena<\/p>\n<p>  <a itemprop=\"contentUrl\" data-size=\"0x0\" href=\"#gid=103453&amp;pid=56\" data-href=\"https:\/\/static4.inspektorius.lt\/usi\/800x600\/2\/ca\/f2\/45\/caf2451d706858a7b73360c09f868acc.jpg?v=4.2.7.308&amp;t=cr&amp;s=800x600&amp;m=2&amp;f=\/Uploads\/UGallery\/photos\/1e\/2f\/1a\/be\/1e2f1abe7a9a5bac752cce0afbd16b03.jpg\" rel=\"nofollow\" target=\"_blank\"><img decoding=\"async\" itemprop=\"thumbnail\" class=\"newsPhoto300 portrait\" id=\"imgid-103453-2212508\" alt=\"56\" src=\"https:\/\/www.europesays.com\/lt\/wp-content\/uploads\/2026\/01\/1e2f1abe7a9a5bac752cce0afbd16b03.jpg\" title=\"Pravieni\u0161ki\u0173 1-asis kal\u0117jimas, TOG skyrius Aleksandras Savickis\/Fotodiena\" loading=\"lazy\" \/> <\/a> <\/p>\n<p>Pravieni\u0161ki\u0173 1-asis kal\u0117jimas, TOG skyrius Aleksandras Savickis\/Fotodiena<\/p>\n<p>  <a itemprop=\"contentUrl\" data-size=\"0x0\" href=\"#gid=103453&amp;pid=57\" data-href=\"https:\/\/static4.inspektorius.lt\/usi\/800x600\/2\/11\/07\/43\/110743384e98e967da96bd7562b11297.jpg?v=4.2.7.308&amp;t=cr&amp;s=800x600&amp;m=2&amp;f=\/Uploads\/UGallery\/photos\/ae\/85\/28\/b7\/ae8528b70f236209d49e5287c34b9179.jpg\" rel=\"nofollow\" target=\"_blank\"><img decoding=\"async\" itemprop=\"thumbnail\" class=\"newsPhoto300 portrait\" id=\"imgid-103453-2212509\" alt=\"57\" src=\"https:\/\/www.europesays.com\/lt\/wp-content\/uploads\/2026\/01\/ae8528b70f236209d49e5287c34b9179.jpg\" title=\"Pravieni\u0161ki\u0173 1-asis kal\u0117jimas, TOG skyrius Aleksandras Savickis\/Fotodiena\" loading=\"lazy\" \/> <\/a> <\/p>\n<p>Pravieni\u0161ki\u0173 1-asis kal\u0117jimas, TOG skyrius Aleksandras Savickis\/Fotodiena<\/p>\n<p>  <a itemprop=\"contentUrl\" data-size=\"0x0\" href=\"#gid=103453&amp;pid=58\" data-href=\"https:\/\/static4.inspektorius.lt\/usi\/800x600\/2\/84\/f7\/4b\/84f74b997e583b7ec68a9e4ff282ed38.jpg?v=4.2.7.308&amp;t=cr&amp;s=800x600&amp;m=2&amp;f=\/Uploads\/UGallery\/photos\/e0\/fe\/77\/34\/e0fe773471488f8da09a98c3326c3932.jpg\" rel=\"nofollow\" target=\"_blank\"><img decoding=\"async\" itemprop=\"thumbnail\" class=\"newsPhoto300 portrait\" id=\"imgid-103453-2212510\" alt=\"58\" src=\"https:\/\/www.europesays.com\/lt\/wp-content\/uploads\/2026\/01\/e0fe773471488f8da09a98c3326c3932.jpg\" title=\"Pravieni\u0161ki\u0173 1-asis kal\u0117jimas, TOG skyrius Aleksandras Savickis\/Fotodiena\" loading=\"lazy\" \/> <\/a> <\/p>\n<p>Pravieni\u0161ki\u0173 1-asis kal\u0117jimas, TOG skyrius Aleksandras Savickis\/Fotodiena<\/p>\n<p>  <a itemprop=\"contentUrl\" data-size=\"0x0\" href=\"#gid=103453&amp;pid=59\" data-href=\"https:\/\/static4.inspektorius.lt\/usi\/800x600\/2\/be\/af\/c0\/beafc09dcd17d6e9ccc7f688e6110a6f.jpg?v=4.2.7.308&amp;t=cr&amp;s=800x600&amp;m=2&amp;f=\/Uploads\/UGallery\/photos\/f5\/80\/b5\/68\/f580b568981741fdecc8e60e0ea65659.jpg\" rel=\"nofollow\" target=\"_blank\"><img decoding=\"async\" itemprop=\"thumbnail\" class=\"newsPhoto300 portrait\" id=\"imgid-103453-2212511\" alt=\"59\" src=\"https:\/\/www.europesays.com\/lt\/wp-content\/uploads\/2026\/01\/f580b568981741fdecc8e60e0ea65659.jpg\" title=\"Pravieni\u0161ki\u0173 1-asis kal\u0117jimas, TOG skyrius Aleksandras Savickis\/Fotodiena\" loading=\"lazy\" \/> <\/a> <\/p>\n<p>Pravieni\u0161ki\u0173 1-asis kal\u0117jimas, TOG skyrius Aleksandras Savickis\/Fotodiena<\/p>\n<p>  <a itemprop=\"contentUrl\" data-size=\"0x0\" href=\"#gid=103453&amp;pid=60\" data-href=\"https:\/\/static4.inspektorius.lt\/usi\/800x600\/2\/5a\/41\/1a\/5a411a3533735d86a8900215658c6d1d.jpg?v=4.2.7.308&amp;t=cr&amp;s=800x600&amp;m=2&amp;f=\/Uploads\/UGallery\/photos\/3d\/f3\/41\/9b\/3df3419b34e8a43f29b47326971c825f.jpg\" rel=\"nofollow\" target=\"_blank\"><img decoding=\"async\" itemprop=\"thumbnail\" class=\"newsPhoto300 portrait\" id=\"imgid-103453-2212512\" alt=\"60\" src=\"https:\/\/www.europesays.com\/lt\/wp-content\/uploads\/2026\/01\/3df3419b34e8a43f29b47326971c825f.jpg\" title=\"Pravieni\u0161ki\u0173 1-asis kal\u0117jimas, TOG skyrius Aleksandras Savickis\/Fotodiena\" loading=\"lazy\" \/> <\/a> <\/p>\n<p>Pravieni\u0161ki\u0173 1-asis kal\u0117jimas, TOG skyrius Aleksandras Savickis\/Fotodiena<\/p>\n<p>  <a itemprop=\"contentUrl\" data-size=\"0x0\" href=\"#gid=103453&amp;pid=61\" data-href=\"https:\/\/static4.inspektorius.lt\/usi\/800x600\/2\/f0\/1d\/71\/f01d71c512ad14090ea56021daabeb17.jpg?v=4.2.7.308&amp;t=cr&amp;s=800x600&amp;m=2&amp;f=\/Uploads\/UGallery\/photos\/2e\/55\/cb\/3a\/2e55cb3ac104536eb8e776c1ddf25da2.jpg\" rel=\"nofollow\" target=\"_blank\"><img decoding=\"async\" itemprop=\"thumbnail\" class=\"newsPhoto300 portrait\" id=\"imgid-103453-2212513\" alt=\"61\" src=\"https:\/\/www.europesays.com\/lt\/wp-content\/uploads\/2026\/01\/2e55cb3ac104536eb8e776c1ddf25da2.jpg\" title=\"Pravieni\u0161ki\u0173 1-asis kal\u0117jimas, TOG skyrius Aleksandras Savickis\/Fotodiena\" loading=\"lazy\" \/> <\/a> <\/p>\n<p>Pravieni\u0161ki\u0173 1-asis kal\u0117jimas, TOG skyrius Aleksandras Savickis\/Fotodiena<\/p>\n<p>  <a itemprop=\"contentUrl\" data-size=\"0x0\" href=\"#gid=103453&amp;pid=62\" data-href=\"https:\/\/static4.inspektorius.lt\/usi\/800x600\/2\/c7\/fd\/92\/c7fd92a60d0d9c5982605a98348c1ba7.jpg?v=4.2.7.308&amp;t=cr&amp;s=800x600&amp;m=2&amp;f=\/Uploads\/UGallery\/photos\/a6\/22\/32\/8e\/a622328e67757430ce7d0257e8a56882.jpg\" rel=\"nofollow\" target=\"_blank\"><img decoding=\"async\" itemprop=\"thumbnail\" class=\"newsPhoto300 portrait\" id=\"imgid-103453-2212514\" alt=\"62\" src=\"https:\/\/www.europesays.com\/lt\/wp-content\/uploads\/2026\/01\/a622328e67757430ce7d0257e8a56882.jpg\" title=\"Pravieni\u0161ki\u0173 1-asis kal\u0117jimas, TOG skyrius Aleksandras Savickis\/Fotodiena\" loading=\"lazy\" \/> <\/a> <\/p>\n<p>Pravieni\u0161ki\u0173 1-asis kal\u0117jimas, TOG skyrius Aleksandras Savickis\/Fotodiena<\/p>\n<p>  <a itemprop=\"contentUrl\" data-size=\"0x0\" href=\"#gid=103453&amp;pid=63\" data-href=\"https:\/\/static4.inspektorius.lt\/usi\/800x600\/2\/d7\/1a\/26\/d71a26d299c95f7172a703d9ff3ee681.jpg?v=4.2.7.308&amp;t=cr&amp;s=800x600&amp;m=2&amp;f=\/Uploads\/UGallery\/photos\/18\/7f\/9e\/c3\/187f9ec37d627c13c754bd7a23b244df.jpg\" rel=\"nofollow\" target=\"_blank\"><img decoding=\"async\" itemprop=\"thumbnail\" class=\"newsPhoto300 portrait\" id=\"imgid-103453-2212515\" alt=\"63\" src=\"https:\/\/www.europesays.com\/lt\/wp-content\/uploads\/2026\/01\/187f9ec37d627c13c754bd7a23b244df.jpg\" title=\"Pravieni\u0161ki\u0173 1-asis kal\u0117jimas, TOG skyrius Aleksandras Savickis\/Fotodiena\" loading=\"lazy\" \/> <\/a> <\/p>\n<p>Pravieni\u0161ki\u0173 1-asis kal\u0117jimas, TOG skyrius Aleksandras Savickis\/Fotodiena<\/p>\n<p>  <a itemprop=\"contentUrl\" data-size=\"0x0\" href=\"#gid=103453&amp;pid=64\" data-href=\"https:\/\/static4.inspektorius.lt\/usi\/800x600\/2\/48\/7e\/bf\/487ebf92905002026a722a6c50a0ecff.jpg?v=4.2.7.308&amp;t=cr&amp;s=800x600&amp;m=2&amp;f=\/Uploads\/UGallery\/photos\/ca\/b8\/db\/e3\/cab8dbe3925eea24b9d0e8904b19eb23.jpg\" rel=\"nofollow\" target=\"_blank\"><img decoding=\"async\" itemprop=\"thumbnail\" class=\"newsPhoto300 portrait\" id=\"imgid-103453-2212516\" alt=\"64\" src=\"https:\/\/www.europesays.com\/lt\/wp-content\/uploads\/2026\/01\/cab8dbe3925eea24b9d0e8904b19eb23.jpg\" title=\"Pravieni\u0161ki\u0173 1-asis kal\u0117jimas, TOG skyrius Aleksandras Savickis\/Fotodiena\" loading=\"lazy\" \/> <\/a> <\/p>\n<p>Pravieni\u0161ki\u0173 1-asis kal\u0117jimas, TOG skyrius Aleksandras Savickis\/Fotodiena<\/p>\n<p>  <a itemprop=\"contentUrl\" data-size=\"0x0\" href=\"#gid=103453&amp;pid=65\" data-href=\"https:\/\/static4.inspektorius.lt\/usi\/800x600\/2\/71\/f9\/c4\/71f9c4648bdf0d6185364700113d03b1.jpg?v=4.2.7.308&amp;t=cr&amp;s=800x600&amp;m=2&amp;f=\/Uploads\/UGallery\/photos\/4f\/ae\/18\/1f\/4fae181fc5aef3d96d92ef95a4ec8b83.jpg\" rel=\"nofollow\" target=\"_blank\"><img decoding=\"async\" itemprop=\"thumbnail\" class=\"newsPhoto300 portrait\" id=\"imgid-103453-2212517\" alt=\"65\" src=\"https:\/\/www.europesays.com\/lt\/wp-content\/uploads\/2026\/01\/4fae181fc5aef3d96d92ef95a4ec8b83.jpg\" title=\"Pravieni\u0161ki\u0173 1-asis kal\u0117jimas, TOG skyrius Aleksandras Savickis\/Fotodiena\" loading=\"lazy\" \/> <\/a> <\/p>\n<p>Pravieni\u0161ki\u0173 1-asis kal\u0117jimas, TOG skyrius Aleksandras Savickis\/Fotodiena<\/p>\n<p>  <a itemprop=\"contentUrl\" data-size=\"0x0\" href=\"#gid=103453&amp;pid=66\" data-href=\"https:\/\/static4.inspektorius.lt\/usi\/800x600\/2\/eb\/99\/46\/eb9946d19a7b9d4e38520788d829c898.jpg?v=4.2.7.308&amp;t=cr&amp;s=800x600&amp;m=2&amp;f=\/Uploads\/UGallery\/photos\/2b\/82\/6b\/81\/2b826b81891d5633743d0c16470b4d62.jpg\" rel=\"nofollow\" target=\"_blank\"><img decoding=\"async\" itemprop=\"thumbnail\" class=\"newsPhoto300 portrait\" id=\"imgid-103453-2212518\" alt=\"66\" src=\"https:\/\/www.europesays.com\/lt\/wp-content\/uploads\/2026\/01\/2b826b81891d5633743d0c16470b4d62.jpg\" title=\"Pravieni\u0161ki\u0173 1-asis kal\u0117jimas, TOG skyrius Aleksandras Savickis\/Fotodiena\" loading=\"lazy\" \/> <\/a> <\/p>\n<p>Pravieni\u0161ki\u0173 1-asis kal\u0117jimas, TOG skyrius Aleksandras Savickis\/Fotodiena<\/p>\n<p>  <a itemprop=\"contentUrl\" data-size=\"0x0\" href=\"#gid=103453&amp;pid=67\" data-href=\"https:\/\/static4.inspektorius.lt\/usi\/800x600\/2\/9e\/c2\/f5\/9ec2f5f7c41d646e1987f03797effc35.jpg?v=4.2.7.308&amp;t=cr&amp;s=800x600&amp;m=2&amp;f=\/Uploads\/UGallery\/photos\/2c\/fb\/48\/c2\/2cfb48c238756d3550e8cd3949113dc9.jpg\" rel=\"nofollow\" target=\"_blank\"><img decoding=\"async\" itemprop=\"thumbnail\" class=\"newsPhoto300 portrait\" id=\"imgid-103453-2212519\" alt=\"67\" src=\"https:\/\/www.europesays.com\/lt\/wp-content\/uploads\/2026\/01\/2cfb48c238756d3550e8cd3949113dc9.jpg\" title=\"Pravieni\u0161ki\u0173 1-asis kal\u0117jimas, TOG skyrius Aleksandras Savickis\/Fotodiena\" loading=\"lazy\" \/> <\/a> <\/p>\n<p>Pravieni\u0161ki\u0173 1-asis kal\u0117jimas, TOG skyrius Aleksandras Savickis\/Fotodiena<\/p>\n<p>  <a itemprop=\"contentUrl\" data-size=\"0x0\" href=\"#gid=103453&amp;pid=68\" data-href=\"https:\/\/static4.inspektorius.lt\/usi\/800x600\/2\/a1\/52\/db\/a152db547746859f2be1e901d2c3671c.jpg?v=4.2.7.308&amp;t=cr&amp;s=800x600&amp;m=2&amp;f=\/Uploads\/UGallery\/photos\/18\/50\/98\/03\/185098034ddcd331adea6ea247f60823.jpg\" rel=\"nofollow\" target=\"_blank\"><img decoding=\"async\" itemprop=\"thumbnail\" class=\"newsPhoto300 portrait\" id=\"imgid-103453-2212520\" alt=\"68\" src=\"https:\/\/www.europesays.com\/lt\/wp-content\/uploads\/2026\/01\/185098034ddcd331adea6ea247f60823.jpg\" title=\"Pravieni\u0161ki\u0173 1-asis kal\u0117jimas, TOG skyrius Aleksandras Savickis\/Fotodiena\" loading=\"lazy\" \/> <\/a> <\/p>\n<p>Pravieni\u0161ki\u0173 1-asis kal\u0117jimas, TOG skyrius Aleksandras Savickis\/Fotodiena<\/p>\n<p>  <a itemprop=\"contentUrl\" data-size=\"0x0\" href=\"#gid=103453&amp;pid=69\" data-href=\"https:\/\/static4.inspektorius.lt\/usi\/800x600\/2\/a7\/8e\/d0\/a78ed021e45381248a9258124d6823a6.jpg?v=4.2.7.308&amp;t=cr&amp;s=800x600&amp;m=2&amp;f=\/Uploads\/UGallery\/photos\/a5\/a1\/4e\/aa\/a5a14eaa5ddaaf9d355951866191e6bd.jpg\" rel=\"nofollow\" target=\"_blank\"><img decoding=\"async\" itemprop=\"thumbnail\" class=\"newsPhoto300 portrait\" id=\"imgid-103453-2212521\" alt=\"69\" src=\"https:\/\/www.europesays.com\/lt\/wp-content\/uploads\/2026\/01\/a5a14eaa5ddaaf9d355951866191e6bd.jpg\" title=\"Pravieni\u0161ki\u0173 1-asis kal\u0117jimas, TOG skyrius Aleksandras Savickis\/Fotodiena\" loading=\"lazy\" \/> <\/a> <\/p>\n<p>Pravieni\u0161ki\u0173 1-asis kal\u0117jimas, TOG skyrius Aleksandras Savickis\/Fotodiena<\/p>\n<p>  <a itemprop=\"contentUrl\" data-size=\"0x0\" href=\"#gid=103453&amp;pid=70\" data-href=\"https:\/\/static4.inspektorius.lt\/usi\/800x600\/2\/be\/5e\/8a\/be5e8a8e554cbc8b42eeb7c66ce6de19.jpg?v=4.2.7.308&amp;t=cr&amp;s=800x600&amp;m=2&amp;f=\/Uploads\/UGallery\/photos\/99\/fe\/c1\/1a\/99fec11ab621d81b2745c325485916e1.jpg\" rel=\"nofollow\" target=\"_blank\"><img decoding=\"async\" itemprop=\"thumbnail\" class=\"newsPhoto300 portrait\" id=\"imgid-103453-2212523\" alt=\"70\" src=\"https:\/\/www.europesays.com\/lt\/wp-content\/uploads\/2026\/01\/99fec11ab621d81b2745c325485916e1.jpg\" title=\"Pravieni\u0161ki\u0173 1-asis kal\u0117jimas, TOG skyrius Aleksandras Savickis\/Fotodiena\" loading=\"lazy\" \/> <\/a> <\/p>\n<p>Pravieni\u0161ki\u0173 1-asis kal\u0117jimas, TOG skyrius Aleksandras Savickis\/Fotodiena<\/p>\n<p>  <a itemprop=\"contentUrl\" data-size=\"0x0\" href=\"#gid=103453&amp;pid=71\" data-href=\"https:\/\/static4.inspektorius.lt\/usi\/800x600\/2\/af\/00\/b8\/af00b84fd7b9b4bd0d1b5a4aa0af96de.jpg?v=4.2.7.308&amp;t=cr&amp;s=800x600&amp;m=2&amp;f=\/Uploads\/UGallery\/photos\/d1\/d6\/f6\/02\/d1d6f602fa3ffa797dc20f36091205d8.jpg\" rel=\"nofollow\" target=\"_blank\"><img decoding=\"async\" itemprop=\"thumbnail\" class=\"newsPhoto300 portrait\" id=\"imgid-103453-2212524\" alt=\"71\" src=\"https:\/\/www.europesays.com\/lt\/wp-content\/uploads\/2026\/01\/d1d6f602fa3ffa797dc20f36091205d8.jpg\" title=\"Pravieni\u0161ki\u0173 1-asis kal\u0117jimas, TOG skyrius Aleksandras Savickis\/Fotodiena\" loading=\"lazy\" \/> <\/a> <\/p>\n<p>Pravieni\u0161ki\u0173 1-asis kal\u0117jimas, TOG skyrius Aleksandras Savickis\/Fotodiena<\/p>\n<p>  <a itemprop=\"contentUrl\" data-size=\"0x0\" href=\"#gid=103453&amp;pid=72\" data-href=\"https:\/\/static4.inspektorius.lt\/usi\/800x600\/2\/d5\/d6\/68\/d5d66857a102215442044ebf6b60c52e.jpg?v=4.2.7.308&amp;t=cr&amp;s=800x600&amp;m=2&amp;f=\/Uploads\/UGallery\/photos\/4a\/0b\/73\/f1\/4a0b73f123f7ee03da7a0ae541612ae8.jpg\" rel=\"nofollow\" target=\"_blank\"><img decoding=\"async\" itemprop=\"thumbnail\" class=\"newsPhoto300 portrait\" id=\"imgid-103453-2212525\" alt=\"72\" src=\"https:\/\/www.europesays.com\/lt\/wp-content\/uploads\/2026\/01\/4a0b73f123f7ee03da7a0ae541612ae8.jpg\" title=\"Pravieni\u0161ki\u0173 1-asis kal\u0117jimas, TOG skyrius Aleksandras Savickis\/Fotodiena\" loading=\"lazy\" \/> <\/a> <\/p>\n<p>Pravieni\u0161ki\u0173 1-asis kal\u0117jimas, TOG skyrius Aleksandras Savickis\/Fotodiena<\/p>\n<p>  <a itemprop=\"contentUrl\" data-size=\"0x0\" href=\"#gid=103453&amp;pid=73\" data-href=\"https:\/\/static4.inspektorius.lt\/usi\/800x600\/2\/0d\/9a\/33\/0d9a33701c8843951cff13737840f8de.jpg?v=4.2.7.308&amp;t=cr&amp;s=800x600&amp;m=2&amp;f=\/Uploads\/UGallery\/photos\/89\/93\/1b\/b0\/89931bb0f1d26aeac2e78c881b7fdd68.jpg\" rel=\"nofollow\" target=\"_blank\"><img decoding=\"async\" itemprop=\"thumbnail\" class=\"newsPhoto300 portrait\" id=\"imgid-103453-2212526\" alt=\"73\" src=\"https:\/\/www.europesays.com\/lt\/wp-content\/uploads\/2026\/01\/89931bb0f1d26aeac2e78c881b7fdd68.jpg\" title=\"Pravieni\u0161ki\u0173 1-asis kal\u0117jimas, TOG skyrius Aleksandras Savickis\/Fotodiena\" loading=\"lazy\" \/> <\/a> <\/p>\n<p>Pravieni\u0161ki\u0173 1-asis kal\u0117jimas, TOG skyrius Aleksandras Savickis\/Fotodiena<\/p>\n<p>  <a itemprop=\"contentUrl\" data-size=\"0x0\" href=\"#gid=103453&amp;pid=74\" data-href=\"https:\/\/static4.inspektorius.lt\/usi\/800x600\/2\/17\/78\/3a\/17783a5314f963336e71d6e75d37f788.jpg?v=4.2.7.308&amp;t=cr&amp;s=800x600&amp;m=2&amp;f=\/Uploads\/UGallery\/photos\/0a\/66\/5e\/3f\/0a665e3fef9e86f46887221860fdfc4a.jpg\" rel=\"nofollow\" target=\"_blank\"><img decoding=\"async\" itemprop=\"thumbnail\" class=\"newsPhoto300 portrait\" id=\"imgid-103453-2212532\" alt=\"74\" src=\"https:\/\/www.europesays.com\/lt\/wp-content\/uploads\/2026\/01\/0a665e3fef9e86f46887221860fdfc4a.jpg\" title=\"Pravieni\u0161ki\u0173 1-asis kal\u0117jimas, TOG skyrius Aleksandras Savickis\/Fotodiena\" loading=\"lazy\" \/> <\/a> <\/p>\n<p>Pravieni\u0161ki\u0173 1-asis kal\u0117jimas, TOG skyrius Aleksandras Savickis\/Fotodiena<\/p>\n<p>  <a itemprop=\"contentUrl\" data-size=\"0x0\" href=\"#gid=103453&amp;pid=75\" data-href=\"https:\/\/static4.inspektorius.lt\/usi\/800x600\/2\/c7\/52\/59\/c752591449ac624fb6de7db17fdb5882.jpg?v=4.2.7.308&amp;t=cr&amp;s=800x600&amp;m=2&amp;f=\/Uploads\/UGallery\/photos\/29\/1a\/ae\/46\/291aae46e496d21cf3d4666e29740db4.jpg\" rel=\"nofollow\" target=\"_blank\"><img decoding=\"async\" itemprop=\"thumbnail\" class=\"newsPhoto300 portrait\" id=\"imgid-103453-2212533\" alt=\"75\" src=\"https:\/\/www.europesays.com\/lt\/wp-content\/uploads\/2026\/01\/291aae46e496d21cf3d4666e29740db4.jpg\" title=\"Pravieni\u0161ki\u0173 1-asis kal\u0117jimas, TOG skyrius Aleksandras Savickis\/Fotodiena\" loading=\"lazy\" \/> <\/a> <\/p>\n<p>Pravieni\u0161ki\u0173 1-asis kal\u0117jimas, TOG skyrius Aleksandras Savickis\/Fotodiena<\/p>\n<p>  <a itemprop=\"contentUrl\" data-size=\"0x0\" href=\"#gid=103453&amp;pid=76\" data-href=\"https:\/\/static4.inspektorius.lt\/usi\/800x600\/2\/6a\/c0\/af\/6ac0afa21e592f93018bd3b146475ff0.jpg?v=4.2.7.308&amp;t=cr&amp;s=800x600&amp;m=2&amp;f=\/Uploads\/UGallery\/photos\/c7\/64\/1b\/7a\/c7641b7a1f9253fca1573b707a71d925.jpg\" rel=\"nofollow\" target=\"_blank\"><img decoding=\"async\" itemprop=\"thumbnail\" class=\"newsPhoto300 portrait\" id=\"imgid-103453-2212535\" alt=\"76\" src=\"https:\/\/www.europesays.com\/lt\/wp-content\/uploads\/2026\/01\/c7641b7a1f9253fca1573b707a71d925.jpg\" title=\"Pravieni\u0161ki\u0173 1-asis kal\u0117jimas, TOG skyrius Aleksandras Savickis\/Fotodiena\" loading=\"lazy\" \/> <\/a> <\/p>\n<p>Pravieni\u0161ki\u0173 1-asis kal\u0117jimas, TOG skyrius Aleksandras Savickis\/Fotodiena<\/p>\n<p>  <a itemprop=\"contentUrl\" data-size=\"0x0\" href=\"#gid=103453&amp;pid=77\" data-href=\"https:\/\/static4.inspektorius.lt\/usi\/800x600\/2\/98\/21\/c7\/9821c74f1fac13a420f66494fa423d6d.jpg?v=4.2.7.308&amp;t=cr&amp;s=800x600&amp;m=2&amp;f=\/Uploads\/UGallery\/photos\/e8\/37\/f9\/43\/e837f9438115629258593b291a85a705.jpg\" rel=\"nofollow\" target=\"_blank\"><img decoding=\"async\" itemprop=\"thumbnail\" class=\"newsPhoto300 portrait\" id=\"imgid-103453-2212538\" alt=\"77\" src=\"https:\/\/www.europesays.com\/lt\/wp-content\/uploads\/2026\/01\/e837f9438115629258593b291a85a705.jpg\" title=\"Pravieni\u0161ki\u0173 1-asis kal\u0117jimas, TOG skyrius Aleksandras Savickis\/Fotodiena\" loading=\"lazy\" \/> <\/a> <\/p>\n<p>Pravieni\u0161ki\u0173 1-asis kal\u0117jimas, TOG skyrius Aleksandras Savickis\/Fotodiena<\/p>\n<p>  <a itemprop=\"contentUrl\" data-size=\"0x0\" href=\"#gid=103453&amp;pid=78\" data-href=\"https:\/\/static4.inspektorius.lt\/usi\/800x600\/2\/7f\/48\/d7\/7f48d75a7583fd9e2dfed9554ed74a16.jpg?v=4.2.7.308&amp;t=cr&amp;s=800x600&amp;m=2&amp;f=\/Uploads\/UGallery\/photos\/54\/d4\/53\/2d\/54d4532dabc1fbc56685aee461a43992.jpg\" rel=\"nofollow\" target=\"_blank\"><img decoding=\"async\" itemprop=\"thumbnail\" class=\"newsPhoto300 portrait\" id=\"imgid-103453-2212539\" alt=\"78\" src=\"https:\/\/www.europesays.com\/lt\/wp-content\/uploads\/2026\/01\/54d4532dabc1fbc56685aee461a43992.jpg\" title=\"Pravieni\u0161ki\u0173 1-asis kal\u0117jimas, TOG skyrius Aleksandras Savickis\/Fotodiena\" loading=\"lazy\" \/> <\/a> <\/p>\n<p>Pravieni\u0161ki\u0173 1-asis kal\u0117jimas, TOG skyrius Aleksandras Savickis\/Fotodiena<\/p>\n<p>  <a itemprop=\"contentUrl\" data-size=\"0x0\" href=\"#gid=103453&amp;pid=79\" data-href=\"https:\/\/static4.inspektorius.lt\/usi\/800x600\/2\/cd\/f2\/6b\/cdf26b1946e6a6487ee320fe11fb5223.jpg?v=4.2.7.308&amp;t=cr&amp;s=800x600&amp;m=2&amp;f=\/Uploads\/UGallery\/photos\/bf\/1d\/ee\/65\/bf1dee65c76bd4b8d67bb7c7eaf37e54.jpg\" rel=\"nofollow\" target=\"_blank\"><img decoding=\"async\" itemprop=\"thumbnail\" class=\"newsPhoto300 portrait\" id=\"imgid-103453-2212540\" alt=\"79\" src=\"https:\/\/www.europesays.com\/lt\/wp-content\/uploads\/2026\/01\/bf1dee65c76bd4b8d67bb7c7eaf37e54.jpg\" title=\"Pravieni\u0161ki\u0173 1-asis kal\u0117jimas, TOG skyrius Aleksandras Savickis\/Fotodiena\" loading=\"lazy\" \/> <\/a> <\/p>\n<p>Pravieni\u0161ki\u0173 1-asis kal\u0117jimas, TOG skyrius Aleksandras Savickis\/Fotodiena<\/p>\n<p style=\"text-align:justify\">K\u0105 dirbate?<\/p>\n<p style=\"text-align:justify\">Darbe gamina inkilus ir bi\u010di\u0173 avilius. Tai a\u0161 ten peilius galandu. Tas meistras pa\u0161aukia, kai reikia peilius pagal\u0105sti. Vis darbas. Ir teisme geriau, mato, kad dirbu. O dar ir atskai\u010diuoja ie\u0161kiniui nuo u\u017edirbt\u0173 pinig\u0173.<\/p>\n<p style=\"text-align:justify\">I\u0161 tikr\u0173j\u0173, tai einu visur, kur tik galiu. Kvie\u010dia \u012f ba\u017eny\u010di\u0105, kvie\u010dia \u012f klub\u0105, visur einu. B\u016bna susirinkimai, atva\u017eiuoja ka\u017ekas. Reikia jud\u0117jimo, kad neb\u016bt\u0173 u\u017edaro b\u016bdo. M\u0117gstu bendrauti, tas man patinka.<\/p>\n<p style=\"text-align:justify\">Kiek j\u016bs\u0173 patalpose gyvena nuteist\u0173j\u0173?<\/p>\n<p style=\"text-align:justify\">I\u0161 viso yra 18 \u017emoni\u0173. O mano kambaryje 6 \u017emon\u0117s, tai su jais pabendraujame. Viskas priklauso nuo \u017emogaus. Jei prisitaiko prie gamtos, prie s\u0105lyg\u0173, tada gerai. Bet yra ir toki\u0173, kurie neprisitaiko, labai i\u0161gyvena d\u0117l visko. Tada b\u016bna ir savi\u017eudybi\u0173. Kiti taip mir\u0161ta. Pergyvena, stogas va\u017eiuoja. K\u0105 padarysi, toks likimas.<\/p>\n<p style=\"text-align:justify\">Ar tikit\u0117s, kad ateityje jums dar prasivers vartai \u012f laisv\u0119?<\/p>\n<p style=\"text-align:justify\">Dalis ir dabar sako, kad jau laikas senel\u012f i\u0161leisti. Bet kiti sako, kad gerai, tegul s\u0117di. Piktybi\u0161ki \u201ekosmonautai\u201c, kiekvienas turi savo nuomon\u0119. Vieniems a\u0161 Tadas Blinda, kitiems banditas.<\/p>\n<p style=\"text-align:justify\">O pats sau koks esate?<\/p>\n<p style=\"text-align:justify\">A\u0161? A\u0161 normalus. Blogai, kad u\u017eaugau Vilijampol\u0117je, nusikalstamo pasaulio apsuptyje. Pas t\u0117v\u0105 buvo 8 broliai, kurie s\u0117d\u0117jo. U\u017eaugau tarp nusikalt\u0117li\u0173. T\u0117vas sakydavo, kad mes, nusikalt\u0117liai, esame geri, o tie visi in\u017einieriai, vir\u0117jai yra blogi. B\u016btent taip, b\u016bdamas jaunas, galvodavau ir a\u0161.<\/p>\n<p style=\"text-align:justify\">Kai u\u017eaugau, s\u0117dau u\u017e grot\u0173, supratau, kad mes \u010dia blogi, o ne jie. Vienas kal\u0117jimo vir\u0161ininkas klaus\u0117 man\u0119s, ar j\u012f prisimenu. Sakau, kad ne. Jis sako, kai buvo studentas, jie susirinkdavo \u012f \u201eVilij\u0105\u201c, s\u0117d\u0117davo atokiau, o mes prie pirm\u0173 staliuk\u0173 ir nuolat mu\u0161davom\u0117s. Sako, tu man\u0119s neatsimeni, o a\u0161 tave taip. A\u0161 dabar vir\u0161ininkas, o tavo draugai i\u0161dav\u0117 ir paliko tave vien\u0105.<\/p>\n<p style=\"text-align:justify\">Pritariau jam, nes teisingai pasak\u0117. Gyvenime ne\u017einojau, kad taip gali b\u016bti. Pasak\u0117 skaud\u017ei\u0105 ties\u0105. Mane visi i\u0161dav\u0117. Likau tik su \u017emona. Jei gyven\u010diau antr\u0105 gyvenim\u0105, viskas b\u016bt\u0173 kitaip, ei\u010diau, pavyzd\u017eiui, \u012f versl\u0105. Man proto tam tikrai u\u017eteko, bet&#8230;<\/p>\n<p style=\"text-align:justify\">Da\u017enai mintimis sugr\u012f\u017etate \u012f praeit\u012f?<\/p>\n<p style=\"text-align:justify\">Taip, pasitaiko. Fakti\u0161kai buvau verslo srityje, bet nu\u0117jau \u201ebach\u016brauti\u201c. Gal\u0117jo viskas b\u016bti kitaip. Bet susiklost\u0117 taip, kaip susiklost\u0117. Nor\u0117jau b\u016bti ir \u201ebach\u016bras\u201c, ir \u201ebiznierius\u201c. Paskui at\u0117jo 1990-ieji. \u017di\u016br\u0117jau, kur geriau. Tur\u0117jome ir \u201eVilij\u0105\u201c, kit\u0173 versl\u0173. Bet tada viskas baig\u0117si. Nor\u0117jau gyventi geriau, \u0117jau ten, kur viskas \u201eant bangos\u201c. O dabar, kai pagalvoju, turiu organizacini\u0173 sugeb\u0117jim\u0173. Gal\u0117\u010diau pirkti-parduoti \u017eemes, namus.<\/p>\n<p style=\"text-align:justify\">Ant kurio \u017emogaus savo gyvenime pykstate iki \u0161iol?<\/p>\n<p style=\"text-align:justify\">Turb\u016bt tas pats Rimvydas \u017dilinskas. Jis va\u017eiuodamas su mano broliu, nety\u010dia per avarij\u0105 j\u012f u\u017emu\u0161\u0117. Fini\u0161as, kad per j\u012f ir a\u0161 s\u0117dau iki gyvos galvos. Ir brol\u012f, ir mane \u201epra\u017eud\u0117\u201c. Savo laisv\u0119 i\u0161sikovojo duodamas nes\u0105moningus parodymus. Taip jis \u201enu\u017eud\u0117\u201c du brolius. Sakiau jam, primelavai, brol\u012f nenor\u0117damas u\u017emu\u0161ei, mane pasodinai, tai dabar viskas pasibaig\u0117, pasakyk teisyb\u0119, kad Mongolas pab\u0117go.<\/p>\n<p style=\"text-align:justify\">O jis sako, kad ne, nenori \u017eurnalist\u0173, nori tyliai ramiai gyventi. Jam 77 metai, tai sakau, nors prie\u0161 mirt\u012f i\u0161trauk mane i\u0161 kal\u0117jimo. Jis pasakyt\u0173, kad Mongolas pab\u0117go, man atnaujint\u0173 byl\u0105 ir a\u0161 ei\u010diau namo. Viskas. Niekur nesisk\u0173s\u010diau, kad s\u0117d\u0117jau be kalt\u0117s, tegul tik paleid\u017eia. \u0160ansas b\u016bt\u0173 laisv\u0117je numirti. Bet prie\u0161 valstyb\u0119 nepakovosi.<\/p>\n<p style=\"text-align:justify\">O kur gyventum\u0117te, jei atsidurtum\u0117te laisv\u0117je?<\/p>\n<p style=\"text-align:justify\">U\u017elied\u017eiuose nam\u0105 reikia parduoti. Niekur nesid\u0117si. Variantas b\u016bt\u0173 i\u0161vykti \u012f u\u017esien\u012f. Net jei paleist\u0173 \u012f laisv\u0119, tai koks jaunas pareig\u016bnas karjer\u0105 nor\u0117damas padaryti, sugalvot\u0173, kaip v\u0117l mane pasodinti. Vis tiek man\u0119s niekas nepamir\u0161. O jauniems pareig\u016bnams kas, jie sau reklam\u0105 pasidaryt\u0173. Tod\u0117l bandy\u010diau i\u0161vykti \u012f u\u017esien\u012f. \u012e koki\u0105 Ispanij\u0105. Po palme gul\u0117\u010diau (juokiasi \u2013 aut. past.).<\/p>\n<p style=\"text-align:justify\">Kod\u0117l \u0161io am\u017eiaus prad\u017eioje sprukote \u012f Bulgarij\u0105?<\/p>\n<p style=\"text-align:justify\">Ten buvau ir anks\u010diau i\u0161va\u017eiav\u0119s. Bulgarijoje galima susikalb\u0117ti papras\u010diau. J\u016bra, \u0161iltas oras, gamta, kalnai.<\/p>\n<p style=\"text-align:justify\">Neb\u016bt\u0173 keista visk\u0105 palikti Lietuvoje?<\/p>\n<p style=\"text-align:justify\">A\u0161 po truput\u012f i\u0161trauk\u010diau i\u0161 Lietuvos savo vaikus, an\u016bkus. Ma\u017euose namukuose gyventume tyliai, ramiai. Lietuvoje likti b\u016bt\u0173 pavojinga. Ispanijoje b\u016bt\u0173 ramiau. Ten senukas niekam b\u016b\u010diau nereikalingas. Bet \u010dia kaip seno asilo be dant\u0173 svajon\u0117s. Dabar s\u0117d\u017eiu ir net neturiu vilties i\u0161eiti.<\/p>\n<p style=\"text-align:justify\">Ar pagalvojate apie laikus, kai teko bausm\u0119 atlikti Luki\u0161k\u0117se?<\/p>\n<p style=\"text-align:justify\">Tiek met\u0173 ten i\u0161buvau. Tai \u012f Pravieni\u0161kes atva\u017eiavau kaip \u012f laisv\u0119. 2018 m. \u010dia atva\u017eiavau. Nu\u0117jau \u012f parduotuv\u0119, nusipirkau led\u0173, kavos. Kav\u0105 geriu, ledais u\u017ekandu. Saul\u0117 \u0161vie\u010dia. Amerika, galvoju. O Luki\u0161k\u0117se s\u0117d\u0117davai kamerose, per septynias grotas nieko nematydavai.<\/p>\n<p style=\"text-align:justify\">Neduok Dieve tas kal\u0117jimas. Ten dabar padar\u0117 ka\u017ekokias pramogas. O reikt\u0173 t\u0105 kal\u0117jim\u0105 griauti. Juodos dvasios vaik\u0161to aplinkui, sienos permirkusios vargu, a\u0161aromis. O dabar ekskursijos vykdomos.<\/p>\n<p style=\"text-align:justify\">Ar atsid\u016br\u0119s laisv\u0117je u\u017esuktum\u0117t \u012f Luki\u0161ki\u0173 kal\u0117jime organizuojam\u0105 ekskursij\u0105?<\/p>\n<p style=\"text-align:justify\">B\u016btinai! Ei\u010diau pasi\u017ei\u016br\u0117ti. Pasiim\u010diau vis\u0105 \u0161eim\u0105, an\u016bkus, parody\u010diau, kur s\u0117d\u0117jau. Ten rodo tik vien\u0105 mano kamer\u0105, tre\u010diam auk\u0161te. Bet ne r\u016bs\u012f, kuriame s\u0117d\u0117jau 4 metus u\u017edarytas. O ten tai baisu, dr\u0117gm\u0117, ligos puldavo.<\/p>\n<p style=\"text-align:justify\">Buvo ka\u017ekada gaisras kil\u0119s. Visi pareig\u016bnai i\u0161b\u0117go, o mus paliko r\u016bsyje. Laimei u\u017esideg\u0117 ne m\u016bs\u0173, o kitas r\u016bsys. B\u016btume visi ten numir\u0119. Pro lang\u0105 \u017ei\u016briu, pareig\u016bnai lauke b\u0117gioja, o mus pamir\u0161o.<\/p>\n<p style=\"text-align:justify\">Ateiti laisvam \u017emogui \u012f Luki\u0161kes yra kitaip, nei kai per prievart\u0105 tave ten \u012fmeta. B\u016bt\u0173 \u012fdomu pa\u017ei\u016br\u0117ti su vaikais, papasako\u010diau jiems, kas ir kaip ten b\u016bdavo.<\/p>\n<p style=\"text-align:justify\">Daugiausia laiko u\u017e grot\u0173 ir praleidote Luki\u0161k\u0117se?<\/p>\n<p style=\"text-align:justify\">Taip. Visada ten ve\u017edavo. <a href=\"https:\/\/www.tv3.lt\/gaires\/vilnius\" target=\"_blank\" class=\"phrase\" rel=\"nofollow noopener\">Vilniuje<\/a> ka\u017ekiek praleidau, bet tada i\u0161kart ve\u017edavo \u012f \u201epadval\u0105\u201c Luki\u0161k\u0117se. Liepdavo prisipa\u017einti, jei nenoriu \u201epadvale\u201c s\u0117d\u0117ti.<\/p>\n<p style=\"text-align:justify\">Kiek kart\u0173 per gyvenim\u0105 teko gird\u0117ti raginim\u0105 prisipa\u017einti?<\/p>\n<p style=\"text-align:justify\">Teko, teko. Si\u016bl\u0117 prisipa\u017einti 7 \u017emog\u017eudystes, kokius dar 20 epizod\u0173 ir duosim tau 20 met\u0173. \u010cia kai parve\u017e\u0117 i\u0161 Bulgarijos. Jiems reik\u0117jo, kad prisipa\u017ein\u010diau. Jei tai b\u016b\u010diau padar\u0119s, valstyb\u0117 b\u016bt\u0173 stipresn\u0117 u\u017e mane. Prie\u0161ingu atveju, atvirk\u0161\u010diai. Jiems reik\u0117jo, kad prisipa\u017ein\u010diau bet kokia kaina.<\/p>\n<p style=\"text-align:justify\">O kur buvo garantijos, kad gausiu tuos 20 met\u0173? Jei b\u016b\u010diau prisipa\u017ein\u0119s, neb\u016b\u010diau gal\u0117j\u0119s niekam sk\u0173stis. Viskas padaryta d\u0117l reklamos, \u0161ou. Gaidjurgis, Vertelka buvo prigauti, tai sak\u0117, kad jei ir Daktar\u0105 \u201epaims\u201c, tai jau bus po kiekvienu med\u017eiu rasta po lavon\u0105. O fini\u0161e nieko nerado.<\/p>\n<p style=\"text-align:justify\">Nerado nei lavon\u0173, nei nukent\u0117jusi\u0173j\u0173. Ir tai i\u0161 7 \u017emog\u017eudys\u010di\u0173 nuteis\u0117 tik d\u0117l dviej\u0173. D\u0117l Mongolo ir Turisto. U\u017e Turist\u0105 dav\u0117 18 met\u0173, o u\u017e Mongol\u0105 \u2013 iki gyvos galvos. O \u010ciap\u0105, Varn\u0105, Ma\u010dialk\u0105 nu\u0117m\u0117.<\/p>\n<p style=\"text-align:justify\">Teismas nuteis\u0117 mane, nes man\u0117, kad a\u0161 nu\u017eud\u017eiau. Jei a\u0161 tokiais principais b\u016b\u010diau anks\u010diau vadovav\u0119sis, tai b\u016bt\u0173 buv\u0119 labai sunku. D\u0117l \u201erazborki\u0173\u201c \u012f mane kreipdavosi skirting\u0173 gauj\u0173 atstovai, klausdavo, kas kaltas, pra\u0161ydavo i\u0161spr\u0119sti konflikt\u0105. 1990-siais pas mus irgi buvo garb\u0117s teismas.<\/p>\n<p style=\"text-align:justify\">Jei savo nariams b\u016b\u010diau pasak\u0119s, kad \u201emanau, jog tu kaltas\u201c, tai b\u016b\u010diau gav\u0119s malk\u0173, mane b\u016bt\u0173 spard\u0119 ir lau\u017e\u0119. Man reik\u0117davo \u012frodyti, kas i\u0161 ties\u0173 yra kaltas.<\/p>\n<p style=\"text-align:justify\">Da\u017enai pa\u010diam tokius \u201eteismus\u201c tekdavo vykdyti?<\/p>\n<p style=\"text-align:justify\">B\u016bdavo atva\u017eiuoja jaunimas \u012f \u201eVilij\u0105\u201c. Jie klausdavo m\u016bs\u0173 nuomon\u0117s. I\u0161klausydavai. Buvo atvejis, kai susirinko \u201eda\u0161kiniai\u201c ir Vilijampol\u0117s \u201ekampiniai\u201c. Atva\u017eiavo ai\u0161kintis. Pa\u017ei\u016br\u0117jau, kad m\u016bsi\u0161kiai neteis\u016bs, o tiesa \u201eda\u0161kini\u0173\u201c pus\u0117je. Taip ir pasakiau. Tai \u201eda\u0161kiniai\u201c i\u0161va\u017eiavo, o m\u016bsi\u0161kiai klaus\u0117, k\u0105 padarei, juk mes draugai, o ten prie\u0161ai. Kod\u0117l prie\u0161us palaikei? A\u0161 atsakiau, kad man Kaunas yra vienas. Buvo nepatenkinti, bet buvau teisus.<\/p>\n<p style=\"text-align:justify\">Tais laikais jaut\u0117t\u0117s \u012ftakingu?<\/p>\n<p style=\"text-align:justify\">Taip. Mes jaut\u0117m\u0117s gerbiami. Tur\u0117jome versl\u0105, restoran\u0105. Tod\u0117l atvykdavo atsiklausti m\u016bs\u0173 nuomon\u0117s.<\/p>\n<p style=\"text-align:justify\">Kaip nusikalstamumas pasikeit\u0117 1990-siais ir dabar?<\/p>\n<p style=\"text-align:justify\">Kas dabar susij\u0119 su <a href=\"https:\/\/www.tv3.lt\/rubrika\/naujienos\/verslas\" target=\"_blank\" class=\"phrase\" rel=\"nofollow noopener\">verslu<\/a>, tai mes \u201evar\u0117m\u201c kontraband\u0105, cigaretes, metal\u0105, nekilnojam\u0105j\u012f turt\u0105. Dabar viskas persimet\u0117 \u012f narkotikus. Kuriami fabrikai, naujos gaujos. Daug nari\u0173 s\u0117d\u0117j\u0119 <a href=\"https:\/\/www.tv3.lt\/rubrika\/naujienos\/uzsienis\" target=\"_blank\" class=\"phrase\" rel=\"nofollow noopener\">u\u017esienyje<\/a>, viskas susimai\u0161\u0119.<\/p>\n<p style=\"text-align:justify\">\u010cia \u012f zon\u0105 atva\u017eiuoja jaunosios kartos \u201ebiznieriai, bach\u016brai\u201c, pas juos viskas kitaip. Pas juos viskas eina \u201eant pinig\u0173\u201c. Kur pinigai, t\u0105 pus\u0119 ir palaiko. \u017di\u016bri, kaip grei\u010diau padaryti kuo didesnius pinigus. Tik vienetai dar laikosi garb\u0117s kodekso. Pirmoje vietoje pinigai. Jiems nieko nerei\u0161kia apgauti.<\/p>\n<p style=\"text-align:justify\">Viskas at\u0117jo i\u0161 Vakar\u0173. O rus\u0173 laikais dar egzistavo garb\u0117s kodeksas. Anks\u010diau pasakydavai \u017eod\u012f ir jo tur\u0117davai laikytis. O dabar pasako, kabina makaronus, ka\u017ek\u0105 trina. Mano laikais, pasakei, tai laikykis \u017eod\u017eio, nes gausi \u012f galv\u0105 arba mok\u0117si. O dabar, tai negal\u0117jo, tai susirgo brolis, pusseser\u0117.<\/p>\n<p style=\"text-align:justify\">Man \u010dia yra parei\u0161k\u0119, kad a\u0161 senas, durnas ir mano \u201epaniatk\u0117s\u201c pasenusios. Ir eina sau \u201eu\u017esika\u010dialin\u0119s\u201c visas. B\u016bdamas 26-30 met\u0173, man ai\u0161kina apie \u201epaniatk\u0119s\u201c. Tai jis \u017ei\u016bri \u012f mane kaip \u012f antikvar\u0105. Bet yra ir jaun\u0173 \u201ebach\u016br\u0173\u201c, kurie supranta ir rodo pagarb\u0105. Nei a\u0161 \u201eo\u017eys\u201c, nei \u201egaidys\u201c, gyvenu savo gyvenim\u0105.<\/p>\n<p>Jei patenka koks jaunas \u012f zon\u0105, tai stengiesi jam pad\u0117ti. Negalima tik \u017eeminti ir diskriminuoti. Kiekvienas esame \u017emogus. Norin\u010di\u0173j\u0173 pa\u017eeminti visada bus, nes galvos, kad ka\u017ekur pakils. Jaunimas ir mane nori pa\u017eeminti, ie\u0161ko mano \u201ekasiak\u0173\u201c. Nori nu\u017eeminti, kad per mano vard\u0105 pakilt\u0173. \u010cia Pravieni\u0161k\u0117se, yra nauj\u0173 priva\u017eiavusi\u0173. Link\u0119 \u012f \u201ebezpridiel\u0105\u201c. Eina pro \u0161on\u0105 ir nori \u201e\u012fk\u0105sti\u201c.<\/p>\n","protected":false},"excerpt":{"rendered":"Henyt\u0117 pasidalijo mintimis apie gyvenim\u0105 u\u017e grot\u0173, kasdien\u0119 rutin\u0105 kal\u0117jime, praeities klaidas, i\u0161 kuri\u0173 dabar pasimokyt\u0173 ir b\u0117doje&hellip;\n","protected":false},"author":2,"featured_media":74314,"comment_status":"","ping_status":"","sticky":false,"template":"","format":"standard","meta":{"footnotes":""},"categories":[13],"tags":[16406,25,30,31,57,43,34,35,55,48,24,54,51,49,50,32,33,37,39,36,38,40,45,23,22,44,28,29,53,42,56,47,26,27,41,46,58,52],"class_list":{"0":"post-74313","1":"post","2":"type-post","3":"status-publish","4":"format-standard","5":"has-post-thumbnail","7":"category-lietuva","8":"tag-2026-01-01-180000","9":"tag-antrastes","10":"tag-breaking-news","11":"tag-breakingnews","12":"tag-daiktai","13":"tag-dienos-kronika","14":"tag-featured-news","15":"tag-featurednews","16":"tag-gatves-tekstai","17":"tag-gyvenimas","18":"tag-headlines","19":"tag-interneto-pievos","20":"tag-keliones","21":"tag-kultura","22":"tag-laisvalaikis","23":"tag-latest-news","24":"tag-latestnews","25":"tag-lietuva","26":"tag-lietuviu","27":"tag-lithuania","28":"tag-lithuanian","29":"tag-lt","30":"tag-mokslas-ir-it","31":"tag-naujienos","32":"tag-news","33":"tag-pasaulis","34":"tag-populiariausios-naujienos","35":"tag-populiariausiosnaujienos","36":"tag-projektai","37":"tag-rinktiniai-tekstai","38":"tag-simtmecio-portalas","39":"tag-sportas","40":"tag-top-stories","41":"tag-topstories","42":"tag-tv3-lt","43":"tag-verslas","44":"tag-video","45":"tag-zaidimai"},"share_on_mastodon":{"url":"","error":"Validation failed: Text character limit of 500 exceeded"},"_links":{"self":[{"href":"https:\/\/www.europesays.com\/lt\/wp-json\/wp\/v2\/posts\/74313","targetHints":{"allow":["GET"]}}],"collection":[{"href":"https:\/\/www.europesays.com\/lt\/wp-json\/wp\/v2\/posts"}],"about":[{"href":"https:\/\/www.europesays.com\/lt\/wp-json\/wp\/v2\/types\/post"}],"author":[{"embeddable":true,"href":"https:\/\/www.europesays.com\/lt\/wp-json\/wp\/v2\/users\/2"}],"replies":[{"embeddable":true,"href":"https:\/\/www.europesays.com\/lt\/wp-json\/wp\/v2\/comments?post=74313"}],"version-history":[{"count":0,"href":"https:\/\/www.europesays.com\/lt\/wp-json\/wp\/v2\/posts\/74313\/revisions"}],"wp:featuredmedia":[{"embeddable":true,"href":"https:\/\/www.europesays.com\/lt\/wp-json\/wp\/v2\/media\/74314"}],"wp:attachment":[{"href":"https:\/\/www.europesays.com\/lt\/wp-json\/wp\/v2\/media?parent=74313"}],"wp:term":[{"taxonomy":"category","embeddable":true,"href":"https:\/\/www.europesays.com\/lt\/wp-json\/wp\/v2\/categories?post=74313"},{"taxonomy":"post_tag","embeddable":true,"href":"https:\/\/www.europesays.com\/lt\/wp-json\/wp\/v2\/tags?post=74313"}],"curies":[{"name":"wp","href":"https:\/\/api.w.org\/{rel}","templated":true}]}}