{"id":74315,"date":"2026-01-01T20:17:06","date_gmt":"2026-01-01T20:17:06","guid":{"rendered":"https:\/\/www.europesays.com\/lt\/74315\/"},"modified":"2026-01-01T20:17:06","modified_gmt":"2026-01-01T20:17:06","slug":"bent-11-vairuotoju-naujuosius-metus-pradejo-atsinaujine-statusa-tapo-itariamaisiais","status":"publish","type":"post","link":"https:\/\/www.europesays.com\/lt\/74315\/","title":{"rendered":"Bent 11 vairuotoj\u0173 Naujuosius metus prad\u0117jo atsinaujin\u0119 status\u0105: tapo \u012ftariamaisiais"},"content":{"rendered":"<p>Policijos departamento sausio 1 dien\u0105 vie\u0161inamoje pra\u0117jusios paros suvestin\u0117je eismo \u012fvykiai glaustai ap\u017evelgti taip: gruod\u017eio 31 d. (tre\u010diadien\u012f) nuo 0.00 val. iki 23.59 val. u\u017eregistruoti 25 eismo \u012fvykiai, i\u0161 kuri\u0173 5 \u012fvyko d\u0117l neblaivi\u0173 vairuotoj\u0173 kalt\u0117s. I\u0161 vis\u0173 \u012fvykusi\u0173 eismo \u012fvyki\u0173 \u2013 4 \u012fskaitiniai eismo \u012fvykiai, kuriuose: \u017euvo \u2013 0; nukent\u0117jo \u2013 4 (nepilname\u010diai nenukent\u0117jo); grafoje apie \u012fskaitinius eismo \u012fvykius, kuriuos suk\u0117l\u0117 neblaiv\u016bs vairuotojai \u2013 0.<\/p>\n<p>Kauno apskrities vyriausiasis policijos komisariatas prane\u0161a, kad gruod\u017eio 31 d. apie 23.20 val. Kaune, Bir\u017eelio 23-osios g., automobil\u012f \u201eOpel Meriva\u201c vairavo neblaivus vyras (gim. 1988 m.). Jam nustatytas sunkus girtumo laipsnis \u2013 2,69 prom.<\/p>\n<p>Sausio 1 d. apie 04.35 val. Kaune, Vytauto pr., automobil\u012f \u201eToyota Prius\u201c vairavo neblaivus vyras (gim. 1982 m.). Jam nustatytas vidutinis girtumo laipsnis \u2013 1,56 prom.<\/p>\n<p>Tuo metu Klaip\u0117dos apskrities vyriausiasis policijos komisariatas skelbia, kad 2025-12-31 apie 21.44 val. Kretingos r., Vydmant\u0173 k., sustabdyto automobilio \u201eVolkswagen Caravele\u201c vairuotojui (gimusiam 1972 m.) nustatytas 1,57 prom. neblaivumas.<\/p>\n<p>Dar keturis atvejus fiksavo Marijampol\u0117s apskrities vyriausiasis policijos komisariatas.<\/p>\n<p>Sausio 1 d. apie 03 val. 37 min. Kalvarijos sav., Jusevi\u010di\u0173 k., Did\u017eioji g., automobil\u012f \u201eVW Passat\u201c vairavo neblaivus vyras (gim. 1989 m.), kuriam nustatytas vidutinis girtumo laipsnis \u2013 1,65 prom. Automobilis i\u0161gabentas \u012f saugojimo aik\u0161tel\u0119. Prad\u0117tas ikiteisminis tyrimas pagal LR BK 281-1 str. 1 d.<\/p>\n<p>Gruod\u017eio 31 d. apie 14 val. 40 min. Kazl\u0173 R\u016bdos sav., Did\u017ei\u0173j\u0173 Zari\u0161ki\u0173, Marijampol\u0117s g., automobil\u012f \u201eAudi A6\u201c vairavo neblaivus vyras (gim. 1988 m.), kuriam nustatytas vidutinis girtumo laipsnis \u2013 2,26 prom. Automobilis i\u0161gabentas \u012f saugojimo aik\u0161tel\u0119. Prad\u0117tas ikiteisminis tyrimas pagal LR BK 281-1 str. 1 d.<\/p>\n<blockquote class=\"leftside\">\n<p>Automobil\u012f \u201eMercedes-Benz\u201c vairavo ir nuva\u017eiavo nuo kelio neblaivus vyras (gim. 2003 m.), kuriam nustatytas vidutinis girtumo laipsnis.<\/p>\n<\/blockquote>\n<p>Gruod\u017eio 31 d. apie 23 val. 34 min. Marijampol\u0117s sav., Puskelni\u0173 k., Ber\u017e\u0173 g., automobil\u012f \u201eMercedes Benz\u201c vairavo ir nuva\u017eiavo nuo kelio neblaivus vyras (gim. 2003 m.), kuriam nustatytas vidutinis girtumo laipsnis \u2013 1,86 prom. Automobilis i\u0161gabentas \u012f saugojimo aik\u0161tel\u0119. Prad\u0117tas ikiteisminis tyrimas pagal LR BK 281-1 str. 1 d.<\/p>\n<p>Gruod\u017eio 31 d. apie 22 val. 03 min. Vilkavi\u0161kio r., Kybartuose, Kudirkos Naumies\u010dio g., automobil\u012f \u201eVW Golf\u201c vairavo neblaivus vyras (gim. 1991 m.), kuriam nustatytas vidutinis girtumo laipsnis \u2013 1,76 prom. Automobilis i\u0161gabentas \u012f saugojimo aik\u0161tel\u0119. Prad\u0117tas ikiteisminis tyrimas pagal LR BK 281-1 str. 1 d.<\/p>\n<p>Tokio pob\u016bd\u017eio ikiteisminio tyrimo nei\u0161vengta ir \u0160iauli\u0173 apskrityje. Gruod\u017eio 31 d. 18.30 val. Raseini\u0173 r., Roglai\u010di\u0173 k., neblaivus (3,21 prom.) vyras, gim. 1993 m., vairavo automobil\u012f \u201eAudi A6\u201c, padar\u0117 eismo \u012fvyk\u012f ir pasi\u0161alino i\u0161 \u012fvykio vietos. Eismo \u012fvykio metu \u017emon\u0117s nesu\u017ealoti.<\/p>\n<p>Gruod\u017eio 31 d. apie 16 val. 3 min. Vilniuje, Kirtim\u0173 g., neblaivus (3,07 prom.) vyras (gim. 1973 m.) vairavo automobil\u012f \u201eToyota Auris\u201c. Prad\u0117tas ikiteisminis tyrimas pagal LR BK 281-1 str. 1 d.<\/p>\n<p>Gruod\u017eio 31 d. apie 21 val. 20 min. Vilniaus r., Rukaini\u0173 sen., Batvini\u0161ki\u0173 k., pasteb\u0117tas nuo kelio \u012f pakel\u0117s griov\u012f \u012fva\u017eiav\u0119s automobilis \u201eVW Passat\u201c, kurio vairuotojas i\u0161 \u012fvykio vietos pasi\u0161alin\u0119s. Automobil\u012f \u201eVW Passat\u201c vairavusiam vyrui (gim. 1972 m.) nustatyta 2,04 prom. Prad\u0117tas ikiteisminis tyrimas pagal LR BK 281-1 str. 1 d.<\/p>\n<p>Panev\u0117\u017eio apskrities vyriausiojo policijos komisariato Komunikacijos poskyrio duomenimis, sausio 1 d. apie 1 val. 30 min. Panev\u0117\u017eyje, Nepriklausomyb\u0117s g., neblaivus (2,54 prom.) vyras (gim. 2000 m.) vairavo automobil\u012f BMW 530 D. Prad\u0117tas ikiteisminis tyrimas pagal LR BK 281 str.<\/p>\n","protected":false},"excerpt":{"rendered":"Policijos departamento sausio 1 dien\u0105 vie\u0161inamoje pra\u0117jusios paros suvestin\u0117je eismo \u012fvykiai glaustai ap\u017evelgti taip: gruod\u017eio 31 d. (tre\u010diadien\u012f)&hellip;\n","protected":false},"author":2,"featured_media":74316,"comment_status":"","ping_status":"","sticky":false,"template":"","format":"standard","meta":{"footnotes":""},"categories":[13],"tags":[25,30,31,34,35,24,32,33,37,39,36,38,40,23,22,28,29,26,27],"class_list":{"0":"post-74315","1":"post","2":"type-post","3":"status-publish","4":"format-standard","5":"has-post-thumbnail","7":"category-lietuva","8":"tag-antrastes","9":"tag-breaking-news","10":"tag-breakingnews","11":"tag-featured-news","12":"tag-featurednews","13":"tag-headlines","14":"tag-latest-news","15":"tag-latestnews","16":"tag-lietuva","17":"tag-lietuviu","18":"tag-lithuania","19":"tag-lithuanian","20":"tag-lt","21":"tag-naujienos","22":"tag-news","23":"tag-populiariausios-naujienos","24":"tag-populiariausiosnaujienos","25":"tag-top-stories","26":"tag-topstories"},"share_on_mastodon":{"url":"https:\/\/pubeurope.com\/@lt\/115821690397898830","error":""},"_links":{"self":[{"href":"https:\/\/www.europesays.com\/lt\/wp-json\/wp\/v2\/posts\/74315","targetHints":{"allow":["GET"]}}],"collection":[{"href":"https:\/\/www.europesays.com\/lt\/wp-json\/wp\/v2\/posts"}],"about":[{"href":"https:\/\/www.europesays.com\/lt\/wp-json\/wp\/v2\/types\/post"}],"author":[{"embeddable":true,"href":"https:\/\/www.europesays.com\/lt\/wp-json\/wp\/v2\/users\/2"}],"replies":[{"embeddable":true,"href":"https:\/\/www.europesays.com\/lt\/wp-json\/wp\/v2\/comments?post=74315"}],"version-history":[{"count":0,"href":"https:\/\/www.europesays.com\/lt\/wp-json\/wp\/v2\/posts\/74315\/revisions"}],"wp:featuredmedia":[{"embeddable":true,"href":"https:\/\/www.europesays.com\/lt\/wp-json\/wp\/v2\/media\/74316"}],"wp:attachment":[{"href":"https:\/\/www.europesays.com\/lt\/wp-json\/wp\/v2\/media?parent=74315"}],"wp:term":[{"taxonomy":"category","embeddable":true,"href":"https:\/\/www.europesays.com\/lt\/wp-json\/wp\/v2\/categories?post=74315"},{"taxonomy":"post_tag","embeddable":true,"href":"https:\/\/www.europesays.com\/lt\/wp-json\/wp\/v2\/tags?post=74315"}],"curies":[{"name":"wp","href":"https:\/\/api.w.org\/{rel}","templated":true}]}}