{"id":74323,"date":"2026-01-01T20:35:10","date_gmt":"2026-01-01T20:35:10","guid":{"rendered":"https:\/\/www.europesays.com\/lt\/74323\/"},"modified":"2026-01-01T20:35:10","modified_gmt":"2026-01-01T20:35:10","slug":"smulkiems-verslininkams-dar-didesni-mokesciai-respublika-lt","status":"publish","type":"post","link":"https:\/\/www.europesays.com\/lt\/74323\/","title":{"rendered":"Smulkiems verslininkams &#8211; dar didesni mokes\u010diai &#8211; Respublika.lt"},"content":{"rendered":"<p><img loading=\"lazy\" decoding=\"async\" src=\"https:\/\/www.respublika.lt\/lt\/naujienos\/lietuva\/verslas\/smulkiems-verslininkams---dar-didesni-mokesciai\/images\/ico_camera_white.gif\" class=\"camera\" width=\"22\" height=\"15\" alt=\"nuotr.\" style=\"position:relative; top:-2px; right:2px;\"\/> 1 nuotr.<\/p>\n<p>Kirp\u0117j\u0173, autoservis\u0173, prekybos ir kitokias paslaugas teikiantiems smulkiesiems verslininkams kitais metais v\u0117l kils mokes\u010diai. Redakcijos archyvo nuotr.<\/p>\n<p style=\"text-align: justify;\" class=\"desktop_banner\">\u00a0<\/p>\n<p>Kartu su \u201eSodros&#8221; biud\u017eetu si\u016bloma keisti ir ma\u017e\u0173j\u0173 bendrij\u0173 bei pana\u0161i\u0173 verslo form\u0173 \u201eSodros&#8221; mokes\u010dius.<\/p>\n<p>Didesni mokes\u010diai palies tuos individualiai dirban\u010dius, kurie veikl\u0105 vykdo tur\u0117dami individualias \u012fmones, \u012fsteig\u0119 ma\u017e\u0105sias bendrijas, meno k\u016br\u0117jus. Anks\u010diau \u201eSodros&#8221; \u012fmokos jiems buvo skai\u010diuojamos nuo 50 proc. apmokestinam\u0173 pajam\u0173, tuo tarpu \u016bkininkams ir individualios veiklos pa\u017eymas turintiems buvo taikomas 90 proc. dydis. Vald\u017eia nori visk\u0105 suvienodinti, tad 50 proc. dyd\u017eio nebelikt\u0173.<\/p>\n<p>Su verslu net nesitar\u0117<\/p>\n<p>Smulkaus ir vidutinio verslo tarybos pirminink\u0117 Dalia Matukien\u0117 piktinasi, kad tokie mokes\u010di\u0173 k\u0117limai nebuvo net aptarti su verslo atstovais, kuriems mokes\u010diai ir did\u0117s. \u201eJoki\u0173 diskusij\u0173 su verslu apie tai nebuvo. Ka\u017ekada buvo u\u017esiminta tik trumpai kalbant apie vis\u0105 mokes\u010di\u0173 reform\u0105. Bet tik tiek. Rimt\u0173 diskusij\u0173 nebuvo&#8221;, &#8211; \u201eVakaro \u017einioms&#8221; sak\u0117 D.Matukien\u0117.<\/p>\n<p>Ji sako, kad tai rei\u0161kia didesnius mokes\u010dius tokiose sferose kaip kirpimo, valymo paslaugos, autoservisai, smulki prekyba: \u201eDaugiausiai tai yra versliukai, kur dirba 1-4 \u017emon\u0117s. Labai da\u017enai &#8211; \u0161eimos. Reikia suprasti, kad net ir ma\u017eame versle atsakomyb\u0117 visai kitokia nei dirbant pagal darbo sutart\u012f. \u0160is smulkus verslininkas \u012fdarbina darbuotojus, pats ie\u0161ko savo tiek\u0117j\u0173, pirk\u0117j\u0173, r\u016bpinasi reklama ir visais kitais dalykais. Labai da\u017enai jis investuoja vis\u0105 savo turt\u0105.<\/p>\n<p>\u0160tai bendravau su \u017emogumi, kuris k\u0105 tik atidar\u0117 ma\u017e\u0105j\u0105 bendrij\u0105 ir verslui pra\u0161\u0117 paskolos. Bet kaip verslininkas jos negavo. Tuomet kaip privatus asmuo kreip\u0117si, gavo 70 000 eur\u0173 paskol\u0105, d\u0117l kurios u\u017estat\u0117 vis\u0105 savo turt\u0105. Dabar imti i\u0161 jo vis didesnius mokes\u010dius, man atrodo kaip pl\u0117\u0161ikavimas.&#8221;<\/p>\n<p>Ar dar negana?<\/p>\n<p>D.Matukien\u0117 sako, jog ma\u017eoji bendrija buvo sukurta kaip patraukli verslo forma, kad gyventojams b\u016bt\u0173 paskata ry\u017etis kurti savo verslus be didel\u0117s rizikos, bet vis did\u0117jantys mokes\u010diai situacij\u0105 kei\u010dia: \u201eMa\u010diau, kaip k\u016br\u0117si ma\u017eosios bendrijos, j\u0173 sukurta 95 000. \u0160i forma tur\u0117jo b\u016bti antra ar net tre\u010dia \u017emogaus darbo vieta. Kam dabar \u017eudyti form\u0105, kuri buvo sukurta tam, kad \u017emon\u0117s patogiai kurt\u0173 savo darbo vietas.<\/p>\n<p>Negalima taip daryti su smulkiu verslu, kuris pats i\u0161silaiko, neina prie Seimo stov\u0117ti su i\u0161tiesta ranka, valstyb\u0117s nepra\u0161o i\u0161mok\u0173 ar i\u0161laikymo. Kam reikia \u017eudyti \u0161\u012f versl\u0105?<\/p>\n<p>D\u0117l vis\u0173 toki\u0173 pakeitim\u0173 didieji verslai labai lengvai tiesiog i\u0161kels savo verslus ir mokes\u010dius mok\u0117s kitose \u0161alyse. O tie ma\u017eieji, kurie dirba regionuose ir gal neturi labai daug klient\u0173, jiems bus sud\u0117tingiausia. Manau, kad bus kaip su kuru ir maisto prek\u0117mis &#8211; kuo labiau kelsime mokes\u010dius, tuo ma\u017eiau j\u0173 surinksime. Nors b\u016btent \u0161ie ma\u017eieji verslai sumoka net 74 proc. vis\u0173 verslo sumokam\u0173 mokes\u010di\u0173. Ar dar negana?&#8221;<\/p>\n<p>D.Matukien\u0117 sako, kad smulkiam verslui reikalavim\u0173 ir taip yra per daug. \u201eJau ir skaitmeninius kasos aparatus sugalvojo, kad tik nieko nenusukt\u0173. Kartais galvoju, kad ka\u017ekas vagia milijonus, ir nieko. O tam, kuris pavagia vi\u0161t\u0105, atsakomyb\u0117 visada bus pritaikyta. Deja, situacija labai li\u016bdna.<\/p>\n<p>Atsimenu, kai socialdemokratai prie\u0161 rinkimus sak\u0117, kad jeigu bus i\u0161rinkti, smulkiam ir vidutiniam verslui s\u0105lygos bus puikios ir verslas suklest\u0117s. \u0160tai kaip klesti&#8221;, &#8211; sako D.Matukien\u0117.<\/p>\n<p>Komentuoja Lietuvos buhalteri\u0173 ir auditori\u0173 asociacijos prezident\u0117 Daiva \u010cIBIRIEN\u0116:<\/p>\n<p><img loading=\"lazy\" decoding=\"async\" src=\"https:\/\/www.europesays.com\/lt\/wp-content\/uploads\/2026\/01\/1344515049.jpg\" alt=\"\" width=\"580\" height=\"389\"\/><\/p>\n<p>Kai buvo vykdoma mokes\u010di\u0173 reforma ir \u201eSodros&#8221; mokes\u010diai buvo sujungti su darbo u\u017emokes\u010diu, buvo sakoma, kad mokes\u010diai bus nekei\u010diami, tiesiog norima parodyti darbuotojo mokamus mokes\u010dius. Taip tada ir atsirado ta 50 proc. riba, kad nenukent\u0117t\u0173 kitos verslo formos. Verslas jau tada sak\u0117, kad politikai greitai pamir\u0161 savo pa\u017ead\u0105 ir \u0161\u012f dyd\u012f at\u0161auks. Dabar tai ir matome.<\/p>\n<p>Taip, ta baz\u0117 visiems tur\u0117t\u0173 b\u016bti vienoda. Tai pakeis gal tam tikr\u0173 organizacij\u0173 \u012fpro\u010dius. Pavyzd\u017eiui, LRT auditas parod\u0117, kad su darbuotojais buvo sudaromos autorin\u0117s sutartys. Tokius \u012fpro\u010dius gali pakeisti. Nes autorini\u0173 sutar\u010di\u0173 su savo darbuotojais baz\u0117 yra 100 proc. (nuo kurios skai\u010diuojami \u201eSodros&#8221; mokes\u010diai &#8211; aut. past.), o ne su savais &#8211; 50 proc. Autorinis atlyginimas buvo apmokestinamas ma\u017eesniais \u201eSodros&#8221; mokes\u010diais nei autorinis atlyginimas savo darbuotojui. Tad gali b\u016bti, kad toki\u0173 autorini\u0173 atlyginim\u0173 suma\u017e\u0117s.<\/p>\n<p>Verslas ir toliau ie\u0161kos b\u016bd\u0173 kompensuoti did\u0117jan\u010dius mokes\u010dius. Kas ras tuos b\u016bdus, toliau dirbs legaliai. B\u016bd\u0173 yra \u012fvairi\u0173: kain\u0173 k\u0117limas, verslo formos keitimas. Kas neras, trauksis \u012f \u0161e\u0161\u0117l\u012f arba veikl\u0105 u\u017edarys. Kils klausimas, ar ne geriau eiti dirbti pagal darbo sutart\u012f ir daugiau u\u017edirbti nei vykdyti savaranki\u0161k\u0105 veikl\u0105?<\/p>\n<p>Taigi, daug\u0117s \u017emoni\u0173 darbo rinkoje. Didieji verslininkai, jeigu i\u0161laikys savo veikl\u0105 Lietuvoje, gal\u0117s d\u017eiaugtis, nes bus daugiau \u017emoni\u0173, kurie eis dirbti pagal darbo sutart\u012f. Savaranki\u0161ka veikla bus individuali veikla su nedidel\u0117mis pajamomis iki koki\u0173 30 000 eur\u0173 per metus be augimo perspektyvos. Nes prad\u0117jus augti, atsiranda daugiau mokes\u010di\u0173 ir konkurencingumas d\u0117l to stipriai nuken\u010dia.<\/p>\n<p>Valstybei, \u017einoma, naudingiau, kad b\u016bt\u0173 daugiau savaranki\u0161k\u0105 veikl\u0105 vykdan\u010di\u0173 asmen\u0173. Nes savaranki\u0161kai dirbantys \u017emon\u0117s yra atsakingi u\u017e save. Jeigu politika vykdoma taip, kad savaranki\u0161kai dirban\u010di\u0173 \u017emoni\u0173 ma\u017e\u0117ja, kuriame didesn\u0119 dal\u012f visuomen\u0117s, kuri atsakomyb\u0119 perkelia darbdaviui. Darbdavys gali b\u016bti ne tik priva\u010dios \u012fstaigos, bet ir valstybin\u0117s \u012fstaigos. Taip kuriama ma\u017eesn\u0117s atsakomyb\u0117s visuomen\u0117. Tai n\u0117ra gerai.<\/p>\n<p>Ekonomikai n\u0117ra gerai, kai viskas perduodama darbdaviui. Visas inovacijas, geriausius sprendimus perkeliame darbdaviui ir ma\u017eesnis kiekis visuomen\u0117je dirba su siekiu ka\u017ek\u0105 atrasti naujo. Ekonomikai b\u016bt\u0173 geriau, kad savaranki\u0161ka veikla b\u016bt\u0173 skatinama, nes paprastai i\u0161 jos ir i\u0161sivysto verslas. Dabar tam atsirasti s\u0105lyg\u0173 ma\u017eiau.<\/p>\n<p>Ma\u017e\u0173 &#8211; ma\u017e\u0117ja, did\u017ei\u0173j\u0173 versl\u0173 &#8211; daug\u0117ja. Didesnis dideli\u0173 versl\u0173 kiekis rei\u0161kia \u012fvairi\u0173 biurokratini\u0173 sprendim\u0173 palaikym\u0105, kurie reikalauja papildom\u0173 resurs\u0173. Didysis verslas \u012f tokius sprendimus kartais \u017ei\u016bri visai pozityviai, nes ma\u017easis konkurentas tiesiog to ne\u012fpirks arba nesugeb\u0117s \u012fvykdyti vis\u0173 reikalavim\u0173. Tai n\u0117ra geras dalykas.<\/p>\n","protected":false},"excerpt":{"rendered":"1 nuotr. Kirp\u0117j\u0173, autoservis\u0173, prekybos ir kitokias paslaugas teikiantiems smulkiesiems verslininkams kitais metais v\u0117l kils mokes\u010diai. Redakcijos archyvo&hellip;\n","protected":false},"author":2,"featured_media":74324,"comment_status":"","ping_status":"","sticky":false,"template":"","format":"standard","meta":{"footnotes":""},"categories":[13],"tags":[25,30,31,10552,34,35,609,24,16466,32,33,37,39,36,38,40,16467,5084,3172,23,22,28,29,16465,420,26,27,7413,46],"class_list":{"0":"post-74323","1":"post","2":"type-post","3":"status-publish","4":"format-standard","5":"has-post-thumbnail","7":"category-lietuva","8":"tag-antrastes","9":"tag-breaking-news","10":"tag-breakingnews","11":"tag-cibiriene","12":"tag-featured-news","13":"tag-featurednews","14":"tag-gpm","15":"tag-headlines","16":"tag-individuali","17":"tag-latest-news","18":"tag-latestnews","19":"tag-lietuva","20":"tag-lietuviu","21":"tag-lithuania","22":"tag-lithuanian","23":"tag-lt","24":"tag-matukiene","25":"tag-mma","26":"tag-mokesciai","27":"tag-naujienos","28":"tag-news","29":"tag-populiariausios-naujienos","30":"tag-populiariausiosnaujienos","31":"tag-smulkus","32":"tag-sodra","33":"tag-top-stories","34":"tag-topstories","35":"tag-veikla","36":"tag-verslas"},"share_on_mastodon":{"url":"https:\/\/pubeurope.com\/@lt\/115821761212526730","error":""},"_links":{"self":[{"href":"https:\/\/www.europesays.com\/lt\/wp-json\/wp\/v2\/posts\/74323","targetHints":{"allow":["GET"]}}],"collection":[{"href":"https:\/\/www.europesays.com\/lt\/wp-json\/wp\/v2\/posts"}],"about":[{"href":"https:\/\/www.europesays.com\/lt\/wp-json\/wp\/v2\/types\/post"}],"author":[{"embeddable":true,"href":"https:\/\/www.europesays.com\/lt\/wp-json\/wp\/v2\/users\/2"}],"replies":[{"embeddable":true,"href":"https:\/\/www.europesays.com\/lt\/wp-json\/wp\/v2\/comments?post=74323"}],"version-history":[{"count":0,"href":"https:\/\/www.europesays.com\/lt\/wp-json\/wp\/v2\/posts\/74323\/revisions"}],"wp:featuredmedia":[{"embeddable":true,"href":"https:\/\/www.europesays.com\/lt\/wp-json\/wp\/v2\/media\/74324"}],"wp:attachment":[{"href":"https:\/\/www.europesays.com\/lt\/wp-json\/wp\/v2\/media?parent=74323"}],"wp:term":[{"taxonomy":"category","embeddable":true,"href":"https:\/\/www.europesays.com\/lt\/wp-json\/wp\/v2\/categories?post=74323"},{"taxonomy":"post_tag","embeddable":true,"href":"https:\/\/www.europesays.com\/lt\/wp-json\/wp\/v2\/tags?post=74323"}],"curies":[{"name":"wp","href":"https:\/\/api.w.org\/{rel}","templated":true}]}}