{"id":74325,"date":"2026-01-01T20:40:11","date_gmt":"2026-01-01T20:40:11","guid":{"rendered":"https:\/\/www.europesays.com\/lt\/74325\/"},"modified":"2026-01-01T20:40:11","modified_gmt":"2026-01-01T20:40:11","slug":"antruoju-pasauliniu-karu-besizavinciam-putinui-skaudi-realybe-delfi","status":"publish","type":"post","link":"https:\/\/www.europesays.com\/lt\/74325\/","title":{"rendered":"Antruoju pasauliniu karu besi\u017eavin\u010diam Putinui \u2013 skaudi realyb\u0117 &#8211; Delfi"},"content":{"rendered":"<ol>\n<li><a href=\"https:\/\/news.google.com\/rss\/articles\/CBMisgFBVV95cUxPck04RFFIOENYeDZ2UVRKdUFJZFRpZEpOZTBqVGU5dHRFM3BtS2FoSWpvMnlXZlZDU1NYaXh1bnltTUIwOGxGaVpGazBpR0dXNFNUdzF2VFh4aFdKaXQ0akVZTExJV2tvS0s5bnRMc3FWSS1fanJ5ekFLalRtbUJtM2dsUHAwRHgtYXBVMm1jSnY1OHNSc1FOUklRTW9XU1RTRml5akFzNHU3ejI1ZmFLVVRR?oc=5\" target=\"_blank\" rel=\"nofollow noopener\">Antruoju pasauliniu karu besi\u017eavin\u010diam Putinui \u2013 skaudi realyb\u0117<\/a>&nbsp;&nbsp;Delfi<\/li>\n<li><a href=\"https:\/\/news.google.com\/rss\/articles\/CBMi1wFBVV95cUxNWWdORkZGNHozXzZVX3VfcG9GejdTUzNUTTVpLXVvNmgtV0ZwcTlCRGRiLWtNQUc0a2RuTmh6Rjc4ellQZVZtWnJzbmR4TFFIWHZ1aWF5M2d4T1ZUV0tNM2J6NEZPWmZlbDF6LVUwT2JZWlFILTlTLVluM1ZQemdJSXpOSDhUb3dYVllMOGQ5Ui1wUmZwVlVaMjlRZkxDZ1hUdDk0TWxSLVJUaGlJa0ZUaEdFV2pHeUZlRmN2bl9qUGpLaVU4enVINmxxNUs0WEs1Qk5reTVzUQ?oc=5\" target=\"_blank\" rel=\"nofollow noopener\">\u017dinomas brit\u0173 ekspertas pateik\u0117 prognoz\u0119 Kremliui: labai ai\u0161ku, k\u0105 rusai i\u0161 tikr\u0173j\u0173 galvoja<\/a>&nbsp;&nbsp;Delfi<\/li>\n<li><a href=\"https:\/\/news.google.com\/rss\/articles\/CBMi2wFBVV95cUxPcUppSjdtYmh1ZWxCeGx1Y1VKV1NkRmp1RzNjNFNNWnduMlM3aVpnYWRid2U1NEc1SHlLVk1MT2czUC1HanEyUVEzZnB2cDdEOFRDRGdLNFZyUXVpdlVLbkduMGN4dDE0RDN2TXdxOWFnazZNdEYxTnlQZEc0d1N2MG0tZWNsRkdaMDRZczgtUTI0MzREclEtVFE0bDhvSzlfTUI3ZVN1cnEwWWhZQmpVYlUxcEdpVlZJRnVRUVRhZlFweXpyLW5JMklOd09rYnR1UExSR1pCN3Baazg?oc=5\" target=\"_blank\" rel=\"nofollow noopener\">Nauj\u0173j\u0173 i\u0161vakar\u0117se \u2013 netik\u0117tas Putino parei\u0161kimas<\/a>&nbsp;&nbsp;15min.lt<\/li>\n<li><a href=\"https:\/\/news.google.com\/rss\/articles\/CBMiqAFBVV95cUxPN0w3bzBjT0xNdTgyN0tCYmgweWxsYlR6dGdDUW5HZ3dIWGFmb2plZ0Q3VEw5RzNHVGZJSnBXRlVpcXFBOGRCSlNCZlVaTWwtRTlWRnJjMTJkWEJad3RsTmhLWjR5R240STl2Y091NENBSzNHV193TjduTHhpTV9aSm14WnM2Vnk4MExHWmtzNTJFNGlETFRWZUtoQ0xmdnhiMEFISDZrSHk?oc=5\" target=\"_blank\" rel=\"nofollow noopener\">Putinas kreip\u0117si \u012f gyventojus per televizij\u0105: \u0161tai k\u0105 pasak\u0117<\/a>&nbsp;&nbsp;tv3.lt<\/li>\n<li><a href=\"https:\/\/news.google.com\/rss\/articles\/CBMiywFBVV95cUxQQ0FGdFExVW9jdWxSOWdOSnZDWDl1RDNDMDZYOFhjTERSR2NDZjBPVk9XRHg0VDdSWk9fMmVlRU9QZUR3LVU0cklzU18xTWppdWU4SlVHSTNPOXFfU0g3dzEzR0tpV0l1MjMya0hLUldwd1g4SVV1ckZoR09KSUdaVlRPWHNodGFDRTNnUGZReDkwQ1Y5T2RCWDNSUnZwcU5tZzNNYjZfenJJbjJRWEI0aG1MWnFKVGEyWnRKaGtISG50cUxNTXZyZGdxYw?oc=5\" target=\"_blank\" rel=\"nofollow noopener\">V. Putino naujametin\u0117je kalboje \u2013 netik\u0117tas parei\u0161kimas<\/a>&nbsp;&nbsp;Lrytas<\/li>\n<\/ol>\n","protected":false},"excerpt":{"rendered":"Antruoju pasauliniu karu besi\u017eavin\u010diam Putinui \u2013 skaudi realyb\u0117&nbsp;&nbsp;Delfi \u017dinomas brit\u0173 ekspertas pateik\u0117 prognoz\u0119 Kremliui: labai ai\u0161ku, k\u0105 rusai&hellip;\n","protected":false},"author":2,"featured_media":74326,"comment_status":"","ping_status":"","sticky":false,"template":"","format":"standard","meta":{"footnotes":""},"categories":[15],"tags":[25,30,31,34,35,24,32,33,37,39,36,38,40,23,22,44,28,29,26,27,120,74,75,76],"class_list":{"0":"post-74325","1":"post","2":"type-post","3":"status-publish","4":"format-standard","5":"has-post-thumbnail","7":"category-pasaulis","8":"tag-antrastes","9":"tag-breaking-news","10":"tag-breakingnews","11":"tag-featured-news","12":"tag-featurednews","13":"tag-headlines","14":"tag-latest-news","15":"tag-latestnews","16":"tag-lietuva","17":"tag-lietuviu","18":"tag-lithuania","19":"tag-lithuanian","20":"tag-lt","21":"tag-naujienos","22":"tag-news","23":"tag-pasaulis","24":"tag-populiariausios-naujienos","25":"tag-populiariausiosnaujienos","26":"tag-top-stories","27":"tag-topstories","28":"tag-vladimiras-putinas","29":"tag-world","30":"tag-world-news","31":"tag-worldnews"},"share_on_mastodon":{"url":"https:\/\/pubeurope.com\/@lt\/115821780871512747","error":""},"_links":{"self":[{"href":"https:\/\/www.europesays.com\/lt\/wp-json\/wp\/v2\/posts\/74325","targetHints":{"allow":["GET"]}}],"collection":[{"href":"https:\/\/www.europesays.com\/lt\/wp-json\/wp\/v2\/posts"}],"about":[{"href":"https:\/\/www.europesays.com\/lt\/wp-json\/wp\/v2\/types\/post"}],"author":[{"embeddable":true,"href":"https:\/\/www.europesays.com\/lt\/wp-json\/wp\/v2\/users\/2"}],"replies":[{"embeddable":true,"href":"https:\/\/www.europesays.com\/lt\/wp-json\/wp\/v2\/comments?post=74325"}],"version-history":[{"count":0,"href":"https:\/\/www.europesays.com\/lt\/wp-json\/wp\/v2\/posts\/74325\/revisions"}],"wp:featuredmedia":[{"embeddable":true,"href":"https:\/\/www.europesays.com\/lt\/wp-json\/wp\/v2\/media\/74326"}],"wp:attachment":[{"href":"https:\/\/www.europesays.com\/lt\/wp-json\/wp\/v2\/media?parent=74325"}],"wp:term":[{"taxonomy":"category","embeddable":true,"href":"https:\/\/www.europesays.com\/lt\/wp-json\/wp\/v2\/categories?post=74325"},{"taxonomy":"post_tag","embeddable":true,"href":"https:\/\/www.europesays.com\/lt\/wp-json\/wp\/v2\/tags?post=74325"}],"curies":[{"name":"wp","href":"https:\/\/api.w.org\/{rel}","templated":true}]}}