{"id":74327,"date":"2026-01-01T20:41:22","date_gmt":"2026-01-01T20:41:22","guid":{"rendered":"https:\/\/www.europesays.com\/lt\/74327\/"},"modified":"2026-01-01T20:41:22","modified_gmt":"2026-01-01T20:41:22","slug":"naujuju-isvakarese-vien-kauno-ligonineje-gime-net-astuoni-mazyliai","status":"publish","type":"post","link":"https:\/\/www.europesays.com\/lt\/74327\/","title":{"rendered":"Nauj\u0173j\u0173 i\u0161vakar\u0117se vien Kauno ligonin\u0117je gim\u0117 net a\u0161tuoni ma\u017eyliai"},"content":{"rendered":"<p>Kauno klinik\u0173 Aku\u0161erijos ir ginekologijos klinikos vadovas prof. dr. Mindaugas Kliu\u010dinskas nurod\u0117, kad naujametin\u0119 nakt\u012f klinikose gimd\u0117 dvi moterys. I\u0161ne\u0161iot\u0173 dvynuki\u0173 \u010dia susilauk\u0117 moteris i\u0161 Klaip\u0117dos, gimdymas vyko nat\u016braliais takais. Tai pirmosios moters at\u017ealos.<\/p>\n<p>Pirmoji mergyt\u0117 gim\u0117\u00a000.16 val., antroji \u2013 kiek grei\u010diau nei po pusvaland\u017eio. Abu naujagimiai \u2013 identi\u0161ko \u016bgio (po 49 cm). Antroji ses\u0117 kiek sunkesn\u0117 u\u017e pirm\u0105j\u0105 \u2013\u00a0atitinkamai 2360 ir 2630 g.<\/p>\n<p>Pary\u010diais klinikose gim\u0117 dar vienas naujagimis. \u0160is 49 cm\u00a0\u016bgio ir 2670 g svorio berniukas \u2013 ketvirtasis vaikelis \u0161eimoje.<\/p>\n<p>Anot M. Kliu\u010dinsko, 2025-aisiais klinikose buvo 34 gimdymais ma\u017eiau nei u\u017epernai \u2013 atitinkamai 2883 ir 2916 gimdym\u0173.<\/p>\n<p>Bendr\u0105 pernai met\u0173 statistik\u0105 vis tik galb\u016bt pagerins Kauno ligonin\u0117. Kauno ligonin\u0117s \u0160ilaini\u0173 padalinio Aku\u0161erijos ir ginekologijos skyriaus budinti aku\u0161er\u0117 Valerija portalui kauno.diena.lt sak\u0117, kad padalinyje gruod\u017eio 31 d. gim\u0117 net keturios mergait\u0117s ir keturi berniukai. Paskutinis \u2013 22.06 val.<\/p>\n<p>Gali b\u016bti, kad tai rekordinis per par\u0105 \u0161ioje ligonin\u0117je gimusi\u0173 vaik\u0173 skai\u010dius. \u012eprastai per par\u0105 \u010dia gimsta trys\u2013keturi vaikai.<\/p>\n<p>Sausio 1-\u0105j\u0105 iki 11 val. ryto \u010dia gim\u0117 vienas ma\u017eylis. 9.52 val. gim\u0117 ma\u017easis Leonas. Skyriuje dar\u00a0dvi gimdyv\u0117s laukia, kol \u012f \u0161\u012f pasaul\u012f pasibels j\u0173 at\u017ealos.<\/p>\n<p>Krik\u0161\u010dioni\u0161kuosiuose gimdymo namuose sausio 1-\u0105j\u0105 iki 11 val. negim\u0117 n\u0117 vienas vaikelis. Vakar \u2013 taip pat.<\/p>\n<p>U\u017edarius P. Ma\u017eylio gimdymo namus, Kaune gimdymai priimami tik trijose medicinos \u012fstaigose.\u00a0<\/p>\n","protected":false},"excerpt":{"rendered":"Kauno klinik\u0173 Aku\u0161erijos ir ginekologijos klinikos vadovas prof. dr. Mindaugas Kliu\u010dinskas nurod\u0117, kad naujametin\u0119 nakt\u012f klinikose gimd\u0117 dvi&hellip;\n","protected":false},"author":2,"featured_media":74328,"comment_status":"","ping_status":"","sticky":false,"template":"","format":"standard","meta":{"footnotes":""},"categories":[13],"tags":[25,30,31,34,35,24,32,33,37,39,36,38,40,23,22,28,29,26,27],"class_list":{"0":"post-74327","1":"post","2":"type-post","3":"status-publish","4":"format-standard","5":"has-post-thumbnail","7":"category-lietuva","8":"tag-antrastes","9":"tag-breaking-news","10":"tag-breakingnews","11":"tag-featured-news","12":"tag-featurednews","13":"tag-headlines","14":"tag-latest-news","15":"tag-latestnews","16":"tag-lietuva","17":"tag-lietuviu","18":"tag-lithuania","19":"tag-lithuanian","20":"tag-lt","21":"tag-naujienos","22":"tag-news","23":"tag-populiariausios-naujienos","24":"tag-populiariausiosnaujienos","25":"tag-top-stories","26":"tag-topstories"},"share_on_mastodon":{"url":"https:\/\/pubeurope.com\/@lt\/115821784751502252","error":""},"_links":{"self":[{"href":"https:\/\/www.europesays.com\/lt\/wp-json\/wp\/v2\/posts\/74327","targetHints":{"allow":["GET"]}}],"collection":[{"href":"https:\/\/www.europesays.com\/lt\/wp-json\/wp\/v2\/posts"}],"about":[{"href":"https:\/\/www.europesays.com\/lt\/wp-json\/wp\/v2\/types\/post"}],"author":[{"embeddable":true,"href":"https:\/\/www.europesays.com\/lt\/wp-json\/wp\/v2\/users\/2"}],"replies":[{"embeddable":true,"href":"https:\/\/www.europesays.com\/lt\/wp-json\/wp\/v2\/comments?post=74327"}],"version-history":[{"count":0,"href":"https:\/\/www.europesays.com\/lt\/wp-json\/wp\/v2\/posts\/74327\/revisions"}],"wp:featuredmedia":[{"embeddable":true,"href":"https:\/\/www.europesays.com\/lt\/wp-json\/wp\/v2\/media\/74328"}],"wp:attachment":[{"href":"https:\/\/www.europesays.com\/lt\/wp-json\/wp\/v2\/media?parent=74327"}],"wp:term":[{"taxonomy":"category","embeddable":true,"href":"https:\/\/www.europesays.com\/lt\/wp-json\/wp\/v2\/categories?post=74327"},{"taxonomy":"post_tag","embeddable":true,"href":"https:\/\/www.europesays.com\/lt\/wp-json\/wp\/v2\/tags?post=74327"}],"curies":[{"name":"wp","href":"https:\/\/api.w.org\/{rel}","templated":true}]}}