{"id":74399,"date":"2026-01-02T04:23:29","date_gmt":"2026-01-02T04:23:29","guid":{"rendered":"https:\/\/www.europesays.com\/lt\/74399\/"},"modified":"2026-01-02T04:23:29","modified_gmt":"2026-01-02T04:23:29","slug":"ii-pensiju-kaupimo-pakopa-kaip-buvo-iki-siol-ir-kas-keiciasi-nuo-2026-uju-verslas","status":"publish","type":"post","link":"https:\/\/www.europesays.com\/lt\/74399\/","title":{"rendered":"II pensij\u0173 kaupimo pakopa: kaip buvo iki \u0161iol ir kas kei\u010diasi nuo 2026-\u0173j\u0173 | Verslas"},"content":{"rendered":"<p>\n                Nuo 2026 met\u0173 \u012fsigalios II pensij\u0173 kaupimo pakopos pakeitimai \u2013 sistema tampa savanori\u0161ka, lankstesn\u0117 ir leid\u017eianti gyventojams d\u0117l kaupimo galimybi\u0173 apsispr\u0119sti patiems. Kad b\u016bt\u0173 ai\u0161kiau, k\u0105 \u0161ie poky\u010diai rei\u0161kia prakti\u0161kai, svarbu palyginti, kaip II pakopa veik\u0117 iki \u0161iol ir kas keisis nuo kit\u0173 met\u0173.            <\/p>\n<p>\u0160io straipsnio \u012fgarsinimo gali klausyti tik 15min prenumeratoriai<\/p>\n<p>        <a onclick=\"$('html,body').animate({scrollTop: ($('.paid-content-text').offset().top - 150)}, 'slow'); gaTagEvent('navigation', 'nav_article', 'audio_prenumeruoti');\">Prenumeruoti<\/a><\/p>\n<p>                            <a href=\"https:\/\/www.15min.lt\/autorius\/evelina-joteikaite-1204228\" rel=\"nofollow noopener\" target=\"_blank\"><br \/>\n                    <img decoding=\"async\" src=\"https:\/\/www.europesays.com\/lt\/wp-content\/uploads\/2026\/01\/evelina-joteikaite-677fc277ad5f7.jpg\" alt=\"Evelina Joteikait\u0117\"\/><br \/>\n                <\/a><\/p>\n<p>\t\t\t\t<a href=\"https:\/\/s1.15min.lt\/images\/photos\/2023\/02\/27\/original\/vilnius-63fceb9a874a0.jpg\" title=\"\u017dygimanto Gedvilos \/ BNS nuotr. \/  Vilnius\" class=\"image-link\" rel=\"nofollow noopener\" target=\"_blank\"><br \/>\n\t\t\t<img decoding=\"async\" alt=\"Vilnius\" src=\"https:\/\/www.europesays.com\/lt\/wp-content\/uploads\/2026\/01\/vilnius-63fceb9a874a0.jpg\" itemprop=\"image\" width=\"970\" height=\"580\" fetchpriority=\"high\"\/>\t\t\t\t\t<\/a><\/p>\n<p>\n        Vilnius  \/ \u017dygimanto Gedvilos \/ BNS nuotr.\t<\/p>\n","protected":false},"excerpt":{"rendered":"Nuo 2026 met\u0173 \u012fsigalios II pensij\u0173 kaupimo pakopos pakeitimai \u2013 sistema tampa savanori\u0161ka, lankstesn\u0117 ir leid\u017eianti gyventojams d\u0117l&hellip;\n","protected":false},"author":2,"featured_media":74400,"comment_status":"","ping_status":"","sticky":false,"template":"","format":"standard","meta":{"footnotes":""},"categories":[13],"tags":[25,30,31,34,35,24,32,33,37,39,36,38,40,23,22,28,29,26,27],"class_list":{"0":"post-74399","1":"post","2":"type-post","3":"status-publish","4":"format-standard","5":"has-post-thumbnail","7":"category-lietuva","8":"tag-antrastes","9":"tag-breaking-news","10":"tag-breakingnews","11":"tag-featured-news","12":"tag-featurednews","13":"tag-headlines","14":"tag-latest-news","15":"tag-latestnews","16":"tag-lietuva","17":"tag-lietuviu","18":"tag-lithuania","19":"tag-lithuanian","20":"tag-lt","21":"tag-naujienos","22":"tag-news","23":"tag-populiariausios-naujienos","24":"tag-populiariausiosnaujienos","25":"tag-top-stories","26":"tag-topstories"},"share_on_mastodon":{"url":"https:\/\/pubeurope.com\/@lt\/115823601442751450","error":""},"_links":{"self":[{"href":"https:\/\/www.europesays.com\/lt\/wp-json\/wp\/v2\/posts\/74399","targetHints":{"allow":["GET"]}}],"collection":[{"href":"https:\/\/www.europesays.com\/lt\/wp-json\/wp\/v2\/posts"}],"about":[{"href":"https:\/\/www.europesays.com\/lt\/wp-json\/wp\/v2\/types\/post"}],"author":[{"embeddable":true,"href":"https:\/\/www.europesays.com\/lt\/wp-json\/wp\/v2\/users\/2"}],"replies":[{"embeddable":true,"href":"https:\/\/www.europesays.com\/lt\/wp-json\/wp\/v2\/comments?post=74399"}],"version-history":[{"count":0,"href":"https:\/\/www.europesays.com\/lt\/wp-json\/wp\/v2\/posts\/74399\/revisions"}],"wp:featuredmedia":[{"embeddable":true,"href":"https:\/\/www.europesays.com\/lt\/wp-json\/wp\/v2\/media\/74400"}],"wp:attachment":[{"href":"https:\/\/www.europesays.com\/lt\/wp-json\/wp\/v2\/media?parent=74399"}],"wp:term":[{"taxonomy":"category","embeddable":true,"href":"https:\/\/www.europesays.com\/lt\/wp-json\/wp\/v2\/categories?post=74399"},{"taxonomy":"post_tag","embeddable":true,"href":"https:\/\/www.europesays.com\/lt\/wp-json\/wp\/v2\/tags?post=74399"}],"curies":[{"name":"wp","href":"https:\/\/api.w.org\/{rel}","templated":true}]}}