{"id":74511,"date":"2026-01-02T08:10:09","date_gmt":"2026-01-02T08:10:09","guid":{"rendered":"https:\/\/www.europesays.com\/lt\/74511\/"},"modified":"2026-01-02T08:10:09","modified_gmt":"2026-01-02T08:10:09","slug":"jav-apsisprendimo-kryzkeleje-rusija-reikalauja-nustoti-medzioti-jos-tanklaivi","status":"publish","type":"post","link":"https:\/\/www.europesays.com\/lt\/74511\/","title":{"rendered":"JAV apsisprendimo kry\u017ekel\u0117je: Rusija reikalauja nustoti med\u017eioti jos tanklaiv\u012f"},"content":{"rendered":"<p>Toks pra\u0161ymas Valstyb\u0117s departamentui ir Balt\u0173j\u0173 r\u016bm\u0173 Nacionalinio saugumo tarybai buvo i\u0161si\u0173stas v\u0117lai Nauj\u0173j\u0173 met\u0173 i\u0161vakar\u0117se. Tai \u2013 naujausias pos\u016bkis nuo gruod\u017eio 21 d. persekiojamo laivo odis\u0117joje, kuris, kaip prane\u0161ta anks\u010diau, <a href=\"https:\/\/www.15min.lt\/naujiena\/aktualu\/pasaulis\/gudrus-manevras-jav-medziojamas-tanklaivis-bando-gasdinti-nupiesta-rusijos-veliava-57-2592920\" target=\"_blank\" rel=\"nofollow noopener\">nusipie\u0161\u0117 Rusijos v\u0117liav\u0105 ir tik\u0117josi i\u0161 Maskvos u\u017etarimo prie\u0161 Va\u0161ington\u0105<\/a>.<\/p>\n<p>Anot straipsnio, Rusijos reikalavimas Jungtin\u0117ms Valstijoms nutraukti laivo persekiojim\u0105 gali suteikti nauj\u0173 niuans\u0173 taikos deryboms d\u0117l Ukrainos.<\/p>\n<p>JAV paj\u0117gos tanklaiv\u012f, \u017einom\u0105 kaip \u201eBella 1\u201c, sek\u0117 beveik dvi savaites. Jis plauk\u0117 \u012f Venesuel\u0105 gabenti naftos, kai JAV paj\u0117gos Karib\u0173 j\u016broje band\u0117 j\u012f sustabdyti ir \u012fsilaipinti \u012f laiv\u0105.<\/p>\n<p> <a href=\"https:\/\/s1.15min.lt\/images\/photos\/2025\/10\/01\/original\/rusijos-seselinis-laivynas-jens-buttner-dpapicture-alliance-68dd0c4940155.jpg\" rel=\"content-image nofollow noopener\" title=\"Rusijos \u0161e\u0161\u0117linis laivynas \/ Jens B\u00fcttner \/ dpa\/picture-alliance\" target=\"_blank\"><img decoding=\"async\" alt=\"Rusijos \u0161e\u0161\u0117linis laivynas \/ Jens B\u00fcttner \/ dpa\/picture-alliance\" rel=\"content-image\" src=\"https:\/\/www.europesays.com\/lt\/wp-content\/uploads\/2025\/12\/rusijos-seselinis-laivynas-jens-buttner-dpapicture-alliance-68dd0c4940155.jpg\" style=\"width: auto; height: auto;\"\/><\/a> <\/p>\n<p>Rusijos \u0161e\u0161\u0117linis laivynas \/ Jens B\u00fcttner \/ dpa\/picture-alliance<\/p>\n<p>Amerikie\u010di\u0173 vald\u017eios institucijos nurod\u0117, kad tanklaivis plaukiojo be galiojan\u010dios valstybin\u0117s v\u0117liavos, tod\u0117l pagal tarptautin\u0119 teis\u0119 \u012f j\u012f galima \u012fsilaipinti. Tarnybos teig\u0117 turin\u010dios are\u0161to order\u012f, ta\u010diau laivo \u012fgula atsisak\u0117 jam paklusti ir gr\u012f\u017eo \u012f Atlanto vandenyn\u0105, o nuo to laiko slapst\u0117si.<\/p>\n<p>Paskui \u012fgula \u0117m\u0117si gudraus manevro ir kreip\u0117si apsaugos \u012f Rusij\u0105: ant tanklaivio nupie\u0161ta Rusijos v\u0117liava, o pakran\u010di\u0173 apsaugos tarnyba radijo ry\u0161iu sulauk\u0117 prane\u0161imo, kad juos kontroliuoja Rusija.<\/p>\n<p>Neseniai oficialiame Rusijos laiv\u0173 registre laivas atsirado nauju pavadinimu \u201eMarinera\u201c, o jo nam\u0173 uostu \u012fvardytas So\u010dis prie Juodosios j\u016bros.<\/p>\n<p>Su anonimi\u0161kumo s\u0105lyga kalb\u0117j\u0119s JAV pareig\u016bnas teig\u0117, kad Donaldo Trumpo administracija tanklaiv\u012f ir toliau laiko \u201enes\u0105\u017einingu\u201c, nes jis plaukiojo su melaginga v\u0117liava, kai pakran\u010di\u0173 apsauga pirm\u0105 kart\u0105 \u012f j\u012f kreip\u0117si.<\/p>\n<p> <a href=\"https:\/\/s1.15min.lt\/images\/photos\/2025\/12\/16\/original\/donaldas-trumpas-694140a96b2bd.jpg\" rel=\"content-image nofollow noopener\" title=\"SIPA\/ \u201eScanpix\u201c\/Donaldas Trumpas\" target=\"_blank\"><img decoding=\"async\" alt=\"SIPA\/ \u201eScanpix\u201c\/Donaldas Trumpas\" rel=\"content-image\" src=\"https:\/\/www.europesays.com\/lt\/wp-content\/uploads\/2025\/12\/1767120324_385_donaldas-trumpas-694140a96b2bd.jpg\" style=\"width: auto; height: auto;\"\/><\/a> <\/p>\n<p>SIPA\/ \u201eScanpix\u201c\/Donaldas Trumpas<\/p>\n<p>\u201eNors pagal tarptautin\u0119 teis\u0119 Rusijos apsauga \u201eBella 1\u201c gali b\u016bti ma\u017eai tik\u0117tina, Rusijos diplomatinis \u012fsiki\u0161imas gali apsunkinti JAV bandym\u0105 konfiskuoti tanklaiv\u012f vykstan\u010dio konflikto su Venesuela fone\u201c, \u2013 ra\u0161oma \u201eThe New York Times\u201c straipsnyje.<\/p>\n<p>Davidas Tannenbaumas, buv\u0119s I\u017edo departamento pareig\u016bnas, atsakingas u\u017e sankcij\u0173 laikym\u0105si, teig\u0117, kad \u201eneai\u0161ku\u201c, ar Rusijos laivui suteikta \u201evienos nakties v\u0117liavos registracija\u201c bus laikoma galiojan\u010dia.<\/p>\n<p>Anks\u010diau D.Trumpas \u012fved\u0117 beveik blokad\u0105 kai kuriems tanklaiviams, gabenantiems naft\u0105 i\u0161 Venesuelos, siekdamas daryti spaudim\u0105 Nicolas Maduro vyriausybei.<\/p>\n<p>Naftos eksportas, daugiausia \u012f Kinij\u0105, palaiko Venesuelos ekonomik\u0105. Iki \u0161iol Jungtin\u0117s Valstijos Karib\u0173 j\u016bros regione are\u0161tavo ir per\u0117m\u0117 dviej\u0173 tanklaivi\u0173 kontrol\u0119. JAV pareig\u016bnai paskelb\u0117 apie planus konfiskuoti daugiau laiv\u0173.<\/p>\n","protected":false},"excerpt":{"rendered":"Toks pra\u0161ymas Valstyb\u0117s departamentui ir Balt\u0173j\u0173 r\u016bm\u0173 Nacionalinio saugumo tarybai buvo i\u0161si\u0173stas v\u0117lai Nauj\u0173j\u0173 met\u0173 i\u0161vakar\u0117se. Tai \u2013&hellip;\n","protected":false},"author":2,"featured_media":74512,"comment_status":"","ping_status":"","sticky":false,"template":"","format":"standard","meta":{"footnotes":""},"categories":[15],"tags":[25,30,31,34,35,24,32,33,37,39,36,38,40,23,22,44,28,29,26,27,74,75,76],"class_list":{"0":"post-74511","1":"post","2":"type-post","3":"status-publish","4":"format-standard","5":"has-post-thumbnail","7":"category-pasaulis","8":"tag-antrastes","9":"tag-breaking-news","10":"tag-breakingnews","11":"tag-featured-news","12":"tag-featurednews","13":"tag-headlines","14":"tag-latest-news","15":"tag-latestnews","16":"tag-lietuva","17":"tag-lietuviu","18":"tag-lithuania","19":"tag-lithuanian","20":"tag-lt","21":"tag-naujienos","22":"tag-news","23":"tag-pasaulis","24":"tag-populiariausios-naujienos","25":"tag-populiariausiosnaujienos","26":"tag-top-stories","27":"tag-topstories","28":"tag-world","29":"tag-world-news","30":"tag-worldnews"},"share_on_mastodon":{"url":"https:\/\/pubeurope.com\/@lt\/115824494107861913","error":""},"_links":{"self":[{"href":"https:\/\/www.europesays.com\/lt\/wp-json\/wp\/v2\/posts\/74511","targetHints":{"allow":["GET"]}}],"collection":[{"href":"https:\/\/www.europesays.com\/lt\/wp-json\/wp\/v2\/posts"}],"about":[{"href":"https:\/\/www.europesays.com\/lt\/wp-json\/wp\/v2\/types\/post"}],"author":[{"embeddable":true,"href":"https:\/\/www.europesays.com\/lt\/wp-json\/wp\/v2\/users\/2"}],"replies":[{"embeddable":true,"href":"https:\/\/www.europesays.com\/lt\/wp-json\/wp\/v2\/comments?post=74511"}],"version-history":[{"count":0,"href":"https:\/\/www.europesays.com\/lt\/wp-json\/wp\/v2\/posts\/74511\/revisions"}],"wp:featuredmedia":[{"embeddable":true,"href":"https:\/\/www.europesays.com\/lt\/wp-json\/wp\/v2\/media\/74512"}],"wp:attachment":[{"href":"https:\/\/www.europesays.com\/lt\/wp-json\/wp\/v2\/media?parent=74511"}],"wp:term":[{"taxonomy":"category","embeddable":true,"href":"https:\/\/www.europesays.com\/lt\/wp-json\/wp\/v2\/categories?post=74511"},{"taxonomy":"post_tag","embeddable":true,"href":"https:\/\/www.europesays.com\/lt\/wp-json\/wp\/v2\/tags?post=74511"}],"curies":[{"name":"wp","href":"https:\/\/api.w.org\/{rel}","templated":true}]}}