{"id":74521,"date":"2026-01-02T08:23:07","date_gmt":"2026-01-02T08:23:07","guid":{"rendered":"https:\/\/www.europesays.com\/lt\/74521\/"},"modified":"2026-01-02T08:23:07","modified_gmt":"2026-01-02T08:23:07","slug":"policijos-sujudimas-kaune-rastas-suzalotas-vyras","status":"publish","type":"post","link":"https:\/\/www.europesays.com\/lt\/74521\/","title":{"rendered":"Policijos sujudimas Kaune: rastas su\u017ealotas vyras"},"content":{"rendered":"<p>\u201eGal \u017einote kas \u012fvyko Sarg\u0117nuose, Kaltin\u0117n\u0173 gatv\u0117je? Prava\u017eiuojant atrod\u0117, kad visa gatv\u0117 u\u017edaryta policijos. Nema\u017eai ekipa\u017e\u0173\u201c, \u2013 penktadien\u012f apie 08.08 val. portalo \u201eKas vyksta Kaune\u201c teiravosi skaitytoja.<\/p>\n<p>Apie galim\u0105 incident\u0105 prane\u0161\u0117 ir dar vienas skaitytojas. \u201e\u012evyko ka\u017ekoks incidentas Kaltin\u0117n\u0173 g. U\u017edarytas eismas \u0161ioje gatv\u0117je nuo Vand\u017eiogalos pl. Stovi dvi policijos automobiliai, taip pat Sarg\u0117nuose buvo pasteb\u0117tos dvi greitosios\u201c, \u2013 ra\u0161\u0117 skaitytojas.<\/p>\n<p>\u201eDabar yra matomas \u0161arvuotis ir specialieji pareig\u016bnai su automatais\u201c, \u2013 v\u0117liau dar ra\u0161\u0117 skaitytojas.<\/p>\n<p>Kaip portal\u0105 \u201eKas vyksta Kaune\u201c informavo Kauno apskrities vyriausiojo policijos komisariato atstov\u0117, apie 6 val. ryto buvo gautas prane\u0161imas, kad Kaune, Endriejavo gatv\u0117je, rastas 1979 metais gim\u0119s su\u017ealotas vyras. Jis buvo pristatytas \u012f gydymo \u012fstaig\u0105.<\/p>\n<p>Kokie vyro su\u017ealojimai ir ar ie\u0161komas galimas u\u017epuolikas, policija nedetalizuoja. Incidento aplinkybes ai\u0161kinasi pareig\u016bnai.<\/p>\n","protected":false},"excerpt":{"rendered":"\u201eGal \u017einote kas \u012fvyko Sarg\u0117nuose, Kaltin\u0117n\u0173 gatv\u0117je? Prava\u017eiuojant atrod\u0117, kad visa gatv\u0117 u\u017edaryta policijos. Nema\u017eai ekipa\u017e\u0173\u201c, \u2013 penktadien\u012f&hellip;\n","protected":false},"author":2,"featured_media":74522,"comment_status":"","ping_status":"","sticky":false,"template":"","format":"standard","meta":{"footnotes":""},"categories":[13],"tags":[25,30,31,34,35,24,32,33,37,39,36,38,40,23,22,28,29,26,27],"class_list":{"0":"post-74521","1":"post","2":"type-post","3":"status-publish","4":"format-standard","5":"has-post-thumbnail","7":"category-lietuva","8":"tag-antrastes","9":"tag-breaking-news","10":"tag-breakingnews","11":"tag-featured-news","12":"tag-featurednews","13":"tag-headlines","14":"tag-latest-news","15":"tag-latestnews","16":"tag-lietuva","17":"tag-lietuviu","18":"tag-lithuania","19":"tag-lithuanian","20":"tag-lt","21":"tag-naujienos","22":"tag-news","23":"tag-populiariausios-naujienos","24":"tag-populiariausiosnaujienos","25":"tag-top-stories","26":"tag-topstories"},"share_on_mastodon":{"url":"https:\/\/pubeurope.com\/@lt\/115824545219502934","error":""},"_links":{"self":[{"href":"https:\/\/www.europesays.com\/lt\/wp-json\/wp\/v2\/posts\/74521","targetHints":{"allow":["GET"]}}],"collection":[{"href":"https:\/\/www.europesays.com\/lt\/wp-json\/wp\/v2\/posts"}],"about":[{"href":"https:\/\/www.europesays.com\/lt\/wp-json\/wp\/v2\/types\/post"}],"author":[{"embeddable":true,"href":"https:\/\/www.europesays.com\/lt\/wp-json\/wp\/v2\/users\/2"}],"replies":[{"embeddable":true,"href":"https:\/\/www.europesays.com\/lt\/wp-json\/wp\/v2\/comments?post=74521"}],"version-history":[{"count":0,"href":"https:\/\/www.europesays.com\/lt\/wp-json\/wp\/v2\/posts\/74521\/revisions"}],"wp:featuredmedia":[{"embeddable":true,"href":"https:\/\/www.europesays.com\/lt\/wp-json\/wp\/v2\/media\/74522"}],"wp:attachment":[{"href":"https:\/\/www.europesays.com\/lt\/wp-json\/wp\/v2\/media?parent=74521"}],"wp:term":[{"taxonomy":"category","embeddable":true,"href":"https:\/\/www.europesays.com\/lt\/wp-json\/wp\/v2\/categories?post=74521"},{"taxonomy":"post_tag","embeddable":true,"href":"https:\/\/www.europesays.com\/lt\/wp-json\/wp\/v2\/tags?post=74521"}],"curies":[{"name":"wp","href":"https:\/\/api.w.org\/{rel}","templated":true}]}}