{"id":74533,"date":"2026-01-02T08:47:06","date_gmt":"2026-01-02T08:47:06","guid":{"rendered":"https:\/\/www.europesays.com\/lt\/74533\/"},"modified":"2026-01-02T08:47:06","modified_gmt":"2026-01-02T08:47:06","slug":"net-tevai-nezino-tyrejai-aiskinasi-auku-tapatybes-po-mirtino-gaisro-sveicarijoje","status":"publish","type":"post","link":"https:\/\/www.europesays.com\/lt\/74533\/","title":{"rendered":"\u201eNet t\u0117vai ne\u017eino\u201c: tyr\u0117jai ai\u0161kinasi auk\u0173 tapatybes po mirtino gaisro \u0160veicarijoje"},"content":{"rendered":"<p>Ta\u010diau gaisro bare \u201eLe Constellation\u201c, per kur\u012f \u017euvo apie 40 \u017emoni\u0173 ir ma\u017eiausiai 115 buvo su\u017eeisti, prie\u017eastys kol kas lieka neai\u0161kios.<\/p>\n<p>Liudininkai tikino, kad tragi\u0161ko incidento metu tvyrojo panika ir baim\u0117, o \u017emon\u0117s band\u0117 i\u0161dau\u017eti baro langus, kad gal\u0117t\u0173 pab\u0117gti i\u0161 \u012fvykio vietos.<\/p>\n<p>\u0160veicarijos policija prane\u0161\u0117, kad auk\u0173 tapatybi\u0173 nustatymas gali u\u017etrukti kelias dienas ar net savaites.<\/p>\n","protected":false},"excerpt":{"rendered":"Ta\u010diau gaisro bare \u201eLe Constellation\u201c, per kur\u012f \u017euvo apie 40 \u017emoni\u0173 ir ma\u017eiausiai 115 buvo su\u017eeisti, prie\u017eastys kol&hellip;\n","protected":false},"author":2,"featured_media":74534,"comment_status":"","ping_status":"","sticky":false,"template":"","format":"standard","meta":{"footnotes":""},"categories":[13],"tags":[25,30,31,34,35,24,32,33,37,39,36,38,40,23,22,28,29,26,27],"class_list":{"0":"post-74533","1":"post","2":"type-post","3":"status-publish","4":"format-standard","5":"has-post-thumbnail","7":"category-lietuva","8":"tag-antrastes","9":"tag-breaking-news","10":"tag-breakingnews","11":"tag-featured-news","12":"tag-featurednews","13":"tag-headlines","14":"tag-latest-news","15":"tag-latestnews","16":"tag-lietuva","17":"tag-lietuviu","18":"tag-lithuania","19":"tag-lithuanian","20":"tag-lt","21":"tag-naujienos","22":"tag-news","23":"tag-populiariausios-naujienos","24":"tag-populiariausiosnaujienos","25":"tag-top-stories","26":"tag-topstories"},"share_on_mastodon":{"url":"https:\/\/pubeurope.com\/@lt\/115824639444502348","error":""},"_links":{"self":[{"href":"https:\/\/www.europesays.com\/lt\/wp-json\/wp\/v2\/posts\/74533","targetHints":{"allow":["GET"]}}],"collection":[{"href":"https:\/\/www.europesays.com\/lt\/wp-json\/wp\/v2\/posts"}],"about":[{"href":"https:\/\/www.europesays.com\/lt\/wp-json\/wp\/v2\/types\/post"}],"author":[{"embeddable":true,"href":"https:\/\/www.europesays.com\/lt\/wp-json\/wp\/v2\/users\/2"}],"replies":[{"embeddable":true,"href":"https:\/\/www.europesays.com\/lt\/wp-json\/wp\/v2\/comments?post=74533"}],"version-history":[{"count":0,"href":"https:\/\/www.europesays.com\/lt\/wp-json\/wp\/v2\/posts\/74533\/revisions"}],"wp:featuredmedia":[{"embeddable":true,"href":"https:\/\/www.europesays.com\/lt\/wp-json\/wp\/v2\/media\/74534"}],"wp:attachment":[{"href":"https:\/\/www.europesays.com\/lt\/wp-json\/wp\/v2\/media?parent=74533"}],"wp:term":[{"taxonomy":"category","embeddable":true,"href":"https:\/\/www.europesays.com\/lt\/wp-json\/wp\/v2\/categories?post=74533"},{"taxonomy":"post_tag","embeddable":true,"href":"https:\/\/www.europesays.com\/lt\/wp-json\/wp\/v2\/tags?post=74533"}],"curies":[{"name":"wp","href":"https:\/\/api.w.org\/{rel}","templated":true}]}}