{"id":75032,"date":"2026-01-02T19:44:10","date_gmt":"2026-01-02T19:44:10","guid":{"rendered":"https:\/\/www.europesays.com\/lt\/75032\/"},"modified":"2026-01-02T19:44:10","modified_gmt":"2026-01-02T19:44:10","slug":"sergio-ramosas-siekia-isigyti-viena-garsiausiu-ispanijos-komandu","status":"publish","type":"post","link":"https:\/\/www.europesays.com\/lt\/75032\/","title":{"rendered":"Sergio Ramosas siekia \u012fsigyti vien\u0105 garsiausi\u0173 Ispanijos komand\u0173"},"content":{"rendered":"<p>Sergio Ramosas gali tapti \u201eSevilla\u201c savininku.<\/p>\n<p>39-metis gyn\u0117jas vadovauja investuotoj\u0173 grupei, kuri derasi d\u0117l daugumos akcij\u0173 \u012fsigijimo. Pasi\u016blymas jau pateiktas pagrindiniams akcininkams ir laikomas patraukliausiu i\u0161 vis\u0173 iki \u0161iol buvusi\u0173 pasi\u016blym\u0173.<\/p>\n<p>\u201eSevilla\u201c akademijoje u\u017eaug\u0119s S. Ramosas gr\u012f\u017eo \u012f klub\u0105 2023\u20132024 m. sezonui, o dabar remiasi savo reputacija kaip projekto veidas. Teigiama, jog s\u0117kmingo sandorio atveju komandos prezidento postas numatytas b\u016btent jam.<\/p>\n<p>Anks\u010diau favoritais \u012fsigyti klub\u0105 buvo laikyti amerikie\u010diai, bet jie atsitrauk\u0117 pamat\u0119 audito rezultatus. D\u0117l to klubo akcijos nukrito nuo 3,4 t\u016bkst. eur\u0173 iki 2,7 t\u016bkst. eur\u0173 u\u017e vienet\u0105. \u201eSevilla\u201c turi apie 70 mln. eur\u0173 trumpalaiki\u0173 skol\u0173, o bendras deficitas vir\u0161ija 300 mln. eur\u0173, kas stabdo pardavim\u0105.<\/p>\n<p>S. Ramosas paskutinius metus u\u017ebaig\u0117 Meksikoje su \u201eRayados Monterrey\u201c. Jeigu jam pavykt\u0173 \u012fsigyti \u201eSevilla\u201c, d\u0117l naujai priimto \u012fstatymo futbolininkas nebegal\u0117t\u0173 rungtyniauti Ispanijoje.  \u00a0<\/p>\n","protected":false},"excerpt":{"rendered":"Sergio Ramosas gali tapti \u201eSevilla\u201c savininku. 39-metis gyn\u0117jas vadovauja investuotoj\u0173 grupei, kuri derasi d\u0117l daugumos akcij\u0173 \u012fsigijimo. Pasi\u016blymas&hellip;\n","protected":false},"author":2,"featured_media":75033,"comment_status":"","ping_status":"","sticky":false,"template":"","format":"standard","meta":{"footnotes":""},"categories":[19],"tags":[57,43,55,48,54,51,49,50,37,39,36,38,40,45,23,44,53,42,56,47,112,104,46,58,52],"class_list":{"0":"post-75032","1":"post","2":"type-post","3":"status-publish","4":"format-standard","5":"has-post-thumbnail","7":"category-sportas","8":"tag-daiktai","9":"tag-dienos-kronika","10":"tag-gatves-tekstai","11":"tag-gyvenimas","12":"tag-interneto-pievos","13":"tag-keliones","14":"tag-kultura","15":"tag-laisvalaikis","16":"tag-lietuva","17":"tag-lietuviu","18":"tag-lithuania","19":"tag-lithuanian","20":"tag-lt","21":"tag-mokslas-ir-it","22":"tag-naujienos","23":"tag-pasaulis","24":"tag-projektai","25":"tag-rinktiniai-tekstai","26":"tag-simtmecio-portalas","27":"tag-sportas","28":"tag-sportas-lt","29":"tag-sports","30":"tag-verslas","31":"tag-video","32":"tag-zaidimai"},"share_on_mastodon":{"url":"https:\/\/pubeurope.com\/@lt\/115827222926217436","error":""},"_links":{"self":[{"href":"https:\/\/www.europesays.com\/lt\/wp-json\/wp\/v2\/posts\/75032","targetHints":{"allow":["GET"]}}],"collection":[{"href":"https:\/\/www.europesays.com\/lt\/wp-json\/wp\/v2\/posts"}],"about":[{"href":"https:\/\/www.europesays.com\/lt\/wp-json\/wp\/v2\/types\/post"}],"author":[{"embeddable":true,"href":"https:\/\/www.europesays.com\/lt\/wp-json\/wp\/v2\/users\/2"}],"replies":[{"embeddable":true,"href":"https:\/\/www.europesays.com\/lt\/wp-json\/wp\/v2\/comments?post=75032"}],"version-history":[{"count":0,"href":"https:\/\/www.europesays.com\/lt\/wp-json\/wp\/v2\/posts\/75032\/revisions"}],"wp:featuredmedia":[{"embeddable":true,"href":"https:\/\/www.europesays.com\/lt\/wp-json\/wp\/v2\/media\/75033"}],"wp:attachment":[{"href":"https:\/\/www.europesays.com\/lt\/wp-json\/wp\/v2\/media?parent=75032"}],"wp:term":[{"taxonomy":"category","embeddable":true,"href":"https:\/\/www.europesays.com\/lt\/wp-json\/wp\/v2\/categories?post=75032"},{"taxonomy":"post_tag","embeddable":true,"href":"https:\/\/www.europesays.com\/lt\/wp-json\/wp\/v2\/tags?post=75032"}],"curies":[{"name":"wp","href":"https:\/\/api.w.org\/{rel}","templated":true}]}}