{"id":75066,"date":"2026-01-02T20:28:14","date_gmt":"2026-01-02T20:28:14","guid":{"rendered":"https:\/\/www.europesays.com\/lt\/75066\/"},"modified":"2026-01-02T20:28:14","modified_gmt":"2026-01-02T20:28:14","slug":"ukrainos-zvalgyba-kremlius-rengia-didelio-masto-provokacija-gali-buti-auku","status":"publish","type":"post","link":"https:\/\/www.europesays.com\/lt\/75066\/","title":{"rendered":"Ukrainos \u017evalgyba: Kremlius rengia didelio masto provokacij\u0105, gali b\u016bti auk\u0173"},"content":{"rendered":"<p>\u201eUkrainos u\u017esienio \u017evalgybos tarnyba persp\u0117ja, kad Kremlius toliau vykdo speciali\u0105 operacij\u0105, skirt\u0105 su\u017elugdyti taikos derybas, vykstan\u010dias tarpininkaujant JAV. Min\u0117toji operacija yra kompleksinio pob\u016bd\u017eio. Po vadinamojo \u201ei\u0161puolio prie\u0161 Putino rezidencij\u0105\u201c pastebime, kad Kremlius skleid\u017eia nauj\u0105 melaging\u0105 informacij\u0105, siekdamas parengti Rusijos ir u\u017esienio auditorij\u0105 tolesniam eskalavimui\u201c, \u2013 nurodoma prane\u0161ime.<\/p>\n<p>Tarnyba prognozuoja, kad egzistuoja \u201edidel\u0117 tikimyb\u0117\u201c, jog bus \u201epereita nuo manipuliacinio poveikio prie ginkluotos provokacijos, kuri\u0105 vykdys specialiosios Rusijos tarnybos ir kuri pareikalaus daugyb\u0117s \u017emoni\u0173 auk\u0173\u201c.<\/p>\n<p>\u201eNumatomas laikas \u2013 prie\u0161 Kal\u0117das pagal Julijaus kalendori\u0173 arba j\u0173 metu. Provokacijos vieta gali b\u016bti pasirinkti maldos namai arba kitas objektas, turintis didel\u0119 simbolin\u0119 reik\u0161m\u0119 tiek Rusijoje, tiek laikinai okupuotose Ukrainos teritorijose\u201c, \u2013 prane\u0161\u0117 \u017evalgyba.<\/p>\n<p>Pa\u017eym\u0117tina, kad siekdami suklastoti \u012frodymus, neva vykdant i\u0161puol\u012f dalyvavo Ukraina, rusai planuoja panaudoti vakarieti\u0161kos gamybos smogiam\u0173j\u0173 bepilo\u010di\u0173 orlaivi\u0173 nuolau\u017eas, kurios bus pristatytos \u012f provokacijos viet\u0105 i\u0161 karo veiksm\u0173 zonos.<\/p>\n<p>\u201eBaim\u0117s i\u0161naudojimas ir teroristini\u0173 akt\u0173, kuri\u0173 aukomis tampa \u017emon\u0117s, vykdymas po svetima v\u0117liava visi\u0161kai atitinka Rusijos speciali\u0173j\u0173 tarnyb\u0173 darbo stili\u0173. Putino re\u017eimas ne kart\u0105 taik\u0117 \u0161i\u0105 taktik\u0105 Rusijos Federacijos viduje, o dabar tas pats modelis eksportuojamas \u012f u\u017esien\u012f, k\u0105 netiesiogiai patvirtina vie\u0161i auk\u0161\u010diausi\u0173 Rusijos Federacijos pareig\u016bn\u0173 parei\u0161kimai\u201c, \u2013 pa\u017eym\u0117jo U\u017esienio \u017evalgybos tarnyba.<\/p>\n","protected":false},"excerpt":{"rendered":"\u201eUkrainos u\u017esienio \u017evalgybos tarnyba persp\u0117ja, kad Kremlius toliau vykdo speciali\u0105 operacij\u0105, skirt\u0105 su\u017elugdyti taikos derybas, vykstan\u010dias tarpininkaujant JAV.&hellip;\n","protected":false},"author":2,"featured_media":75067,"comment_status":"","ping_status":"","sticky":false,"template":"","format":"standard","meta":{"footnotes":""},"categories":[15],"tags":[25,30,31,34,35,24,1211,32,33,37,39,36,38,40,23,22,44,28,29,9203,26,27,360,74,75,76],"class_list":{"0":"post-75066","1":"post","2":"type-post","3":"status-publish","4":"format-standard","5":"has-post-thumbnail","7":"category-pasaulis","8":"tag-antrastes","9":"tag-breaking-news","10":"tag-breakingnews","11":"tag-featured-news","12":"tag-featurednews","13":"tag-headlines","14":"tag-kremlius","15":"tag-latest-news","16":"tag-latestnews","17":"tag-lietuva","18":"tag-lietuviu","19":"tag-lithuania","20":"tag-lithuanian","21":"tag-lt","22":"tag-naujienos","23":"tag-news","24":"tag-pasaulis","25":"tag-populiariausios-naujienos","26":"tag-populiariausiosnaujienos","27":"tag-provokacija","28":"tag-top-stories","29":"tag-topstories","30":"tag-ukraina","31":"tag-world","32":"tag-world-news","33":"tag-worldnews"},"share_on_mastodon":{"url":"https:\/\/pubeurope.com\/@lt\/115827396073878615","error":""},"_links":{"self":[{"href":"https:\/\/www.europesays.com\/lt\/wp-json\/wp\/v2\/posts\/75066","targetHints":{"allow":["GET"]}}],"collection":[{"href":"https:\/\/www.europesays.com\/lt\/wp-json\/wp\/v2\/posts"}],"about":[{"href":"https:\/\/www.europesays.com\/lt\/wp-json\/wp\/v2\/types\/post"}],"author":[{"embeddable":true,"href":"https:\/\/www.europesays.com\/lt\/wp-json\/wp\/v2\/users\/2"}],"replies":[{"embeddable":true,"href":"https:\/\/www.europesays.com\/lt\/wp-json\/wp\/v2\/comments?post=75066"}],"version-history":[{"count":0,"href":"https:\/\/www.europesays.com\/lt\/wp-json\/wp\/v2\/posts\/75066\/revisions"}],"wp:featuredmedia":[{"embeddable":true,"href":"https:\/\/www.europesays.com\/lt\/wp-json\/wp\/v2\/media\/75067"}],"wp:attachment":[{"href":"https:\/\/www.europesays.com\/lt\/wp-json\/wp\/v2\/media?parent=75066"}],"wp:term":[{"taxonomy":"category","embeddable":true,"href":"https:\/\/www.europesays.com\/lt\/wp-json\/wp\/v2\/categories?post=75066"},{"taxonomy":"post_tag","embeddable":true,"href":"https:\/\/www.europesays.com\/lt\/wp-json\/wp\/v2\/tags?post=75066"}],"curies":[{"name":"wp","href":"https:\/\/api.w.org\/{rel}","templated":true}]}}