{"id":75419,"date":"2026-01-03T12:04:09","date_gmt":"2026-01-03T12:04:09","guid":{"rendered":"https:\/\/www.europesays.com\/lt\/75419\/"},"modified":"2026-01-03T12:04:09","modified_gmt":"2026-01-03T12:04:09","slug":"dakaro-ralis-pirmaja-diena-prologo-etapas-6","status":"publish","type":"post","link":"https:\/\/www.europesays.com\/lt\/75419\/","title":{"rendered":"Dakaro ralis: pirm\u0105j\u0105 dien\u0105 \u2013 prologo etapas"},"content":{"rendered":"<p><a rel=\"noopener nofollow\" target=\"_blank\" href=\"https:\/\/www.delfi.lt\/temos\/dakaras-2026\" tag-id=\"96615804\">Dakaras 2026<\/a> startuoja \u0161e\u0161tadien\u012f, sausio 3-i\u0105j\u0105, ir baigsis sausio 17 dien\u0105. Jau 7-t\u0105 kart\u0105 lenktyn\u0117s vyksta Saudo Arabijoje. I\u0161 viso ral\u012f sudarys 13 grei\u010dio ruo\u017e\u0173 ir prologas, tad dalyviai lenktyniaus 14 dien\u0173. <\/p>\n<p>Automobili\u0173 \u201eUltimate\u201c klas\u0117je fini\u0161\u0105 pasiek\u0117 abu lietuvi\u0173 ekipa\u017eai. <\/p>\n<p>Benediktas Vanagas ir Aisvydas Paliuk\u0117nas 22 km prologo atkarp\u0105 \u012fveik\u0117 per 11:29 min. ir preliminariai u\u017e\u0117m\u0117 20-\u0105 viet\u0105. <\/p>\n<p>Pozicija dar gali keistis fini\u0161\u0105 pasiekus greitesniems pilotams. Kol kas geriausi\u0105 temp\u0105 prologe demonstravo \u0161vedas Mattiasas Ekstromas \u2013 10:48 min. <\/p>\n<p>Gintas Petrus prolog\u0105 \u012fveik\u0117 per 14:22 min. ir preliminariai rikiuojamas 42-oje pozicijoje.  <\/p>\n<p>\u201eStock\u201c klas\u0117je \u2013 amerikiet\u0117s lyderyst\u0117 <\/p>\n<p>Ir <a rel=\"noopener nofollow\" target=\"_blank\" href=\"https:\/\/www.delfi.lt\/temos\/rokas-baciuska\" tag-id=\"62012627\">Rok\u0105 Baciu\u0161k\u0105<\/a>, ir ralio ikon\u0105 60-met\u012f <a rel=\"noopener nofollow\" target=\"_blank\" href=\"https:\/\/www.delfi.lt\/temos\/stephane-peterhansel\" tag-id=\"49713340\">Stephane&#8217;\u0105 Peterhansel\u012f<\/a> lenk\u0117 33-ej\u0173 Sara Price, tre\u010dioji \u201eDefender\u201c komandos lenktyninink\u0117. Jai tai tre\u010diasis Dakaro ralis.\u201cNoriu tapti pirm\u0105ja amerikiete, laim\u0117jusia Dakaro ral\u012f\u201c, \u2013 toki\u0105 dr\u0105si\u0105 svajon\u0119 puosel\u0117ja \u201eDefender\u201c lenktyninink\u0117 ir tam tikra prasme ji d\u0117jo pirm\u0105 \u017eingsn\u012f \u0161iame ralyje savjon\u0117s link.   \u201eSTOCK\u201c klas\u0117s TOP-3: <\/p>\n<ol>\n<li>\n<p>Sara Price (JAV) \u2013 12:03 min. <\/p>\n<\/li>\n<li>\n<p>Stephane Peterhansel (Pranc\u016bzija) \u2013 12:07 min.  <\/p>\n<\/li>\n<li>\n<p>Rokas Baciu\u0161ka (Lietuva) \u2013 12:08 min. <\/p>\n<\/li>\n<\/ol>\n<p>Lietuvi\u0173 motociklinink\u0173 gretose prologe grei\u010diausias \u2013 Nerimantas Jucius (12:58 min.). Jis galutin\u0117je rikiuot\u0117je u\u017e\u0117m\u0117 28 viet\u0105. Nuo jo 14 sekund\u017ei\u0173 atsiliko pirm\u0105j\u012f savo Dakar\u0105 va\u017eiuojantis Dovydas Karka, jis liko 35-as. <\/p>\n<p>Ralio debiutantas Saulius Klevinskas prologe u\u017etruko 15:30 min. bei yra rikiuojamas 74 pozicijoje, dar vienas naujokas Edvard Sokolovskij u\u017e\u0117m\u0117 49 viet\u0105. Jie prologe lenk\u0117 Gedimin\u0105 \u0160atk\u0173, kuris u\u017etruko 17:41 min. ir rikiuot\u0117je liko 111-as. <\/p>\n<p>S. Klevinskas \u2013 buv\u0119s Lietuvos vartininkas, \u0161alies \u010dempionas ir rinktin\u0117s narys. Buv\u0119s futbolininkas po karjeros pabaigos vis aktyviau \u012fsitrauk\u0117 \u012f bekel\u0117s motociklus ir jau po Nauj\u0173j\u0173 b\u016btent motocikl\u0173 klas\u0117je gina Lietuvos garb\u0119 sunkiausiu vadinamame pasaulio ralyje. <\/p>\n<p>Prologo rezultatai: (lenktynininkas, pozicija bendroje \u012fsk., rezultatas): <\/p>\n<p>TOP-3: <\/p>\n<ol type=\"\">\n<li>\n<p>Edgar Canet 11:31 min. <\/p>\n<\/li>\n<li>\n<p>Daniel Sanders 11:34 min. <\/p>\n<\/li>\n<li>\n<p>Ricky Brabec 11:36 min. <\/p>\n<\/li>\n<\/ol>\n<p>Lietuvi\u0173 rezultatai: <\/p>\n<p>Ralio direktorius Davidas Castera pristatymo metu teig\u0117, jog \u0161i vietov\u0117 \u2013 nesibaigianti ir nei\u0161semiama \u017eaidim\u0173 aik\u0161tel\u0117, tod\u0117l 70 proc. tras\u0173 dalyviams bus dar n\u0117 karto nematytos.<\/p>\n<p>Saudo Arabijos Janbu mieste, \u0161alia Raudonosios j\u016bros, \u0161e\u0161tadien\u012f sportininkai tur\u0117s \u012fveikti 22 km grei\u010dio ruo\u017e\u0105, kuris atrodo trumpas, ta\u010diau organizatoriai nurodo, kad lengva nebus.<\/p>\n<p>       <img decoding=\"async\" src=\"https:\/\/www.europesays.com\/lt\/wp-content\/uploads\/2026\/01\/1767441848_709_e1efa1cf-39c9-44f4-9d8b-528e8ae467aa.jpg\" loading=\"lazy\" alt=\"Benediktas Vanagas.Toyota Hilux bolidas\"\/>    <\/p>\n<p>\u201eNegalima klysti manant, kad \u0161is pradinis etapas yra tik ap\u0161ilimas. Trasa vingiuoja tarp nedideli\u0173 kalv\u0173, eina \u017evyrkeliais, kurie, nors ir n\u0117ra ypa\u010d sud\u0117tingi, reikalauja \u012fg\u016bd\u017ei\u0173 vairuojant. Nereik\u0117t\u0173 pamir\u0161ti, kad vakare vyksian\u010dioje ceremonijoje, kurioje grei\u010diausi vairuotojai pasirinks savo starto tvark\u0105 kitai dienai, galimai bus u\u017efiksuoti minimal\u016bs skirtumai. <\/p>\n<p>2022 m. \u012fvestas formatas atveria duris strateginiams statymams\u201c, \u2013 apie etap\u0105 ra\u0161o ralio organizatoriai.<\/p>\n<p>\u0160iemet prie starto linijos \u2013 rekordinis kiekis (15) lietuvi\u0173, kurie i\u0161sibarst\u0117 bene po visas Dakaro kategorijas:<\/p>\n<ul>\n<li>\n<p>Motociklininkai: jau Dakaro duonos ragav\u0119 Gediminas \u0160atkus (8.44 val.) ir Nerimantas Jucius (9.39 val.) bei debiutantai Edvard Sokolovski (8.52 val.), Saulius Klevinskas (9.00 val.) ir Dovydas Karka (9.17 val.)<\/p>\n<\/li>\n<li>\n<p>Automobili\u0173 \u201eUltimate\u201c (T1+) kategorija \u2013 11.53 val. startuoja <a rel=\"noopener nofollow\" target=\"_blank\" href=\"https:\/\/www.delfi.lt\/temos\/gintas-petrus\" tag-id=\"76808085\">Gintas Petrus<\/a>, o 12.05 val. <a rel=\"noopener nofollow\" target=\"_blank\" href=\"https:\/\/www.delfi.lt\/temos\/benediktas-vanagas\" tag-id=\"53922407\">Benedikto Vanago<\/a> ir Aisvydo Paliuk\u0117no ekipa\u017eas.<\/p>\n<\/li>\n<li>\n<p>Automobiliai \u201eStock\u201c (T2) \u2013 gamyklinei \u201eDefender\u201c komandai atstovauja <a rel=\"noopener nofollow\" target=\"_blank\" href=\"https:\/\/www.delfi.lt\/temos\/rokas-baciuska\" tag-id=\"62012627\">Rokas Baciu\u0161ka.<\/a> Jo startas 13.11 val.<\/p>\n<\/li>\n<li>\n<p>Bagiai (SSV) \u2013 pirm\u0105 kart\u0105 laim\u0119 Dakare 14.40 val. i\u0161bandys Mindaugo Sidabro ir Ernesto \u010cesoko ekipa\u017eas. \u012e \u0161turmano s\u0117dyn\u0119, \u0161alia vietinio vairuotojo Saleh Al Saif sugr\u012f\u017eo ir Albert Veliamovi\u010d, kuris \u012f tras\u0105 leisis 14.49 val.<\/p>\n<\/li>\n<li>\n<p>Sunkve\u017eimiai \u2013 \u201eIveco\u201c \u012f sm\u0117lynus 15.28 val. i\u0161vys <a rel=\"noopener nofollow\" target=\"_blank\" href=\"https:\/\/www.delfi.lt\/temos\/vaidotas-zala\" tag-id=\"64482474\">Vaidotas \u017dala<\/a>.<\/p>\n<\/li>\n<li>\n<p>\u201eClassic\u201c trasoje \u2013 atkartoti savo s\u0117km\u0119 sieks <a rel=\"noopener nofollow\" target=\"_blank\" href=\"https:\/\/www.delfi.lt\/temos\/karolis-raisys\" tag-id=\"67818542\">Karolis Rai\u0161ys<\/a> ir kito piloto \u0161turmanu tap\u0119s Ignas Daunoravi\u010dius. Jie savo lenktynes prad\u0117s anks\u010diausiai I. Daunoravi\u010diaus startas numatytas 6.57 val, o K. Rai\u0161ys i\u0161va\u017eiuos 7.16 val.<\/p>\n<\/li>\n<\/ul>\n<p>Starto laikas nurodytas Lietuvos laiku.<\/p>\n<p>    <img decoding=\"async\" src=\"https:\/\/www.europesays.com\/lt\/wp-content\/uploads\/2026\/01\/1767441849_253_13aff537-762b-4fe9-b3e5-a678e5cb7efb.jpg\" loading=\"lazy\" alt=\"Dovydas Karka\"\/>      <\/p>\n<p>Numatyta, kad per vis\u0105 ral\u012f ekipa\u017eai tur\u0117s \u012fveikti 8 000 km ilgio mar\u0161rut\u0105, \u012fskaitant 5 000 km grei\u010dio ruo\u017e\u0173. Suplanuoti keturi \u017eiediniai etapai, tai yra, prad\u017eios ir pabaigos ta\u0161kas bus tas pats bivuakas. Atsisakyta 48 val. trukusio \u201eChrono\u201c etapo, kuris buvo naudojamas paskutiniuose dviejuose raliuose.<\/p>\n<p>Ralyje bus du maratono etapai, kuriuose dalyviai negal\u0117s gauti pagalbos i\u0161 savo komandos mechanik\u0173. Vienas numatytas pirmosios savait\u0117s viduryje, kitas \u2013 antrosios savait\u0117s viduryje. Dalyviai savo bivuakus paliks su miegmai\u0161iu, palapine ir maisto daviniu.<\/p>\n<p>\u012evedamas ir palengvinimas maratone \u2013 special\u016bs sustojimai akmenuotose vietov\u0117se, kur ekipa\u017eai gal\u0117s gauti technin\u0119 pagalb\u0105. Da\u017eniausiai akmenys pareikalauja daugiau padang\u0173 nei dalyviai ve\u017easi kartu su savimi.<\/p>\n<p>       <img decoding=\"async\" src=\"https:\/\/www.europesays.com\/lt\/wp-content\/uploads\/2026\/01\/1767441849_993_db19f417-e1db-4861-8c40-8d10c879a4b1.jpg\" loading=\"lazy\" alt=\"Benediktas Vanagas.Toyota Hilux bolidas\"\/>      <\/p>\n<p>Klasikinio Dakaro dalyviai tur\u0117s \u012fveikti kiek trumpesn\u012f \u2013 4 500 km atstum\u0105. Prane\u0161ime skelbiama, jog toks atstumas \u0161ioje kategorijoje \u2013 rekordinis.<\/p>\n<p>Apskai\u010diuota, kad \u0161iemet var\u017eysis 812 dalyvi\u0173 i\u0161 69 \u0161ali\u0173, ralyje skries 433 transporto priemon\u0117s. <\/p>\n","protected":false},"excerpt":{"rendered":"Dakaras 2026 startuoja \u0161e\u0161tadien\u012f, sausio 3-i\u0105j\u0105, ir baigsis sausio 17 dien\u0105. Jau 7-t\u0105 kart\u0105 lenktyn\u0117s vyksta Saudo Arabijoje.&hellip;\n","protected":false},"author":2,"featured_media":75356,"comment_status":"","ping_status":"","sticky":false,"template":"","format":"standard","meta":{"footnotes":"","_share_on_mastodon":"0"},"categories":[19],"tags":[5143,9141,3330,14166,16550,16148,37,39,36,38,40,15809,3329,47,104,3328,16188],"class_list":["post-75419","post","type-post","status-publish","format-standard","has-post-thumbnail","category-sportas","tag-benediktas-vanagas","tag-dakaras-2026","tag-dakaro-ralis","tag-dovydas-karka","tag-gintas-petrus","tag-karolis-raisys","tag-lietuva","tag-lietuviu","tag-lithuania","tag-lithuanian","tag-lt","tag-nerimantas-jucius","tag-rokas-baciuska","tag-sportas","tag-sports","tag-stephane-peterhansel","tag-vaidotas-zala"],"share_on_mastodon":{"url":"https:\/\/pubeurope.com\/@lt\/115831076451907279","error":""},"_links":{"self":[{"href":"https:\/\/www.europesays.com\/lt\/wp-json\/wp\/v2\/posts\/75419","targetHints":{"allow":["GET"]}}],"collection":[{"href":"https:\/\/www.europesays.com\/lt\/wp-json\/wp\/v2\/posts"}],"about":[{"href":"https:\/\/www.europesays.com\/lt\/wp-json\/wp\/v2\/types\/post"}],"author":[{"embeddable":true,"href":"https:\/\/www.europesays.com\/lt\/wp-json\/wp\/v2\/users\/2"}],"replies":[{"embeddable":true,"href":"https:\/\/www.europesays.com\/lt\/wp-json\/wp\/v2\/comments?post=75419"}],"version-history":[{"count":0,"href":"https:\/\/www.europesays.com\/lt\/wp-json\/wp\/v2\/posts\/75419\/revisions"}],"wp:featuredmedia":[{"embeddable":true,"href":"https:\/\/www.europesays.com\/lt\/wp-json\/wp\/v2\/media\/75356"}],"wp:attachment":[{"href":"https:\/\/www.europesays.com\/lt\/wp-json\/wp\/v2\/media?parent=75419"}],"wp:term":[{"taxonomy":"category","embeddable":true,"href":"https:\/\/www.europesays.com\/lt\/wp-json\/wp\/v2\/categories?post=75419"},{"taxonomy":"post_tag","embeddable":true,"href":"https:\/\/www.europesays.com\/lt\/wp-json\/wp\/v2\/tags?post=75419"}],"curies":[{"name":"wp","href":"https:\/\/api.w.org\/{rel}","templated":true}]}}