{"id":75432,"date":"2026-01-03T12:26:40","date_gmt":"2026-01-03T12:26:40","guid":{"rendered":"https:\/\/www.europesays.com\/lt\/75432\/"},"modified":"2026-01-03T12:26:40","modified_gmt":"2026-01-03T12:26:40","slug":"lnk-eteryje-sokas-ziurovams-pasirode-skandalingai-pagarsejes-buves-pupytes-vyras","status":"publish","type":"post","link":"https:\/\/www.europesays.com\/lt\/75432\/","title":{"rendered":"LNK eteryje \u2013 \u0161okas \u017ei\u016brovams: pasirod\u0117 skandalingai pagars\u0117j\u0119s buv\u0119s \u201epupyt\u0117s\u201c vyras"},"content":{"rendered":"<p>LNK eteryje \u2013 netik\u0117tas \u201eprezidentas\u201c<\/p>\n<p>\u012epus\u0117jus programai, dar prie\u0161 vidurnakt\u012f, reklamin\u0117je pauz\u0117je tarp laidos \u201e(Ne)paprasti naujieji su LNK\u201c, pasirod\u0117 Lietuvos prezident\u016bros vaizdas, \u0161alies v\u0117liava ir&#8230; it prezidentas \u012f lietuvius besikreipiantis <a rel=\"noopener nofollow\" target=\"_blank\" href=\"https:\/\/www.delfi.lt\/temos\/andrejus-dascenka\" tag-id=\"63209794\">Andrejus Da\u0161\u010denka<\/a>.<\/p>\n<p>    <img decoding=\"async\" src=\"https:\/\/www.europesays.com\/lt\/wp-content\/uploads\/2026\/01\/7911ca79-4fd2-43f7-b019-0952465ba9bb.jpg\" loading=\"lazy\" alt=\"(Ne)paprasti naujieji su LNK\"\/>    <\/p>\n<p>\u201eMieli Lietuvos \u017emon\u0117s, \u0161\u012fvakar man malonu b\u016bti kartu su jumis, i\u0161lydint senuosius ir pasitinkant naujuosius 2026-uosius metus. <\/p>\n<p>Naujieji metai ateina ne tam, kad b\u016bt\u0173 lengvesni, o tam, kad b\u016bt\u0173 prasmingesni. Tegul naujieji metai atne\u0161a ramyb\u0119 tiems, kurie jos ie\u0161ko, ir pasidid\u017eiavim\u0105 tiems, kurie daro tai, kas teisinga. <\/p>\n<p>Valstyb\u0117 prasideda ne nuo \u012fstatym\u0173, ne nuo sien\u0173. Ji pirmiausia prasideda namuose. Tod\u0117l nepamir\u0161kite pasveikinti savo artim\u0173j\u0173, draug\u0173, kaimyn\u0173 ir netgi  prie\u0161\u0173. Linkiu, kad naujieji metai atne\u0161t\u0173 tai, ko j\u016bs labiausiai norite, o m\u016bs\u0173 vald\u017eia r\u016bpint\u0173si Lietuvos pilie\u010di\u0173 gerove. Su naujais metais, Lietuva\u201c, \u2013 kreip\u0117si jis. <\/p>\n<p>    <img decoding=\"async\" src=\"https:\/\/www.europesays.com\/lt\/wp-content\/uploads\/2026\/01\/6bf82aac-ccf4-4d08-bed0-7452fc9687ff.jpg\" loading=\"lazy\" alt=\"Andrejus Da\u0161\u010denka\"\/>      <\/p>\n<p>\u201eDelfi\u201c primena, kad A. Da\u0161\u010denka yra buv\u0119s mergin\u0173 grup\u0117s \u201eOlialia pupyt\u0117s\u201c atlik\u0117jos <a rel=\"noopener nofollow\" target=\"_blank\" href=\"https:\/\/www.delfi.lt\/temos\/marina-bui\" tag-id=\"59094275\">Marinos Bui<\/a> sutuoktinis. Su juo moteris susilauk\u0117 dukters. <\/p>\n<p>    <img decoding=\"async\" src=\"https:\/\/www.europesays.com\/lt\/wp-content\/uploads\/2026\/01\/f5aae870-6106-11ed-b391-1f2b4e3206c2.jpg\" loading=\"lazy\" alt=\"Marina Bui ir Andrejus Da\u0161\u010denka\"\/>    <\/p>\n<p>Tiesa, jis ne ma\u017eiau \u017einomas d\u0117l kriminalin\u0117s praeities. A. Da\u0161\u010denka nemalonum\u0173 sulauk\u0117 po policijos dar 2010 metais prad\u0117to ikiteisminio tyrimo d\u0117l pinig\u0173 vagyst\u0117s i\u0161 SEB banko bankomat\u0173 \u2013 tyrim\u0105 pareig\u016bnai prad\u0117to rugpj\u016bt\u012f, kai buvo pavogti beveik 38 t\u016bkst. Eur. Kita vagyst\u0117 \u012fvykdyta lapkri\u010dio 4 d., kai buvo pavogti daugiau kaip 94 t\u016bkst. Eur. Dar kart\u0105 pinigai i\u0161 bankomato buvo pavogti rugs\u0117jo 13 d., kai bankui buvo padarytas beveik 77 t\u016bkst. Eur nuostolis. Visos trys vagyst\u0117s buvo \u012fvykdytos skirtingose Vilniaus vietose.<\/p>\n<p>D\u0117l \u012fvykdyt\u0173 vagys\u010di\u0173 pareig\u016bnai buvo pateik\u0119 kaltinimus \u0161e\u0161iems asmenims, tarp j\u0173 buvo ir u\u017e pinig\u0173 inkasacij\u0105 atsakingi saugos bendrov\u0117s \u201eG4S\u201c darbuotojai, ir min\u0117tasis A. Da\u0161\u010denka.<\/p>\n<p>    <img decoding=\"async\" src=\"https:\/\/www.europesays.com\/lt\/wp-content\/uploads\/2026\/01\/0ee9ebb0-6107-11ed-b88d-c5ab0ac9adb7.jpg\" loading=\"lazy\" alt=\"Andrejus Da\u0161\u010denka\"\/>    <\/p>\n<p>2017-aisiais, nesurinkus u\u017etektinai duomen\u0173 apie kaltinam\u0173j\u0173 dalyvavim\u0105 padarant nusikalstam\u0105 veik\u0105, jie buvo i\u0161teisinti. <\/p>\n<p>Kilo pasipiktinimas<\/p>\n<p>Nepaisant to, kad A. Da\u0161\u010denka buvo i\u0161teisintas, jo skandalinga praeitis da\u017enam lietuviui kelia slogius prisiminimus, ypa\u010d, kai kalbama apie TV eter\u012f pa\u010diu populiariausiu laiku. <\/p>\n<p>Pirmasis apie visuomen\u0117s reakcijas prane\u0161\u0117 portalas \u201e\u017dmon\u0117s\u201c.<\/p>\n<p>Internete pasipyl\u0117 pasipiktinimo \u017einut\u0117s, dal\u012f j\u0173 buvo galima rasti ir \u201eDiscord\u201c serveryje \u201ePletkai\u201c, kur aptariamos Lietuvos aktualijos.<\/p>\n<p>    <img decoding=\"async\" src=\"https:\/\/www.europesays.com\/lt\/wp-content\/uploads\/2026\/01\/b045eaf1-2d6a-4d01-822d-21c786cbc146.jpg\" loading=\"lazy\" alt=\"Reakcijos po naujametin\u0117s laidos\"\/>    <\/p>\n<p>Tautie\u010diai nesl\u0117p\u0117, kaip toks vaizdas juos privert\u0117 pasijausti:<\/p>\n<ul>\n<li>\n<p>\u201eArt\u0117jam prie ruskyno\u201c;<\/p>\n<\/li>\n<li>\n<p>\u201eBuvau \u012fsitikinusi, kad kas tai sumontavo su dirbtiniu intelektu\u201c;<\/p>\n<\/li>\n<li>\n<p>\u201e\u010cia rimtai? Boikotuoti LNK\u201c;<\/p>\n<\/li>\n<li>\n<p>\u201e\u010cia jau tur\u0117t\u0173 \u201eDelfi\u201c straipsn\u012f para\u0161yti ir tegul LNK paai\u0161kina, kas \u010dia per \u0161\u016bdas\u201c;<\/p>\n<\/li>\n<li>\n<p>\u201eJis gi teistas u\u017e bankomato apipl\u0117\u0161im\u0105, tai dar betr\u016bkt\u0173, kad Lapinsko kalbas TV transliuot prad\u0117t\u0173\u201c;<\/p>\n<\/li>\n<li>\n<p>\u201eKai pama\u010diau per TV, pamaniau, kad gal koks bajeris\u201c;<\/p>\n<\/li>\n<li>\n<p>\u201eWow, galvojau, kad tai dirbtinis intelektas\u201c, \u2013 tokie ir pana\u0161\u016bs komentarai pilasi \u0161ioje temoje.<\/p>\n<\/li>\n<\/ul>\n<p>    <img decoding=\"async\" src=\"https:\/\/www.europesays.com\/lt\/wp-content\/uploads\/2026\/01\/aa89f770-71f8-11ed-90cd-27cd6bd730e1.jpg\" loading=\"lazy\" alt=\"Andrejus Da\u0161\u010denka\"\/>    <\/p>\n<p>LNK paai\u0161kino, kas nutiko<\/p>\n<p>\u201eDelfi\u201c d\u0117l \u0161ios situacijos susisiek\u0117 su LNK atstovu \u017einiasklaidai Gediminu Mala\u0161kevi\u010diumi, kuris paai\u0161kino, kad minimas epizodas programoje buvo teis\u0117ta reklama. <\/p>\n<p>Be to, pabr\u0117\u017eiama, kad A. Da\u0161\u010denkos kreipimasis vyko ne naujametin\u0117je laidoje, o jos reklamin\u0117je pauz\u0117je.<\/p>\n<p>\u201eBuvo i\u0161transliuota u\u017esakovo \u2013 \u012fmon\u0117s \u2013 pateikta reklamos med\u017eiaga reklamini\u0173 prane\u0161im\u0173 bloke, pateikta reklamin\u0117 med\u017eiaga atitiko galiojan\u010dius teis\u0117s aktus ir reklamai keliamus reikalavimus\u201c, \u2013 teig\u0117 televizijos atstovas.<\/p>\n<p>Tokia reklama paskatino kalbas, kad A. Da\u0161\u010denka, matyt, galvoja pasukti \u012f politikos vandenis.<\/p>\n","protected":false},"excerpt":{"rendered":"LNK eteryje \u2013 netik\u0117tas \u201eprezidentas\u201c \u012epus\u0117jus programai, dar prie\u0161 vidurnakt\u012f, reklamin\u0117je pauz\u0117je tarp laidos \u201e(Ne)paprasti naujieji su LNK\u201c,&hellip;\n","protected":false},"author":2,"featured_media":75433,"comment_status":"","ping_status":"","sticky":false,"template":"","format":"standard","meta":{"footnotes":"","_share_on_mastodon":"0"},"categories":[6],"tags":[16501,25,30,31,34,35,24,32,33,37,39,36,38,2574,40,16500,8802,23,22,28,29,26,27],"class_list":["post-75432","post","type-post","status-publish","format-standard","has-post-thumbnail","category-antrastes","tag-andrejus-dascenka","tag-antrastes","tag-breaking-news","tag-breakingnews","tag-featured-news","tag-featurednews","tag-headlines","tag-latest-news","tag-latestnews","tag-lietuva","tag-lietuviu","tag-lithuania","tag-lithuanian","tag-lnk","tag-lt","tag-marina-bui","tag-naujieji-metai","tag-naujienos","tag-news","tag-populiariausios-naujienos","tag-populiariausiosnaujienos","tag-top-stories","tag-topstories"],"share_on_mastodon":{"url":"https:\/\/pubeurope.com\/@lt\/115831162968842226","error":""},"_links":{"self":[{"href":"https:\/\/www.europesays.com\/lt\/wp-json\/wp\/v2\/posts\/75432","targetHints":{"allow":["GET"]}}],"collection":[{"href":"https:\/\/www.europesays.com\/lt\/wp-json\/wp\/v2\/posts"}],"about":[{"href":"https:\/\/www.europesays.com\/lt\/wp-json\/wp\/v2\/types\/post"}],"author":[{"embeddable":true,"href":"https:\/\/www.europesays.com\/lt\/wp-json\/wp\/v2\/users\/2"}],"replies":[{"embeddable":true,"href":"https:\/\/www.europesays.com\/lt\/wp-json\/wp\/v2\/comments?post=75432"}],"version-history":[{"count":0,"href":"https:\/\/www.europesays.com\/lt\/wp-json\/wp\/v2\/posts\/75432\/revisions"}],"wp:featuredmedia":[{"embeddable":true,"href":"https:\/\/www.europesays.com\/lt\/wp-json\/wp\/v2\/media\/75433"}],"wp:attachment":[{"href":"https:\/\/www.europesays.com\/lt\/wp-json\/wp\/v2\/media?parent=75432"}],"wp:term":[{"taxonomy":"category","embeddable":true,"href":"https:\/\/www.europesays.com\/lt\/wp-json\/wp\/v2\/categories?post=75432"},{"taxonomy":"post_tag","embeddable":true,"href":"https:\/\/www.europesays.com\/lt\/wp-json\/wp\/v2\/tags?post=75432"}],"curies":[{"name":"wp","href":"https:\/\/api.w.org\/{rel}","templated":true}]}}