{"id":75549,"date":"2026-01-03T14:43:07","date_gmt":"2026-01-03T14:43:07","guid":{"rendered":"https:\/\/www.europesays.com\/lt\/75549\/"},"modified":"2026-01-03T14:43:07","modified_gmt":"2026-01-03T14:43:07","slug":"apklausa-kas-antras-salies-gyventojas-sventinius-fejerverkus-laiko-kelianciais-pavoju-delfi","status":"publish","type":"post","link":"https:\/\/www.europesays.com\/lt\/75549\/","title":{"rendered":"Apklausa: kas antras \u0161alies gyventojas \u0161ventinius fejerverkus laiko kelian\u010diais pavoj\u0173 &#8211; Delfi"},"content":{"rendered":"<ol>\n<li><a href=\"https:\/\/news.google.com\/rss\/articles\/CBMi0gFBVV95cUxQMW52OUkxbGhjdDNabWdWMTRJQTd3ZlNIYTZyRHJCeFNVZ2M4Uk50NHRTak5WaVBNVDdSbzNuOE1iLXExVmhYN3ZPWWF4WEJ6VEhKZTlabE0wek1kNFFBX3F4YnFqVU5wQ1ZtUzlUNnBRTzllVXRtV0c0N0VJb2ZBZGhDekRsMlg1Y0RkVUpOeG5xR2s4OERwRXFPLTNMT1AtUldkWXJvQVYyY2EzdDU3S2hnN2hxcDY1ak9LVkJlT2VUbFR1dmZMM1NrSndWV2Z6aVE?oc=5\" target=\"_blank\" rel=\"nofollow noopener\">Apklausa: kas antras \u0161alies gyventojas \u0161ventinius fejerverkus laiko kelian\u010diais pavoj\u0173<\/a>&nbsp;&nbsp;Delfi<\/li>\n<li><a href=\"https:\/\/news.google.com\/rss\/articles\/CBMiwAFBVV95cUxNellxbEpYV0NXR3pqQWlMektaNFR0elV2TC1ENVBTTFltN1pEeWZwdHdLc2RLWDVCUkUzOUFTb2hGUERxMHNuTGM0NFYxWFhuZDA3UVZZWDVweGZXSHVUVTlwY2JlTTJLR3Fta241LVBsbmR3Sk9iX0I2b3hYLUhhcUVVMWtUeG5yODlEdm9hOXk2YXBRQWJkOVFpRGdFV2ZIOEU2XzdXWmp6N1U4Nnk3YnpxclZ4SkdnYmJDOXR5Nk4?oc=5\" target=\"_blank\" rel=\"nofollow noopener\">Fejerverk\u0173 ribojimas \u2013 ne visada tvariausias sprendimas: kokios rizikos i\u0161lieka?<\/a>&nbsp;&nbsp;LRT<\/li>\n<li><a href=\"https:\/\/news.google.com\/rss\/articles\/CBMiqwFBVV95cUxQck96ZFZuX2JpYkxnY1ItOG1DZVF0N2Q4SUl3R3NRQnhZT3BWTG53MlJsVF9zM2F4eDZPRHdpYkNwbkhFakxWZ1c3TURETmI4TVdjS0t3czFfb0FDRzEtY3ZfajhaYzU4SWR2SGk1aEhRQlh2bXlXNG5jcVF4MGJhbDBZUml4MTdldTNCOThBTVFBUnpsNDgya2I3NTVPWThXc3lwTVBlYUwtS0E?oc=5\" target=\"_blank\" rel=\"nofollow noopener\">Kaune bus \u0161audomi fejerverkai: kok\u012f chemin\u012f p\u0117dsak\u0105 jie paliks?<\/a>&nbsp;&nbsp;Kas vyksta Kaune<\/li>\n<li><a href=\"https:\/\/news.google.com\/rss\/articles\/CBMi0wFBVV95cUxPdVVZQjN0cTVxWkxJU0dOTzNvNXNZZkEza2FWVmFWbGNadjFjOWN3di1qdHlOaEVHbWVkV05ORTlBa1hLdnA2ZThNQ1UzcjJBMExhaWpMdGpYVWpJd2tfYmhYRUM0S25sQmhBcmgtaWR3TVFRRG41UmhhZWxlZVlKa0x2Yk1PV3FxMjhSTVdCdUtCVjAxU3dzUFBYdGVXRmZBM19nQnBBMkNpdDh1YkNFTVBPSEcyQlJpVGd0cm9JaEEySEdJeWJTMDFVdjNKMWJQV01V?oc=5\" target=\"_blank\" rel=\"nofollow noopener\">Ugniagesiai: leid\u017eiant fejerverkus svarbu \u012fvertinti gamtines s\u0105lygas<\/a>&nbsp;&nbsp;Lrytas<\/li>\n<li><a href=\"https:\/\/news.google.com\/rss\/articles\/CBMiwwFBVV95cUxQWmprTE5FLTdxaDJ4aHpDUVVxOTduaDRleDkwdnpPM2pHLV8yelVOZWg2WEdJVDBMNHdIcHpVNk1vVTFRcTdjeDJWZ0NqcWJmOG80ejFWY3o0RFBXdFZMbmJ3bEs2WUllV1hOMWI5d0wyTUY3Q252UGwtV1RaWFBWRGRLQkxnSUVOZUpyVXJUaU8wY2hFUW4tR013NWJUNTAySFlycFJVNmhtMG9uWGFCc0dmaWRmVnpQOEo5SW5EdkxlbWs?oc=5\" target=\"_blank\" rel=\"nofollow noopener\">Kai gyventojams \u0161vent\u0117 tampa pavojumi: kaip atsakingai tvarkyti panaudotus fejerverkus?<\/a>&nbsp;&nbsp;\u016akininko patar\u0117jas<\/li>\n<\/ol>\n","protected":false},"excerpt":{"rendered":"Apklausa: kas antras \u0161alies gyventojas \u0161ventinius fejerverkus laiko kelian\u010diais pavoj\u0173&nbsp;&nbsp;Delfi Fejerverk\u0173 ribojimas \u2013 ne visada tvariausias sprendimas: kokios&hellip;\n","protected":false},"author":2,"featured_media":73743,"comment_status":"","ping_status":"","sticky":false,"template":"","format":"standard","meta":{"footnotes":"","_share_on_mastodon":"0"},"categories":[13],"tags":[25,30,31,34,35,8803,24,32,33,37,39,36,38,40,23,22,28,29,26,27],"class_list":["post-75549","post","type-post","status-publish","format-standard","has-post-thumbnail","category-lietuva","tag-antrastes","tag-breaking-news","tag-breakingnews","tag-featured-news","tag-featurednews","tag-fejerverkai","tag-headlines","tag-latest-news","tag-latestnews","tag-lietuva","tag-lietuviu","tag-lithuania","tag-lithuanian","tag-lt","tag-naujienos","tag-news","tag-populiariausios-naujienos","tag-populiariausiosnaujienos","tag-top-stories","tag-topstories"],"share_on_mastodon":{"url":"https:\/\/pubeurope.com\/@lt\/115831701695940945","error":""},"_links":{"self":[{"href":"https:\/\/www.europesays.com\/lt\/wp-json\/wp\/v2\/posts\/75549","targetHints":{"allow":["GET"]}}],"collection":[{"href":"https:\/\/www.europesays.com\/lt\/wp-json\/wp\/v2\/posts"}],"about":[{"href":"https:\/\/www.europesays.com\/lt\/wp-json\/wp\/v2\/types\/post"}],"author":[{"embeddable":true,"href":"https:\/\/www.europesays.com\/lt\/wp-json\/wp\/v2\/users\/2"}],"replies":[{"embeddable":true,"href":"https:\/\/www.europesays.com\/lt\/wp-json\/wp\/v2\/comments?post=75549"}],"version-history":[{"count":0,"href":"https:\/\/www.europesays.com\/lt\/wp-json\/wp\/v2\/posts\/75549\/revisions"}],"wp:featuredmedia":[{"embeddable":true,"href":"https:\/\/www.europesays.com\/lt\/wp-json\/wp\/v2\/media\/73743"}],"wp:attachment":[{"href":"https:\/\/www.europesays.com\/lt\/wp-json\/wp\/v2\/media?parent=75549"}],"wp:term":[{"taxonomy":"category","embeddable":true,"href":"https:\/\/www.europesays.com\/lt\/wp-json\/wp\/v2\/categories?post=75549"},{"taxonomy":"post_tag","embeddable":true,"href":"https:\/\/www.europesays.com\/lt\/wp-json\/wp\/v2\/tags?post=75549"}],"curies":[{"name":"wp","href":"https:\/\/api.w.org\/{rel}","templated":true}]}}